{"id":742210,"date":"2026-09-01T14:50:12","date_gmt":"2026-09-01T14:50:12","guid":{"rendered":"https:\/\/www.europesays.com\/es\/742210\/"},"modified":"2026-09-01T14:50:12","modified_gmt":"2026-09-01T14:50:12","slug":"el-verano-mas-calido-de-la-historia-de-espana-se-extiende-a-septiembre-clima-y-medio-ambiente","status":"publish","type":"post","link":"https:\/\/www.europesays.com\/es\/742210\/","title":{"rendered":"El verano m\u00e1s c\u00e1lido de la historia de Espa\u00f1a se extiende a septiembre | Clima y Medio Ambiente"},"content":{"rendered":"<p class=\"\">El verano m\u00e1s c\u00e1lido de la historia de Espa\u00f1a no acaba. Despu\u00e9s del respiro de los \u00faltimos d\u00edas, con temperaturas pr\u00f3ximas a los valores normales, incluso por debajo de las habituales en las vertientes atl\u00e1ntica y cant\u00e1brica de la Pen\u00ednsula; a partir de este mi\u00e9rcoles, vuelve el calor. Las temperaturas subir\u00e1n \u201chasta alcanzar valores muy elevados para la \u00e9poca del a\u00f1o\u201d, ha detallado la Agencia Estatal de Meteorolog\u00eda (Aemet) en un comunicado. Aunque este ascenso \u201cmuy probablemente\u201d no dar\u00e1n lugar a una ola de calor \u2015episodios de tres o m\u00e1s d\u00edas consecutivos en los que un 10% de las estaciones de la Agencia reflejan una temperatura m\u00e1xima que iguala o supera la de referencia\u2015, se espera un \u201cimportante\u201d nivel de peligro para la salud durante las horas centrales, adem\u00e1s de noches muy c\u00e1lidas. <\/p>\n<p class=\"\">\u201cA partir del mi\u00e9rcoles 2, con la presencia de una dana al suroeste peninsular, tendr\u00e1 lugar la entrada de una masa de aire c\u00e1lido, seco y con polvo en suspensi\u00f3n sobre buena parte de la Pen\u00ednsula y Baleares\u201d, han detallado desde la Aemet, \u201cjunto con la elevada insolaci\u00f3n, se dar\u00e1 un ascenso progresivo de las temperaturas\u201d. <a href=\"https:\/\/elpais.com\/el-tiempo\/2026-08-31\/septiembre-arranca-con-calor-de-pleno-verano-43-grados-en-la-mitad-sur-y-40-en-la-norte.html\" target=\"_blank\" rel=\"noreferrer nofollow noopener\" title=\"https:\/\/elpais.com\/el-tiempo\/2026-08-31\/septiembre-arranca-con-calor-de-pleno-verano-43-grados-en-la-mitad-sur-y-40-en-la-norte.html\">La situaci\u00f3n de temperaturas inusualmente altas se mantendr\u00e1 hasta el viernes<\/a>, aunque podr\u00eda extenderse debido a la \u201calta incertidumbre\u201d con respecto a la evoluci\u00f3n de la dana a partir de ese d\u00eda. <\/p>\n<p class=\"\">Asimismo, es posible que el episodio vaya acompa\u00f1ado de tormentas vespertinas secas, mientras que el riesgo de incendio se situar\u00e1 en valores extremos. A 31 de agosto, el Ministerio para la Transici\u00f3n Ecol\u00f3gica y Reto Demogr\u00e1fico (Miteco) cifr\u00f3 en 264.656 hect\u00e1reas la superficie afectada por el fuego en Espa\u00f1a, que ha sufrido 44 grandes incendios. <\/p>\n<p class=\"\">Este mi\u00e9rcoles, los term\u00f3metros registrar\u00e1n un ascenso generalizado, con valores cercanos a los 36\u00baC en valles de la mitad sur peninsular y alcanzando los 39 en el valle del Guadalquivir. En el valle del Ebro, depresiones del nordeste peninsular e interior de Mallorca rondar\u00e1n los 35. El jueves el fen\u00f3meno se intensifica y se prev\u00e9n m\u00e1ximas de 40 grados en los valles de la mitad sur e incluso llegar a los 42 en el Guadalquivir. En zonas bajas del nordeste peninsular y el valle del Ebro se alcanzar\u00e1n los 37, mientras que en amplias zonas de la meseta norte superar\u00e1n los 34\u00baC. \u201cLas temperaturas m\u00ednimas tambi\u00e9n ser\u00e1n superiores a las normales, con noches tropicales en buena parte de la mitad sur peninsular y litoral mediterr\u00e1neo\u201d, avisan desde la Aemet.<\/p>\n<p class=\"\">A partir del viernes, la incertidumbre aumenta debido a la evoluci\u00f3n de la dana y a que en el suroeste de la Pen\u00ednsula la nubosidad aumentar\u00e1 pudiendo llegar a producir tormentas con polvo en suspensi\u00f3n. \u201cEstos factores a\u00f1aden m\u00e1s incertidumbre al comportamiento de las temperaturas\u201d, inciden desde la Agencia, \u201ccon la informaci\u00f3n actual es probable que los valores diurnos sigan subiendo en el \u00e1rea mediterr\u00e1nea y \u00e1rea cant\u00e1brica\u201d, mientras que empezar\u00edan a descender por el oeste debido a un flujo atl\u00e1ntico m\u00e1s fresco. A partir del s\u00e1bado, la Aemet prev\u00e9 un paulatino descenso de las temperaturas. <\/p>\n<p class=\"\">Por consecuencia del calor durante los tres meses de verano meteorol\u00f3gico, que abarca desde el 1 de junio al 31 de agosto, <a href=\"https:\/\/elpais.com\/clima-y-medio-ambiente\/cambio-climatico\/2026-09-01\/verano-desbocado-en-espana-el-mas-calido-registrado-hasta-ahora-y-el-mas-mortifero-con-mas-de-5000-fallecidos.html\" target=\"_blank\" rel=\"noreferrer nofollow noopener\" title=\"https:\/\/elpais.com\/clima-y-medio-ambiente\/cambio-climatico\/2026-09-01\/verano-desbocado-en-espana-el-mas-calido-registrado-hasta-ahora-y-el-mas-mortifero-con-mas-de-5000-fallecidos.html\">han muerto en Espa\u00f1a 5.111 personas<\/a>, seg\u00fan los datos del <a href=\"https:\/\/momo.isciii.es\/panel_momo\/\" rel=\"nofollow noopener\" title=\"https:\/\/momo.isciii.es\/panel_momo\/\" target=\"_blank\">Sistema de Monitorizaci\u00f3n de la Mortalidad Diaria (MoMo)<\/a>, del Instituto de Salud Carlos III y el Ministerio de Sanidad. Fueron 937 en junio, 2.025 en julio y 2.149 en agosto. Si a estas cifras se suman las 123 muertes de mayo, cuando se produjo un temprano episodio de calor extremo, la cifra de este periodo estival que computa Sanidad llega a las 5.234.<\/p>\n<p class=\"\">Por otro lado, <a href=\"https:\/\/elpais.com\/clima-y-medio-ambiente\/2026-09-01\/la-bomba-climatica-de-unos-mares-extremadamente-calientes-cada-vez-hay-mas-papeletas-para-una-dana-como-la-de-2024.html\" target=\"_blank\" rel=\"noreferrer nofollow noopener\" title=\"https:\/\/elpais.com\/clima-y-medio-ambiente\/2026-09-01\/la-bomba-climatica-de-unos-mares-extremadamente-calientes-cada-vez-hay-mas-papeletas-para-una-dana-como-la-de-2024.html\">los oc\u00e9anos tambi\u00e9n sufren el calor<\/a>, exacerbado este a\u00f1o por los efectos de un <a href=\"https:\/\/elpais.com\/clima-y-medio-ambiente\/2026-08-27\/el-pacifico-registra-el-nino-mas-intenso-en-el-ultimo-milenio-debido-al-cambio-climatico-estamos-contra-el-reloj.html\" rel=\"nofollow noopener\" title=\"https:\/\/elpais.com\/clima-y-medio-ambiente\/2026-08-27\/el-pacifico-registra-el-nino-mas-intenso-en-el-ultimo-milenio-debido-al-cambio-climatico-estamos-contra-el-reloj.html\" target=\"_blank\">s\u00faperNi\u00f1o<\/a>. Tras meses de marcas extraordinarias, el 22 de agosto se bati\u00f3 el r\u00e9cord de temperatura diaria m\u00e1s alta en la superficie oce\u00e1nica desde que hay registros: <a href=\"https:\/\/elpais.com\/clima-y-medio-ambiente\/2026-08-24\/los-oceanos-del-planeta-registran-la-temperatura-mas-alta-desde-que-hay-datos.html\" rel=\"nofollow noopener\" title=\"https:\/\/elpais.com\/clima-y-medio-ambiente\/2026-08-24\/los-oceanos-del-planeta-registran-la-temperatura-mas-alta-desde-que-hay-datos.html\" target=\"_blank\">21,1 grados<\/a>. Nunca antes se hab\u00eda medido una media del agua del mar tan caliente y esto, adem\u00e1s de tener consecuencias nefastas para el ecosistema marino, convierte los mares en una bomba clim\u00e1tica. \u201cCada vez tenemos m\u00e1s papeletas para que en Espa\u00f1a vuelva a suceder algo grave como [la dana que ocurri\u00f3] en 2024\u2033, incide Juan Jes\u00fas Gonz\u00e1lez Alem\u00e1n, meteor\u00f3logo de la Aemet.<\/p>\n","protected":false},"excerpt":{"rendered":"El verano m\u00e1s c\u00e1lido de la historia de Espa\u00f1a no acaba. Despu\u00e9s del respiro de los \u00faltimos d\u00edas,&hellip;\n","protected":false},"author":2,"featured_media":742211,"comment_status":"","ping_status":"","sticky":false,"template":"","format":"standard","meta":{"footnotes":""},"categories":[8],"tags":[2980,17,18,4922,13193,12226,25,24,13,14,11,19,20,6688,9,10,15,16,13190,492,23,13191,12,21,22],"class_list":["post-742210","post","type-post","status-publish","format-standard","has-post-thumbnail","category-espana","tag-aemet","tag-breaking-news","tag-breakingnews","tag-calor","tag-el-tiempo","tag-emergencia-climatica","tag-es","tag-espana","tag-featured-news","tag-featurednews","tag-headlines","tag-latest-news","tag-latestnews","tag-medio-ambiente","tag-news","tag-noticias","tag-noticias-destacadas","tag-noticiasdestacadas","tag-olas-calor","tag-sociedad","tag-spain","tag-temperaturas-maximas","tag-titulares","tag-ultimas-noticias","tag-ultimasnoticias"],"share_on_mastodon":{"url":"https:\/\/pubeurope.com\/@es\/117196346002513707","error":""},"_links":{"self":[{"href":"https:\/\/www.europesays.com\/es\/wp-json\/wp\/v2\/posts\/742210","targetHints":{"allow":["GET"]}}],"collection":[{"href":"https:\/\/www.europesays.com\/es\/wp-json\/wp\/v2\/posts"}],"about":[{"href":"https:\/\/www.europesays.com\/es\/wp-json\/wp\/v2\/types\/post"}],"author":[{"embeddable":true,"href":"https:\/\/www.europesays.com\/es\/wp-json\/wp\/v2\/users\/2"}],"replies":[{"embeddable":true,"href":"https:\/\/www.europesays.com\/es\/wp-json\/wp\/v2\/comments?post=742210"}],"version-history":[{"count":0,"href":"https:\/\/www.europesays.com\/es\/wp-json\/wp\/v2\/posts\/742210\/revisions"}],"wp:featuredmedia":[{"embeddable":true,"href":"https:\/\/www.europesays.com\/es\/wp-json\/wp\/v2\/media\/742211"}],"wp:attachment":[{"href":"https:\/\/www.europesays.com\/es\/wp-json\/wp\/v2\/media?parent=742210"}],"wp:term":[{"taxonomy":"category","embeddable":true,"href":"https:\/\/www.europesays.com\/es\/wp-json\/wp\/v2\/categories?post=742210"},{"taxonomy":"post_tag","embeddable":true,"href":"https:\/\/www.europesays.com\/es\/wp-json\/wp\/v2\/tags?post=742210"}],"curies":[{"name":"wp","href":"https:\/\/api.w.org\/{rel}","templated":true}]}}