{"id":742214,"date":"2026-09-01T15:04:12","date_gmt":"2026-09-01T15:04:12","guid":{"rendered":"https:\/\/www.europesays.com\/es\/742214\/"},"modified":"2026-09-01T15:04:12","modified_gmt":"2026-09-01T15:04:12","slug":"el-deportivo-acelera-para-incorporar-a-gimenez-central-del-atletico-de-madrid-futbol","status":"publish","type":"post","link":"https:\/\/www.europesays.com\/es\/742214\/","title":{"rendered":"El Deportivo acelera para incorporar a Gim\u00e9nez, central del Atl\u00e9tico de Madrid | F\u00fatbol"},"content":{"rendered":"<p class=\"loc\">A Coru\u00f1a<\/p>\n<p>El Deportivo centra sus esfuerzos del \u00faltimo d\u00eda de mercado en cerrar la llegada de Jos\u00e9 Mar\u00eda Gim\u00e9nez, central uruguayo del Atl\u00e9tico de Madrid. La intenci\u00f3n es liberar masa salarial para encajar la llegada a pr\u00e9stamo de un experimentado defensa que completar\u00eda una demarcaci\u00f3n donde el D\u00e9por destaca por su juventud. Los coru\u00f1eses ya tienen un pacto con el Atl\u00e9tico de Madrid y s\u00f3lo falta el visto bueno del jugador para cerrar el acuerdo. Valencia y especialmente Sevilla han presentado sus ofertas pero los hispalenses carecen de liquidez para afrontar la operaci\u00f3n. La intenci\u00f3n del Atl\u00e9tico es prorrogar el contrato del central por una temporada, le quedan dos de contrato, para compensar las cantidades que perder\u00eda saliendo a pr\u00e9stamo esta temporada. <\/p>\n<p>M\u00e1s informaci\u00f3n<\/p>\n<p>Jos\u00e9 Mar\u00eda Gim\u00e9nez es un defensa central uguguayo, de 31 a\u00f1os, que pese a que en los \u00faltimos a\u00f1os ha perdido protagonismo a las \u00f3rdenes del Cholo Simeone, tiene una innegable experiencia. En la \u00faltima temporada disput\u00f3 16 partidos de liga y 6 de Champions League, cifras que suben hasta los 27 en LaLiga y 8 en Europa en la 2024\/25. En lo que va de la presente campa\u00f1a ha participado en 35 minutos repartidos en dos encuentros. <\/p>\n<p>La \u00faltima temporada de Gim\u00e9nez en el club colchonero ha sido irregular. Sufri\u00f3 una lesi\u00f3n en el Mundial de Clubes que le hizo perder el paso en la lucha por la titularidad. A\u00fan as\u00ed, los 22 partidos disputados en la \u00e9lite son una magn\u00edfica carta de presentaci\u00f3n. Acudi\u00f3 al Mundial de este verano aunque Bielsa no le concedi\u00f3 un solo minuto, regresando en blanco. A Gim\u00e9nez le quedan dos a\u00f1os de contrato con los colchoneros y todo indica que el actual lo pasar\u00e1 vistiendo la camiseta blanquiazul.<\/p>\n<p>Para entrar, hay que buscar salidas<\/p>\n<p>A nivel econ\u00f3mico, el club trabaja para encajar el pr\u00e9stamo de Gim\u00e9nez. Para eso necesita buscar salidas de los jugadores que no cuentan para Antonio Hidalgo. Tras la cesi\u00f3n de Pati\u00f1o al Bochum, los pr\u00f3ximos movimientos afectar\u00e1n a Jos\u00e9 \u00c1ngel y Eric Puerto. <\/p>\n<p>El centrocampista abandonar\u00e1 A Coru\u00f1a tras rescindir su contrato, mientras que el portero apunta a que llegar\u00e1 al Penafiel portugu\u00e9s siempre y cuando salga del club luso Femen\u00eda, uno de los guardametas que tienen en el plantel. No parece que vaya a haber novedades con un Dani Barcia que, de confirmarse el aterrizaje de Gim\u00e9nez, se quedar\u00eda como sexto central. La baja de Arnau Comas, con inter\u00e9s del Anderlecht, lo convertir\u00eda en el quinto y a\u00fan as\u00ed le dejar\u00eda escasas opciones de estrenarse en Riazor.<\/p>\n","protected":false},"excerpt":{"rendered":"A Coru\u00f1a El Deportivo centra sus esfuerzos del \u00faltimo d\u00eda de mercado en cerrar la llegada de Jos\u00e9&hellip;\n","protected":false},"author":2,"featured_media":742215,"comment_status":"","ping_status":"","sticky":false,"template":"","format":"standard","meta":{"footnotes":""},"categories":[268],"tags":[98479,3409,168,25,24,44194,131636,280,282,281,23,167,131637],"class_list":["post-742214","post","type-post","status-publish","format-standard","has-post-thumbnail","category-futbol","tag-atltico-madrid","tag-atletico-de-madrid","tag-deportes","tag-es","tag-espana","tag-estadio-metropolitano","tag-fc-internazionale-milano","tag-football","tag-futbol","tag-soccer","tag-spain","tag-sports","tag-uefa-champions-league-202526-league-phase-md5"],"share_on_mastodon":{"url":"https:\/\/pubeurope.com\/@es\/117196401436271194","error":""},"_links":{"self":[{"href":"https:\/\/www.europesays.com\/es\/wp-json\/wp\/v2\/posts\/742214","targetHints":{"allow":["GET"]}}],"collection":[{"href":"https:\/\/www.europesays.com\/es\/wp-json\/wp\/v2\/posts"}],"about":[{"href":"https:\/\/www.europesays.com\/es\/wp-json\/wp\/v2\/types\/post"}],"author":[{"embeddable":true,"href":"https:\/\/www.europesays.com\/es\/wp-json\/wp\/v2\/users\/2"}],"replies":[{"embeddable":true,"href":"https:\/\/www.europesays.com\/es\/wp-json\/wp\/v2\/comments?post=742214"}],"version-history":[{"count":0,"href":"https:\/\/www.europesays.com\/es\/wp-json\/wp\/v2\/posts\/742214\/revisions"}],"wp:featuredmedia":[{"embeddable":true,"href":"https:\/\/www.europesays.com\/es\/wp-json\/wp\/v2\/media\/742215"}],"wp:attachment":[{"href":"https:\/\/www.europesays.com\/es\/wp-json\/wp\/v2\/media?parent=742214"}],"wp:term":[{"taxonomy":"category","embeddable":true,"href":"https:\/\/www.europesays.com\/es\/wp-json\/wp\/v2\/categories?post=742214"},{"taxonomy":"post_tag","embeddable":true,"href":"https:\/\/www.europesays.com\/es\/wp-json\/wp\/v2\/tags?post=742214"}],"curies":[{"name":"wp","href":"https:\/\/api.w.org\/{rel}","templated":true}]}}