{"id":742226,"date":"2026-09-01T15:11:24","date_gmt":"2026-09-01T15:11:24","guid":{"rendered":"https:\/\/www.europesays.com\/es\/742226\/"},"modified":"2026-09-01T15:11:24","modified_gmt":"2026-09-01T15:11:24","slug":"la-presentacion-de-gabriel-jesus-en-directo-sigue-en-vivo-la-ultima-hora-del-ultimo-fichaje-del-barca","status":"publish","type":"post","link":"https:\/\/www.europesays.com\/es\/742226\/","title":{"rendered":"La presentaci\u00f3n de Gabriel Jes\u00fas, en directo: sigue en vivo la \u00faltima hora del \u00faltimo fichaje del Bar\u00e7a"},"content":{"rendered":"<p class=\"ft-text\">\u00abTengo las mejores sensaciones. Es un sue\u00f1o estar aqu\u00ed desde que era ni\u00f1o. <strong>Tengo mucha ilusi\u00f3n por entrenar y jugar con compa\u00f1eros de primer nivel. <\/strong>Mis excompa\u00f1eros, como Rodri, Cancelo, Raphinha y Eric, me ayudar\u00e1n. He escuchado muy buenas cosas del vestuario. Quieren que gane el Bar\u00e7a, que es el objetivo, adem\u00e1s de ayudar, marcar goles y demostrar todas mis cualidades.<\/p>\n<p class=\"ft-text\">\u00ab<strong>Quiero poner el nombre del Bar\u00e7a arriba y ganar muchos t\u00edtulos.<\/strong> Nunca he jugado contra el Bar\u00e7a en un partido oficial, solo en amistosos. Es un sue\u00f1o porque he visto muchos partidos del Bar\u00e7a y<strong> ahora es un sue\u00f1o jugar en el Spotify Camp Nou.<\/strong><\/p>\n<p class=\"ft-text\">\u00abUn mensaje para los cul\u00e9s: <strong>me ver\u00e9is pronto.<\/strong> Voy a darlo todo, ir\u00e9 a por todos los balones. Quiero ayudar a mis compa\u00f1eros con goles, asistencias, recuperaciones y tambi\u00e9n defendiendo. Siempre lo doy todo y entrego toda mi alma.\u00bb<\/p>\n","protected":false},"excerpt":{"rendered":"\u00abTengo las mejores sensaciones. Es un sue\u00f1o estar aqu\u00ed desde que era ni\u00f1o. Tengo mucha ilusi\u00f3n por entrenar&hellip;\n","protected":false},"author":2,"featured_media":742227,"comment_status":"","ping_status":"","sticky":false,"template":"","format":"standard","meta":{"footnotes":""},"categories":[93],"tags":[2296,210,168,2125,25,24,35871,5782,2436,23,167,1852],"class_list":["post-742226","post","type-post","status-publish","format-standard","has-post-thumbnail","category-deportes","tag-barca","tag-barcelona","tag-deportes","tag-directo","tag-es","tag-espana","tag-gabriel","tag-jesus","tag-presentacion","tag-spain","tag-sports","tag-vivo"],"share_on_mastodon":{"url":"https:\/\/pubeurope.com\/@es\/117196428825315142","error":""},"_links":{"self":[{"href":"https:\/\/www.europesays.com\/es\/wp-json\/wp\/v2\/posts\/742226","targetHints":{"allow":["GET"]}}],"collection":[{"href":"https:\/\/www.europesays.com\/es\/wp-json\/wp\/v2\/posts"}],"about":[{"href":"https:\/\/www.europesays.com\/es\/wp-json\/wp\/v2\/types\/post"}],"author":[{"embeddable":true,"href":"https:\/\/www.europesays.com\/es\/wp-json\/wp\/v2\/users\/2"}],"replies":[{"embeddable":true,"href":"https:\/\/www.europesays.com\/es\/wp-json\/wp\/v2\/comments?post=742226"}],"version-history":[{"count":0,"href":"https:\/\/www.europesays.com\/es\/wp-json\/wp\/v2\/posts\/742226\/revisions"}],"wp:featuredmedia":[{"embeddable":true,"href":"https:\/\/www.europesays.com\/es\/wp-json\/wp\/v2\/media\/742227"}],"wp:attachment":[{"href":"https:\/\/www.europesays.com\/es\/wp-json\/wp\/v2\/media?parent=742226"}],"wp:term":[{"taxonomy":"category","embeddable":true,"href":"https:\/\/www.europesays.com\/es\/wp-json\/wp\/v2\/categories?post=742226"},{"taxonomy":"post_tag","embeddable":true,"href":"https:\/\/www.europesays.com\/es\/wp-json\/wp\/v2\/tags?post=742226"}],"curies":[{"name":"wp","href":"https:\/\/api.w.org\/{rel}","templated":true}]}}