{"id":742228,"date":"2026-09-01T15:12:17","date_gmt":"2026-09-01T15:12:17","guid":{"rendered":"https:\/\/www.europesays.com\/es\/742228\/"},"modified":"2026-09-01T15:12:17","modified_gmt":"2026-09-01T15:12:17","slug":"uno-de-cada-13-jovenes-ya-tiene-aterosclerosis-esto-es-lo-que-significa","status":"publish","type":"post","link":"https:\/\/www.europesays.com\/es\/742228\/","title":{"rendered":"Uno de cada 13 j\u00f3venes ya tiene aterosclerosis: esto es lo que significa"},"content":{"rendered":"<p>\n        La <strong>aterosclerosis es responsable de la mayor\u00eda de los <\/strong><a href=\"https:\/\/www.noticiasdenavarra.com\/tags\/infartos\/\" title=\"infartos\" class=\"link copy\" rel=\"nofollow noopener\" target=\"_blank\"><strong>infartos<\/strong><\/a><strong> de miocardio e ictus<\/strong>, y lo que mucha gente no sabe es que puede estar presente desde edades muy tempranas, incluso en personas aparentemente sanas.\n<\/p>\n<p class=\"article-body__text \">\n        La aterosclerosis es un proceso en el que<strong> se acumulan <\/strong><a href=\"https:\/\/www.noticiasdenavarra.com\/tags\/colesterol\/\" title=\"colesterol\" class=\"link copy\" rel=\"nofollow noopener\" target=\"_blank\"><strong>colesterol<\/strong><\/a><strong>, grasas, c\u00e9lulas inflamatorias y otros materiales en la pared de las arterias, formando las denominadas placas de ateroma<\/strong>. Estas placas pueden permanecer silenciosas durante a\u00f1os, pero tambi\u00e9n pueden crecer, estrechar las arterias o romperse y provocar la formaci\u00f3n de un co\u00e1gulo.\n<\/p>\n<p class=\"article-body__text \">\n        Cuando este proceso afecta a las arterias coronarias puede desencadenar un <strong>infarto de miocardio<\/strong>. Si compromete las arterias que suministran sangre al cerebro, puede contribuir a provocar un <strong>ictus isqu\u00e9mico<\/strong>.\n<\/p>\n<p>  Uno de cada 13 j\u00f3venes<\/p>\n<p class=\"article-body__text \">\n        Los resultados del estudio <strong>React<\/strong>, liderado por el <strong>Centro Nacional de Investigaciones Cardiovasculares (CNIC)<\/strong> y el Rigshospitalet de Copenhague, apuntan a que la enfermedad ya est\u00e1 presente en <strong>uno de cada 13 j\u00f3venes de entre 18 y 29 a\u00f1os<\/strong>.\n<\/p>\n<p class=\"article-body__text \">\n        Seg\u00fan el estudio, la prevalencia de la <strong>aterosclerosis subcl\u00ednica<\/strong> aumenta con la edad, hasta alcanzar a <strong>nueve de cada diez personas entre los 60 y los 70 a\u00f1os<\/strong>.\n<\/p>\n<p class=\"article-body__text \">\n        El director cient\u00edfico del CNIC, <strong>Borja Ib\u00e1\u00f1ez<\/strong>, destaca que estos resultados muestran que <strong>la enfermedad cardiovascular comienza mucho antes de que aparezcan los primeros s\u00edntomas.<\/strong>\n<\/p>\n<p>  \u00bfC\u00f3mo prevenir la aterosclerosis?<\/p>\n<p class=\"article-body__text \">\n        La prevenci\u00f3n debe comenzar cuanto antes, aunque no existan s\u00edntomas. Adoptar <strong>h\u00e1bitos de vida saludables ayuda a proteger las arterias y a controlar los principales factores de riesgo cardiovascular.<\/strong>\n<\/p>\n<p class=\"article-body__text \">\n        Una <a href=\"https:\/\/www.noticiasdenavarra.com\/tags\/alimentacion\/\" title=\"alimentaci\u00f3n\" class=\"link copy\" rel=\"nofollow noopener\" target=\"_blank\">alimentaci\u00f3n<\/a> saludable es fundamental. Se recomienda priorizar <strong>frutas, verduras, legumbres, cereales integrales, frutos secos y pescado, limitar las grasas saturadas y evitar las grasas trans y el exceso de alimentos ultraprocesados, sal y az\u00facares.<\/strong>\n<\/p>\n<p class=\"article-body__text \">\n        Tambi\u00e9n es importante realizar <strong>actividad f\u00edsica de forma regular, evitar el tabaco y mantener un peso saludable<\/strong>.\n<\/p>\n<p class=\"article-body__text \">\n        Controlar la <strong>presi\u00f3n arterial, el <\/strong><a href=\"https:\/\/www.noticiasdenavarra.com\/tags\/colesterol\/\" title=\"colesterol\" class=\"link copy\" rel=\"nofollow noopener\" target=\"_blank\"><strong>colesterol<\/strong><\/a><strong> y la glucosa en sangre<\/strong> permite reducir factores que favorecen el da\u00f1o vascular. <strong>Las personas con factores de riesgo deben seguir las recomendaciones de los profesionales sanitarios y realizar los controles correspondientes<\/strong>.\n<\/p>\n<p class=\"article-photo__footer\">\n            El chequeo cardiovascular detecta aterosclerosis significativa en un 20% de pacientes            EP        <\/p>\n<p>            <a href=\"https:\/\/www.noticiasdenavarra.com\/salud\/2026\/08\/31\/verdad-no-han-contado-colesterol-cardiologo-aurelio-rojas-11486826.html\" title=\"La verdad que no te han contado sobre el colesterol, seg\u00fan el cardi\u00f3logo Aurelio Rojas\" class=\"new__media\" rel=\"nofollow noopener\" target=\"_blank\"><\/p>\n<p>                <img alt=\"La verdad que no te han contado sobre el colesterol, seg\u00fan el cardi\u00f3logo Aurelio Rojas\" data-src=\"https:\/\/www.europesays.com\/es\/wp-content\/uploads\/2026\/09\/48afb6e5-29ac-4c9d-a28d-ea3e57f572c9_16-9-aspect-ratio_default_0.jpg\" class=\"lozad\"\/><\/p>\n<p>        <\/a><\/p>\n<p>        <a href=\"https:\/\/www.noticiasdenavarra.com\/salud\/2026\/08\/31\/verdad-no-han-contado-colesterol-cardiologo-aurelio-rojas-11486826.html\" title=\"La verdad que no te han contado sobre el colesterol, seg\u00fan el cardi\u00f3logo Aurelio Rojas\" class=\"new__headline\" rel=\"nofollow noopener\" target=\"_blank\"><br \/>\n            La verdad que no te han contado sobre el colesterol, seg\u00fan el cardi\u00f3logo Aurelio Rojas<br \/>\n        <\/a><\/p>\n<p>  Detectar la aterosclerosis antes los s\u00edntomas<\/p>\n<p class=\"article-body__text \">\n        Los autores del estudio se\u00f1alan que los <strong>ec\u00f3grafos port\u00e1tiles podr\u00edan convertirse en una herramienta habitual para identificar de forma temprana a personas con aterosclerosis silenciosa, incluso d\u00e9cadas antes de que sufran un <\/strong><a href=\"https:\/\/www.noticiasdenavarra.com\/tags\/cardiologia\/\" title=\"problema cardiovascular\" class=\"link copy\" rel=\"nofollow noopener\" target=\"_blank\"><strong>problema cardiovascular<\/strong><\/a><strong>.<\/strong>\n<\/p>\n<p class=\"article-body__text \">\n        <strong>La detecci\u00f3n precoz, el control de los factores de riesgo y los h\u00e1bitos de vida saludables desempe\u00f1an un papel clave en la prevenci\u00f3n de las enfermedades cardiovasculares.<\/strong><\/p>\n","protected":false},"excerpt":{"rendered":"La aterosclerosis es responsable de la mayor\u00eda de los infartos de miocardio e ictus, y lo que mucha&hellip;\n","protected":false},"author":2,"featured_media":742229,"comment_status":"","ping_status":"","sticky":false,"template":"","format":"standard","meta":{"footnotes":""},"categories":[92],"tags":[12313,10416,11072,2996,25,24,165,29380,433,9249,166,23],"class_list":["post-742228","post","type-post","status-publish","format-standard","has-post-thumbnail","category-salud","tag-12313","tag-aterosclerosis","tag-causa","tag-enfermedad","tag-es","tag-espana","tag-health","tag-infartos","tag-jovenes","tag-presente","tag-salud","tag-spain"],"share_on_mastodon":{"url":"https:\/\/pubeurope.com\/@es\/117196432574774719","error":""},"_links":{"self":[{"href":"https:\/\/www.europesays.com\/es\/wp-json\/wp\/v2\/posts\/742228","targetHints":{"allow":["GET"]}}],"collection":[{"href":"https:\/\/www.europesays.com\/es\/wp-json\/wp\/v2\/posts"}],"about":[{"href":"https:\/\/www.europesays.com\/es\/wp-json\/wp\/v2\/types\/post"}],"author":[{"embeddable":true,"href":"https:\/\/www.europesays.com\/es\/wp-json\/wp\/v2\/users\/2"}],"replies":[{"embeddable":true,"href":"https:\/\/www.europesays.com\/es\/wp-json\/wp\/v2\/comments?post=742228"}],"version-history":[{"count":0,"href":"https:\/\/www.europesays.com\/es\/wp-json\/wp\/v2\/posts\/742228\/revisions"}],"wp:featuredmedia":[{"embeddable":true,"href":"https:\/\/www.europesays.com\/es\/wp-json\/wp\/v2\/media\/742229"}],"wp:attachment":[{"href":"https:\/\/www.europesays.com\/es\/wp-json\/wp\/v2\/media?parent=742228"}],"wp:term":[{"taxonomy":"category","embeddable":true,"href":"https:\/\/www.europesays.com\/es\/wp-json\/wp\/v2\/categories?post=742228"},{"taxonomy":"post_tag","embeddable":true,"href":"https:\/\/www.europesays.com\/es\/wp-json\/wp\/v2\/tags?post=742228"}],"curies":[{"name":"wp","href":"https:\/\/api.w.org\/{rel}","templated":true}]}}