{"id":742234,"date":"2026-09-01T15:15:23","date_gmt":"2026-09-01T15:15:23","guid":{"rendered":"https:\/\/www.europesays.com\/es\/742234\/"},"modified":"2026-09-01T15:15:23","modified_gmt":"2026-09-01T15:15:23","slug":"las-matriculaciones-de-turismos-suben-un-118-en-agosto-la-cuarta-parte-electrificados","status":"publish","type":"post","link":"https:\/\/www.europesays.com\/es\/742234\/","title":{"rendered":"Las matriculaciones de turismos suben un 11,8 % en agosto, la cuarta parte electrificados"},"content":{"rendered":"<p><img decoding=\"async\" class=\"v-ath__i\" loading=\"lazy\" src=\"https:\/\/www.europesays.com\/es\/wp-content\/uploads\/2026\/09\/1788275723_394_autor-5496-foto-3.jpeg\" alt=\"Agencia EFE\"\/><\/p>\n<p>01\/09\/2026 a las 14:03h.<\/p>\n<p class=\"v-d-p\" style=\"\">Madrid, 1 sep (EFECOM).- Las matriculaciones de turismos se incrementaron un 11,8 % en agosto en comparaci\u00f3n con el mismo mes de 2025, hasta 68.544 nuevos registros, de los que algo m\u00e1s de una cuarta parte (27,7 %) correspondieron a coches electrificados (el\u00e9ctricos puros  &#8230; e h\u00edbridos enchufables).  Seg\u00fan las patronales del sector, Ganvam, Faconauto y Anfac, el repunte en este mes de vacaciones se debe al \u00abbuen comportamiento\u00bb del mercado de turismos electrificados, con 9.562 unidades vendidas de el\u00e9ctricos puros (33,6 % m\u00e1s) y 9.631 h\u00edbridos enchufables (21,6 %), para totalizar entre ambos 19.193 unidades.    IMAGEN: ANFAC, GANVAM Y FANONAUTO DECLARACIONES DEL DIRECTOR DE COMUNICACI\u00d3N Y MARKETING DE ANFAC, F\u00c9LIX GARC\u00cdA; EL DIRECTOR DE COMUNICACI\u00d3N DE FACONAUTO, RA\u00daL MORALES, Y TANIA PUCHE, DIRECTORA DE COMUNICACI\u00d3N DE GANVAM.<\/p>\n","protected":false},"excerpt":{"rendered":"01\/09\/2026 a las 14:03h. Madrid, 1 sep (EFECOM).- Las matriculaciones de turismos se incrementaron un 11,8 % en&hellip;\n","protected":false},"author":2,"featured_media":742235,"comment_status":"","ping_status":"","sticky":false,"template":"","format":"standard","meta":{"footnotes":""},"categories":[80],"tags":[131639,296,82,8621,95,94,46247,25,24,11641,863,23,14531,54852],"class_list":["post-742234","post","type-post","status-publish","format-standard","has-post-thumbnail","category-economia","tag-131639","tag-agosto","tag-business","tag-cuarta","tag-economia","tag-economy","tag-electrificados","tag-es","tag-espana","tag-matriculaciones","tag-parte","tag-spain","tag-suben","tag-turismos"],"share_on_mastodon":{"url":"https:\/\/pubeurope.com\/@es\/117196444667123618","error":""},"_links":{"self":[{"href":"https:\/\/www.europesays.com\/es\/wp-json\/wp\/v2\/posts\/742234","targetHints":{"allow":["GET"]}}],"collection":[{"href":"https:\/\/www.europesays.com\/es\/wp-json\/wp\/v2\/posts"}],"about":[{"href":"https:\/\/www.europesays.com\/es\/wp-json\/wp\/v2\/types\/post"}],"author":[{"embeddable":true,"href":"https:\/\/www.europesays.com\/es\/wp-json\/wp\/v2\/users\/2"}],"replies":[{"embeddable":true,"href":"https:\/\/www.europesays.com\/es\/wp-json\/wp\/v2\/comments?post=742234"}],"version-history":[{"count":0,"href":"https:\/\/www.europesays.com\/es\/wp-json\/wp\/v2\/posts\/742234\/revisions"}],"wp:featuredmedia":[{"embeddable":true,"href":"https:\/\/www.europesays.com\/es\/wp-json\/wp\/v2\/media\/742235"}],"wp:attachment":[{"href":"https:\/\/www.europesays.com\/es\/wp-json\/wp\/v2\/media?parent=742234"}],"wp:term":[{"taxonomy":"category","embeddable":true,"href":"https:\/\/www.europesays.com\/es\/wp-json\/wp\/v2\/categories?post=742234"},{"taxonomy":"post_tag","embeddable":true,"href":"https:\/\/www.europesays.com\/es\/wp-json\/wp\/v2\/tags?post=742234"}],"curies":[{"name":"wp","href":"https:\/\/api.w.org\/{rel}","templated":true}]}}