{"id":742264,"date":"2026-09-01T15:42:19","date_gmt":"2026-09-01T15:42:19","guid":{"rendered":"https:\/\/www.europesays.com\/es\/742264\/"},"modified":"2026-09-01T15:42:19","modified_gmt":"2026-09-01T15:42:19","slug":"nexcyia-y-nono-delicalisten-21-distritos","status":"publish","type":"post","link":"https:\/\/www.europesays.com\/es\/742264\/","title":{"rendered":"NEXCYIA y NONO (Delicalisten) \u2013 21 DISTRITOS"},"content":{"rendered":"<p><img decoding=\"async\" src=\"https:\/\/www.europesays.com\/es\/wp-content\/uploads\/2026\/09\/nexcyia-colour-2024--02-2-en-tamanxxo-mediano.jpeg\"\/><\/p>\n<p>El Mirador del T\u00edo P\u00edo se transformar\u00e1 en el escenario de una experiencia \u00fanica al aire libre. La tarde comenzar\u00e1 de la mano de\u00a0<strong>Nono\u00a0<\/strong><strong>(Delicalisten)<\/strong>,\u00a0encargada de abrir la sesi\u00f3n con una delicada selecci\u00f3n sonora ideal para disfrutar de la escucha colectiva.\u00a0A continuaci\u00f3n,\u00a0el artista afroamericano-franc\u00e9s\u00a0<strong>NEXCYIA<\/strong>\u00a0har\u00e1 su esperado debut en Madrid con un concierto\u00a0de m\u00fasica electr\u00f3nica\u00a0dise\u00f1ado para fundirse con la ca\u00edda del sol.\u00a0\u00a0<\/p>\n<p>Esta sesi\u00f3n de m\u00fasica\u00a0ambient\u00a0est\u00e1 pensada como una invitaci\u00f3n a la escucha atenta y consciente. Una propuesta donde el sonido se convierte en un acto terap\u00e9utico y casi ritual,\u00a0invit\u00e1ndote a subirte\u00a0al\u00a0viaje sonoro, relajarte\u00a0y entrar en un estado de meditaci\u00f3n colectiva mientras contemplas\u00a0uno de los atardeceres m\u00e1s m\u00e1gicos de la ciudad.\u00a0<\/p>\n<p>Un concierto al atardecer para detener el tiempo y conectar a trav\u00e9s de la m\u00fasica contemplativa. <\/p>\n<p><strong>Biograf\u00eda<\/strong><\/p>\n<p>NEXCYIA es el proyecto en solitario de Adam Dove, un artista y dise\u00f1ador sonoro franco-estadounidense afincado en Berl\u00edn. Su trabajo combina un dise\u00f1o inmersivo y paisajes sonoros de gran riqueza textural, entrelazando elementos de ruido, s\u00edntesis granular, grabaciones de campo y ritmos que transitan entre el ambient, la m\u00fasica cl\u00e1sica moderna y la experimental. A trav\u00e9s de la manipulaci\u00f3n de samples, sus piezas exploran temas como la alteridad y la pertenencia, invitando al oyente a un viaje sonoro en constante evoluci\u00f3n. Con una notable presencia en medios especializados como The Wire, The Quietus o NTS Radio, ha exhibido y presentado su obra en prestigiosos festivales y espacios de arte contempor\u00e1neo de toda Europa, incluyendo el Barbican Centre y el Institute of Contemporary Art de Londres. <\/p>\n<p>Nono (Noelia Rodr\u00edguez) es una DJ, promotora e investigadora clave en la escena de la m\u00fasica experimental y de vanguardia en Espa\u00f1a. Con una trayectoria que se remonta a los a\u00f1os 90, sus sesiones se mueven entre el club y la escucha atenta, siempre explorando sonidos emergentes y perif\u00e9ricos. Desde hace m\u00e1s de una d\u00e9cada impulsa la plataforma Delicalisten, desde la que ha comisariado y producido prestigiosos ciclos vanguardistas como DNIT (CaixaForum Barcelona) o SoundSet Series (Conde Duque Madrid), adem\u00e1s de colaborar con grandes festivales como MUTEK y Primavera Sound. <\/p>\n","protected":false},"excerpt":{"rendered":"El Mirador del T\u00edo P\u00edo se transformar\u00e1 en el escenario de una experiencia \u00fanica al aire libre. La&hellip;\n","protected":false},"author":2,"featured_media":742265,"comment_status":"","ping_status":"","sticky":false,"template":"","format":"standard","meta":{"footnotes":""},"categories":[91],"tags":[131641,131642,1626,48793,177,27735,209,131640,13776,26524,146,147,25,24,7214,185,41448,128706,76349,23,7830,1651],"class_list":["post-742264","post","type-post","status-publish","format-standard","has-post-thumbnail","category-entretenimiento","tag-actividades-culturales","tag-actividades-gratuitas","tag-barrio","tag-centros-culturales","tag-cine","tag-circo","tag-cultura","tag-cultura-madrid","tag-danza","tag-distrito","tag-entertainment","tag-entretenimiento","tag-es","tag-espana","tag-formacion","tag-musica","tag-planes-con-ninos","tag-planes-fin-de-semana","tag-programacion-cultural","tag-spain","tag-talleres","tag-teatro"],"share_on_mastodon":{"url":"https:\/\/pubeurope.com\/@es\/117196551985768231","error":""},"_links":{"self":[{"href":"https:\/\/www.europesays.com\/es\/wp-json\/wp\/v2\/posts\/742264","targetHints":{"allow":["GET"]}}],"collection":[{"href":"https:\/\/www.europesays.com\/es\/wp-json\/wp\/v2\/posts"}],"about":[{"href":"https:\/\/www.europesays.com\/es\/wp-json\/wp\/v2\/types\/post"}],"author":[{"embeddable":true,"href":"https:\/\/www.europesays.com\/es\/wp-json\/wp\/v2\/users\/2"}],"replies":[{"embeddable":true,"href":"https:\/\/www.europesays.com\/es\/wp-json\/wp\/v2\/comments?post=742264"}],"version-history":[{"count":0,"href":"https:\/\/www.europesays.com\/es\/wp-json\/wp\/v2\/posts\/742264\/revisions"}],"wp:featuredmedia":[{"embeddable":true,"href":"https:\/\/www.europesays.com\/es\/wp-json\/wp\/v2\/media\/742265"}],"wp:attachment":[{"href":"https:\/\/www.europesays.com\/es\/wp-json\/wp\/v2\/media?parent=742264"}],"wp:term":[{"taxonomy":"category","embeddable":true,"href":"https:\/\/www.europesays.com\/es\/wp-json\/wp\/v2\/categories?post=742264"},{"taxonomy":"post_tag","embeddable":true,"href":"https:\/\/www.europesays.com\/es\/wp-json\/wp\/v2\/tags?post=742264"}],"curies":[{"name":"wp","href":"https:\/\/api.w.org\/{rel}","templated":true}]}}