{"id":742312,"date":"2026-09-01T16:17:26","date_gmt":"2026-09-01T16:17:26","guid":{"rendered":"https:\/\/www.europesays.com\/es\/742312\/"},"modified":"2026-09-01T16:17:26","modified_gmt":"2026-09-01T16:17:26","slug":"la-victoria-de-enric-mas-en-la-vuelta-alentara-la-continuidad-del-movistar","status":"publish","type":"post","link":"https:\/\/www.europesays.com\/es\/742312\/","title":{"rendered":"La victoria de Enric Mas en la Vuelta alentar\u00e1 la continuidad del Movistar"},"content":{"rendered":"<p class=\"ft-text\">El futuro del <strong>equipo Movistar<\/strong> podr\u00eda dar un giro positivo en el supuesto de que <a class=\"ft-link ft-link--decoration\" href=\"https:\/\/www.sport.es\/es\/temas\/enric-1855625\" rel=\"nofollow noopener\" target=\"_blank\">Enric Mas<\/a> gane la edici\u00f3n 2026 de <a class=\"ft-link ft-link--decoration\" href=\"https:\/\/www.sport.es\/es\/temas\/vuelta-1840070\" rel=\"nofollow noopener\" target=\"_blank\">la Vuelta<\/a>, seg\u00fan ha podido saber este diario de fuentes pr\u00f3ximas a Telef\u00f3nica. En estos momentos, se trabaja para la incorporaci\u00f3n de un segundo patrocinador, tarea que se ha encargado a la agencia You First Gersh, dirigida por <strong>David Brabender<\/strong>, hijo de la leyenda madridista del baloncesto <strong>Wayne Brabender<\/strong>.<\/p>\n<p class=\"ft-text\">La inversi\u00f3n de <strong>Telef\u00f3nica<\/strong> est\u00e1 garantizada hasta el 31 de diciembre de 2029, pero la continuidad de la escuadra ciclista, m\u00e1s all\u00e1 de esta fecha, no figuraba en los planes de la compa\u00f1\u00eda. Todo puede cambiar si se logra la conquista de la Vuelta, siempre vinculado al hecho de la entrada de una firma comercial como segundo patrocinador. Las conversaciones, en estos momentos, se centran en acabar de convencer a una de las varias marcas que est\u00e1n mostrando inter\u00e9s en entrar a formar parte de la <strong>familia ciclista<\/strong>.<\/p>\n<p>Enric Mas y Paula Blasi<\/p>\n<p class=\"ft-text\"><strong>Enric Mas<\/strong>, por su parte, tiene contrato firmado con el Movistar hasta finales de 2027 y se trabaja en la incorporaci\u00f3n de nuevos corredores. El presupuesto, que se mueve entre los <strong>20 y 25 millones de euros<\/strong>, alejad\u00edsimo de las cifras que mueve el UAE de Tadej Pogacar, siempre es un impedimento para la contrataci\u00f3n de alguna de las grandes figuras del pelot\u00f3n mundial, o al menos para pujar por ellas. Un segundo patrocinador alimentar\u00eda las posibilidades de fichajes que en ciclismo acostumbran a cerrarse en esta \u00e9poca del a\u00f1o.<\/p>\n<p class=\"ft-text\">Asimismo, las mismas fuentes se ven animadas en que pueda cerrarse la contrataci\u00f3n de <a class=\"ft-link ft-link--decoration\" href=\"https:\/\/www.sport.es\/es\/noticias\/deportes\/paula-blasi-historia-angliru-conquista-130037929\" rel=\"nofollow noopener\" target=\"_blank\">Paula Blasi<\/a> para la escuadra femenina del Movistar, lo que ser\u00eda otro punto de inflexi\u00f3n importante para acabar de animar a un segundo patrocinador, ya que no hay distinci\u00f3n de marcas entre hombres y mujeres a la hora de afrontar la competici\u00f3n.<\/p>\n<p><img decoding=\"async\" src=\"https:\/\/www.europesays.com\/es\/wp-content\/uploads\/2026\/09\/08cd5ae6-5325-46c5-99ff-e769411cda51_alta-libre-aspect-ratio_default_0_x1000y444.jpg\" width=\"1200\" height=\"800\" alt=\"ALTO DE AITANA (ALICANTE), 30\/08\/2026.- El ciclista espa\u00f1ol del Movistar Enric Mas celebra su victoria tras la novena etapa de La Vuelta a Espa\u00f1a, este domingo. La etapa de 187.4 km discurre entre Villajoyosa y Alto de Aitana. EFE\/Javier Liz\u00f3n\" class=\"ft-helper-img-rd\" loading=\"lazy\" fetchpriority=\"auto\"\/><\/p>\n<p class=\"ft-helper-fontColor-quaternary ft-helper-fontSize-body-S ft-helper-spacer-t-xxs\">Enric Mas triunfa en Aitana.  \/ Javier Liz\u00f3n \/ EFE<\/p>\n<p class=\"ft-text\">El impedimento para que se oficialice el fichaje de la corredora catalana radica en solucionar un precontrato que la ciclista firm\u00f3 en primavera con el conjunto <strong>Lidl-Trek<\/strong>, ya que est\u00e1 encarrilado el pago de la cl\u00e1usula de rescisi\u00f3n con el UAE. Estas mismas fuentes, de todas formas, rebajan la cifra de un mill\u00f3n de euros como montante del fichaje de la corredora revelaci\u00f3n de la temporada ciclista.<\/p>\n<p>Desde 2011<\/p>\n<p class=\"ft-text\">El <strong>Movistar<\/strong> entr\u00f3 en el mundo del ciclismo en la temporada 2011 para reemplazar a la entidad bancaria francesa de Caise d\u2019Epargne y hacerse cargo del conjunto espa\u00f1ol m\u00e1s hist\u00f3rico creado por <strong>Jos\u00e9 Miguel Ech\u00e1varri<\/strong> en 1980. Luego pas\u00f3 a denominarse Banesto, marca con la que <strong>Miguel Indur\u00e1in<\/strong> conquist\u00f3 los cinco Tours antes de conocerse como Illes Balears.<\/p>\n<p class=\"ft-text\"><strong>Eusebio Unzu\u00e9<\/strong>, que era el segundo director desde los inicios del equipo, tom\u00f3 las riendas en 2008, tras la jubilaci\u00f3n de <strong>Ech\u00e1varri<\/strong>. Con las diferentes denominaciones han ganado siete Tours, cuatro Vueltas y cuatro Giros con m\u00e1s de 120 victorias de etapas en las tres grandes rondas por etapas.<\/p>\n<p class=\"ft-helper-fontSize-body-M\" isamp=\"false\">Fuente: <a href=\"https:\/\/www.elperiodico.com\/es\/deportes\/20260901\/victoria-vuelta-espana-alentara-continuidad-movistar-ciclismo-133828459?utm_source=sport&amp;utm_medium=epi&amp;utm_campaign=audiencia_via\" target=\"_blank\" class=\"ft-link ft-link--decoration\" rel=\"nofollow noopener\">El Peri\u00f3dico<\/a><\/p>\n","protected":false},"excerpt":{"rendered":"El futuro del equipo Movistar podr\u00eda dar un giro positivo en el supuesto de que Enric Mas gane&hellip;\n","protected":false},"author":2,"featured_media":742313,"comment_status":"","ping_status":"","sticky":false,"template":"","format":"standard","meta":{"footnotes":""},"categories":[273],"tags":[131660,313,16866,312,168,3594,25,24,7789,303,23,167,1261,1357],"class_list":["post-742312","post","type-post","status-publish","format-standard","has-post-thumbnail","category-ciclismo","tag-alentaria","tag-ciclismo","tag-continuidad","tag-cycling","tag-deportes","tag-enric-mas","tag-es","tag-espana","tag-la-vuelta","tag-movistar","tag-spain","tag-sports","tag-victoria","tag-vuelta"],"share_on_mastodon":{"url":"https:\/\/pubeurope.com\/@es\/117196689654755590","error":""},"_links":{"self":[{"href":"https:\/\/www.europesays.com\/es\/wp-json\/wp\/v2\/posts\/742312","targetHints":{"allow":["GET"]}}],"collection":[{"href":"https:\/\/www.europesays.com\/es\/wp-json\/wp\/v2\/posts"}],"about":[{"href":"https:\/\/www.europesays.com\/es\/wp-json\/wp\/v2\/types\/post"}],"author":[{"embeddable":true,"href":"https:\/\/www.europesays.com\/es\/wp-json\/wp\/v2\/users\/2"}],"replies":[{"embeddable":true,"href":"https:\/\/www.europesays.com\/es\/wp-json\/wp\/v2\/comments?post=742312"}],"version-history":[{"count":0,"href":"https:\/\/www.europesays.com\/es\/wp-json\/wp\/v2\/posts\/742312\/revisions"}],"wp:featuredmedia":[{"embeddable":true,"href":"https:\/\/www.europesays.com\/es\/wp-json\/wp\/v2\/media\/742313"}],"wp:attachment":[{"href":"https:\/\/www.europesays.com\/es\/wp-json\/wp\/v2\/media?parent=742312"}],"wp:term":[{"taxonomy":"category","embeddable":true,"href":"https:\/\/www.europesays.com\/es\/wp-json\/wp\/v2\/categories?post=742312"},{"taxonomy":"post_tag","embeddable":true,"href":"https:\/\/www.europesays.com\/es\/wp-json\/wp\/v2\/tags?post=742312"}],"curies":[{"name":"wp","href":"https:\/\/api.w.org\/{rel}","templated":true}]}}