{"id":742316,"date":"2026-09-01T16:20:20","date_gmt":"2026-09-01T16:20:20","guid":{"rendered":"https:\/\/www.europesays.com\/es\/742316\/"},"modified":"2026-09-01T16:20:20","modified_gmt":"2026-09-01T16:20:20","slug":"gabriel-jesus-estoy-muy-bien-fisicamente-mi-rodilla-no-es-un-problema-futbol-deportes","status":"publish","type":"post","link":"https:\/\/www.europesays.com\/es\/742316\/","title":{"rendered":"Gabriel Jesus: \u201cEstoy muy bien f\u00edsicamente, mi rodilla no es un problema\u201d | F\u00fatbol | Deportes"},"content":{"rendered":"<p class=\"\"><a href=\"https:\/\/elpais.com\/deportes\/futbol\/2026-08-30\/el-barcelona-ata-in-extremis-a-gabriel-jesus.html\" target=\"_blank\" rel=\"noreferrer nofollow noopener\" title=\"https:\/\/elpais.com\/deportes\/futbol\/2026-08-30\/el-barcelona-ata-in-extremis-a-gabriel-jesus.html\">Gabriel Jesus <\/a>estar\u00e1 ligado al Barcelona hasta 2029. Aunque la cifra de su traspaso no se hizo p\u00fablica, fuentes de la entidad azulgrana aseguran que el Arsenal recibir\u00e1 cerca de 10 millones de euros por el brasile\u00f1o, de 29 a\u00f1os, cuyo contrato expiraba el pr\u00f3ximo verano. \u201cEstoy muy ilusionado de estar en un club tan grande. Agradezco a Deco [director deportivo] y al presi [Joan Laporta] el fichaje\u201d, subray\u00f3 el delantero, que aterriz\u00f3 en la capital catalana este lunes y tras pasar la revisi\u00f3n m\u00e9dica presenci\u00f3 la goleada del Bar\u00e7a ante el Rayo Vallecano en el Camp Nou. \u201cFue mi primera vez en el Spotify Camp Nou. En mi cabeza, s\u00f3lo hab\u00eda cosas buenas. Quer\u00eda jugar, ayudar, estar con los compa\u00f1eros, que tienen mucha calidad\u201d, revel\u00f3 Gabriel Jesus. \u201cEs un delantero top. Ser\u00e1 importante. Nos puede dar muchas cosas, estoy contento de que est\u00e9 aqu\u00ed\u201d, destac\u00f3 Flick.<\/p>\n<p>M\u00e1s informaci\u00f3n<\/p>\n<p class=\"\">En la direcci\u00f3n deportiva del Barcelona jugaban al despiste. Algo similar ya hab\u00edan hecho con Gordon. Nadie en el \u00e1rea t\u00e9cnica azulgrana quer\u00eda desvelar el nombre del delantero brasile\u00f1o. De hecho, cuando la opci\u00f3n de fichar a Juli\u00e1n Alvarez se antojaba imposible, desde el Bar\u00e7a aseguraban que no hab\u00eda opciones en el mercado que mejoraran a Raphinha, Dani Olmo y Hamza Abdelkarim, las opciones de Hansi Flick para ocupar el \u00e1rea, tras el adi\u00f3s de Lewandowski y Ferran Torres.<\/p>\n<p><img alt=\"\" decoding=\"auto\" class=\"_re lazyload a_m-h\" height=\"276\"  width=\"414\"  src=\"https:\/\/www.europesays.com\/es\/wp-content\/uploads\/2026\/09\/C25HUP2ETZB7HFM7FZ77YYBVOM.JPG\" loading=\"lazy\" fetchpriority=\"low\"\/>Gabriel Jesus con el presidente Joan Laporta durante su presentaci\u00f3n. FC BARCELONA (via REUTERS)<\/p>\n<p class=\"\"><a href=\"https:\/\/elpais.com\/deportes\/futbol\/2026-08-27\/sin-julian-raphinha-le-da-la-razon-a-deco-y-a-hansi-flick.html\" target=\"_blank\" rel=\"noreferrer nofollow noopener\" title=\"https:\/\/elpais.com\/deportes\/futbol\/2026-08-27\/sin-julian-raphinha-le-da-la-razon-a-deco-y-a-hansi-flick.html\">Deco, entonces, trabajaba en silencio<\/a>. \u201cFue una oportunidad de mercado\u201d, destacaban desde los despachos del Camp Nou. \u201cTodos los contactos fueron muy r\u00e1pidos. Todos me conocen, tuve dos a\u00f1os dif\u00edciles pero se conocen mis cualidades y esta situaci\u00f3n que viv\u00eda facilit\u00f3 las cosas\u201d, coment\u00f3 el brasile\u00f1o. Desde que lleg\u00f3 al Arsenal en 2022, se perdi\u00f3 79 partidos despu\u00e9s de pasarse 519 d\u00edas en la enfermer\u00eda. Fue en enero de 2025 cuando la racha de lesiones toc\u00f3 fondo: se rompi\u00f3 el ligamento cruzado. Nunca volvi\u00f3 a recuperar su lugar en el once inicial de Arteta. El curso pasado jug\u00f3 solo 988 minutos (27 partidos). Suficientes, en cualquier caso, para marcar seis goles.<\/p>\n<p class=\"\">\u201cMis \u00faltimos dos a\u00f1os fueron complicados tras la lesi\u00f3n en la rodilla, me qued\u00e9 casi un a\u00f1o fuera. Pero estoy muy bien f\u00edsicamente, mi rodilla no es un problema. Es pasado. Me recuper\u00e9 bien. Jugu\u00e9 bien en el Arsenal tras la lesi\u00f3n. Si no jugu\u00e9 m\u00e1s fue por otros temas. Pero f\u00edsicamente, estoy muy bien. Preparado para darlo todo\u201d, se\u00f1al\u00f3 el delantero. Y concluy\u00f3: \u201cCreo en Dios y estaba confiado de que algo pasar\u00eda. Mi fe en Dios es muy fuerte. Y sab\u00eda que si hac\u00eda las cosas bien, todo pod\u00eda pasar. He trabajado mucho. Estaba apartado en el Arsenal, pero esperaba cosas buenas. Una semana atr\u00e1s, recib\u00ed un mensaje de que pod\u00eda pasar este fichaje. Pens\u00e9 que era una gran posibilidad y me puse contento. Estaba emocionado. Ahora, a empezar a entrenarme y jugar para que todos estemos contentos\u201d.<\/p>\n","protected":false},"excerpt":{"rendered":"Gabriel Jesus estar\u00e1 ligado al Barcelona hasta 2029. Aunque la cifra de su traspaso no se hizo p\u00fablica,&hellip;\n","protected":false},"author":2,"featured_media":742317,"comment_status":"","ping_status":"","sticky":false,"template":"","format":"standard","meta":{"footnotes":""},"categories":[268],"tags":[1540,168,1539,25,24,881,4970,280,282,1538,131327,1210,281,23,167],"class_list":["post-742316","post","type-post","status-publish","format-standard","has-post-thumbnail","category-futbol","tag-competiciones","tag-deportes","tag-entrenadores","tag-es","tag-espana","tag-fc-barcelona","tag-flick","tag-football","tag-futbol","tag-futbolistas","tag-gabriel-jesus","tag-laliga-ea-sports","tag-soccer","tag-spain","tag-sports"],"share_on_mastodon":{"url":"https:\/\/pubeurope.com\/@es\/117196700040546512","error":""},"_links":{"self":[{"href":"https:\/\/www.europesays.com\/es\/wp-json\/wp\/v2\/posts\/742316","targetHints":{"allow":["GET"]}}],"collection":[{"href":"https:\/\/www.europesays.com\/es\/wp-json\/wp\/v2\/posts"}],"about":[{"href":"https:\/\/www.europesays.com\/es\/wp-json\/wp\/v2\/types\/post"}],"author":[{"embeddable":true,"href":"https:\/\/www.europesays.com\/es\/wp-json\/wp\/v2\/users\/2"}],"replies":[{"embeddable":true,"href":"https:\/\/www.europesays.com\/es\/wp-json\/wp\/v2\/comments?post=742316"}],"version-history":[{"count":0,"href":"https:\/\/www.europesays.com\/es\/wp-json\/wp\/v2\/posts\/742316\/revisions"}],"wp:featuredmedia":[{"embeddable":true,"href":"https:\/\/www.europesays.com\/es\/wp-json\/wp\/v2\/media\/742317"}],"wp:attachment":[{"href":"https:\/\/www.europesays.com\/es\/wp-json\/wp\/v2\/media?parent=742316"}],"wp:term":[{"taxonomy":"category","embeddable":true,"href":"https:\/\/www.europesays.com\/es\/wp-json\/wp\/v2\/categories?post=742316"},{"taxonomy":"post_tag","embeddable":true,"href":"https:\/\/www.europesays.com\/es\/wp-json\/wp\/v2\/tags?post=742316"}],"curies":[{"name":"wp","href":"https:\/\/api.w.org\/{rel}","templated":true}]}}