{"id":742326,"date":"2026-09-01T16:26:19","date_gmt":"2026-09-01T16:26:19","guid":{"rendered":"https:\/\/www.europesays.com\/es\/742326\/"},"modified":"2026-09-01T16:26:19","modified_gmt":"2026-09-01T16:26:19","slug":"stephen-kalyn-da-un-paso-importante-en-su-carrera-tras-off-campus-y-ficha-por-esta-pelicula-de-sydney-sweeney","status":"publish","type":"post","link":"https:\/\/www.europesays.com\/es\/742326\/","title":{"rendered":"Stephen Kalyn da un paso importante en su carrera tras &#8216;Off-Campus&#8217; y ficha por esta pel\u00edcula de Sydney Sweeney"},"content":{"rendered":"<p>Participar en una serie de \u00e9xito es sin\u00f3nimo de escaparate profesional. <a href=\"https:\/\/los40.com\/2026\/05\/13\/ella-bright-y-belmont-cameli-sobre-off-campus-fue-muy-facil-llevar-esa-quimica-a-la-pantalla-porque-fuera-tambien-la-tenemos\/\" target=\"_blank\" rel=\"nofollow noopener\" title=\"https:\/\/los40.com\/2026\/05\/13\/ella-bright-y-belmont-cameli-sobre-off-campus-fue-muy-facil-llevar-esa-quimica-a-la-pantalla-porque-fuera-tambien-la-tenemos\/\"><b>Si eres un actor o actriz no muy conocido en el mundillo<\/b><\/a><b>,<\/b> que logra \u2013por su innegable talento- un papel en una producci\u00f3n que resulta acabar siendo una de las m\u00e1s exitosas del a\u00f1o, <b>se establece como algo muy normal que otras series o pel\u00edculas quieran contar contigo<\/b> en sus propias producciones. <\/p>\n<p>Y esto es precisamente lo que le ha pasado a <b>Stephen Kalyn, mejor conocido este 2026 como el atractivo, carism\u00e1tico y seductor Dean Dilaurentis, <\/b>uno de los personajes protagonistas de la serie de \u00e9xito &#8211;<a href=\"https:\/\/los40.com\/2026\/05\/26\/off-campus-ya-es-la-tercera-serie-mas-vista-de-la-historia-de-prime-video-superando-a-el-verano-en-que-me-enamore\/\" target=\"_blank\" rel=\"nofollow noopener\" title=\"https:\/\/los40.com\/2026\/05\/26\/off-campus-ya-es-la-tercera-serie-mas-vista-de-la-historia-de-prime-video-superando-a-el-verano-en-que-me-enamore\/\">basada en las novelas de Elle Kennedy-, Off-Campus<\/a>. Con su interpretaci\u00f3n y capacidad de captar a la perfecci\u00f3n al personaje de Dean -y su innegable atractivo f\u00edsico-, Stephen Kalyn ha atra\u00eddo no solo a millones de fans de todo el mundo; <b>sino tambi\u00e9n a los productores de una de las pel\u00edculas m\u00e1s exitosas del 2025 <\/b>-que se prepara para lanzar su segunda parte-. <\/p>\n<p><img decoding=\"async\" src=\"https:\/\/www.europesays.com\/es\/wp-content\/uploads\/2026\/09\/2CUXARZQOVH3NOANSFHDUJEBJA.jpg\" alt=\"Imagen promocional de la primera temporada de 'Off Campus' cedida por Prime Video\" width=\"4\" height=\"3\"  loading=\"lazy\"\/><\/p>\n<p>Imagen promocional de la primera temporada de &#8216;Off Campus&#8217; cedida por Prime Video \/ Liane Hentscher<\/p>\n<p>Ampliar<img decoding=\"async\" src=\"https:\/\/www.europesays.com\/es\/wp-content\/uploads\/2026\/09\/1788279979_550_2CUXARZQOVH3NOANSFHDUJEBJA.jpg\" alt=\"Imagen promocional de la primera temporada de 'Off Campus' cedida por Prime Video\" width=\"4\" height=\"3\" loading=\"lazy\"\/><\/p>\n<p>Imagen promocional de la primera temporada de &#8216;Off Campus&#8217; cedida por Prime Video \/ Liane Hentscher<\/p>\n<p>Cerrar<\/p>\n<p><a href=\"https:\/\/los40.com\/2026\/01\/11\/por-que-la-ropa-de-la-asistenta-sigue-persiguiendonos-despues-de-verla\/\" target=\"_blank\" rel=\"nofollow noopener\" title=\"https:\/\/los40.com\/2026\/01\/11\/por-que-la-ropa-de-la-asistenta-sigue-persiguiendonos-despues-de-verla\/\"><b>La Asistenta<\/b><b>,<\/b><\/a> una novela de Freida McFadden, aterriz\u00f3 en los cines de todo el mundo \u2013ahora en Prime Video- como <b>la adaptaci\u00f3n directa de uno de los libros m\u00e1s vendidas y le\u00eddas en Espa\u00f1a durante los \u00faltimos dos a\u00f1os<\/b>. Protagonizada por Sydney Sweeney y <a href=\"https:\/\/los40.com\/2026\/02\/19\/amanda-seyfried-habla-sobre-los-creditos-vanidosos-en-hollywood-supe-que-era-productora-ejecutiva-semanas-despues\/\" target=\"_blank\" rel=\"nofollow noopener\" title=\"https:\/\/los40.com\/2026\/02\/19\/amanda-seyfried-habla-sobre-los-creditos-vanidosos-en-hollywood-supe-que-era-productora-ejecutiva-semanas-despues\/\">Amanda Seyfried<\/a>, este filme tuvo un \u00e9xito indudable; y como la saga de libros cuenta con tres vol\u00famenes, <b>la segunda parte ya se ha puesto inevitablemente en marcha<\/b>. <\/p>\n<p><img decoding=\"async\" src=\"https:\/\/los40.com\/pf\/resources\/img\/logo-40-v-c.svg?d=1013\" alt=\"LOS40\" class=\"i-pro\" width=\"68\" height=\"68\" loading=\"lazy\"\/>Stephen Kalyn, del romance al thriller psicol\u00f3gico <\/p>\n<p><a href=\"https:\/\/los40.com\/2026\/05\/23\/jennifer-lopez-cae-rendida-al-fenomeno-off-campus-recreando-la-iconica-escena-de-la-que-es-protagonista\/\" target=\"_blank\" rel=\"nofollow noopener\" title=\"https:\/\/los40.com\/2026\/05\/23\/jennifer-lopez-cae-rendida-al-fenomeno-off-campus-recreando-la-iconica-escena-de-la-que-es-protagonista\/\">Off-Campus<\/a> no ha sido el debut de Stephen Kalyn como actor. El canadiense \u2013de 28 a\u00f1os- ya ha participado en otras producciones como Gen V, Cruel Intentions o Motorheads; pero desde luego, esa serie rom\u00e1ntica llena de hockey y m\u00fasica -y escasa de toxicidad-, <b>ha sido la obra que le ha puesto en el punto de mira, y el que ha disparado su carrera al \u00e9xito inmediato. <\/b><\/p>\n<p>As\u00ed, no es de extra\u00f1ar que le hayan comenzado a fichar en otras producciones. Y en medio de las grabaciones de la segunda temporada de Off-Campus, <b>en la que ser\u00e1 el protagonista junto a Mika Abdalla <\/b>\u2013actriz que interpreta a la mejor amiga de Hannah Wells, Allie Hayes-, parece que se est\u00e1 preparando para dar un salto m\u00e1s all\u00e1 <b>y entrar en los estrenos cinematogr\u00e1ficos. <\/b><\/p>\n<p>La segunda parte de la afamada cinta de La Asistenta -que se estren\u00f3 el pasado 2025- comenzar\u00e1 su producci\u00f3n a finales de este a\u00f1o. Su estreno, <b>bajo la direcci\u00f3n de Paul Feig y el guion de Rebecca Sonnenshine, se prevee para el pr\u00f3ximo 17 de diciembre de 2027; <\/b>y el reparto principal contar\u00e1 de nuevo con <a href=\"https:\/\/los40.com\/2026\/05\/14\/sydney-sweeney-se-aleja-de-cassie-y-saca-su-lado-mas-romantico-con-un-montaje-junto-a-scooter-braun\/\" target=\"_blank\" rel=\"nofollow noopener\" title=\"https:\/\/los40.com\/2026\/05\/14\/sydney-sweeney-se-aleja-de-cassie-y-saca-su-lado-mas-romantico-con-un-montaje-junto-a-scooter-braun\/\">Sydney Sweeney, <\/a>que regresar\u00e1 a su papel de Millie, <b>y Kalyn, que se encargar\u00e1 de interpretar a Brock<\/b>, su novio abogado que carece de conocimientos sobre su pasado delictivo. <\/p>\n<p>El \u00e9xito de &#8216;Off-Campus&#8217; <\/p>\n<p>Poco sabemos todav\u00eda de lo que nos traer\u00e1 la segunda entrega de La Asistenta -m\u00e1s all\u00e1 de la sinopsis de la novela y de este reparto principal-; <b>pero de lo que s\u00ed conocemos m\u00e1s detalles es del aterrizaje en Prime Video de la segunda temporada <\/b><a href=\"https:\/\/los40.com\/2026\/06\/10\/claudia-lobaton-sexologa-sobre-por-que-off-campus-esta-cambiando-la-conversacion-sobre-sexualidad-el-placer-no-deberia-seguir-siendo-tabu\/\" target=\"_blank\" rel=\"nofollow noopener\" title=\"https:\/\/los40.com\/2026\/06\/10\/claudia-lobaton-sexologa-sobre-por-que-off-campus-esta-cambiando-la-conversacion-sobre-sexualidad-el-placer-no-deberia-seguir-siendo-tabu\/\"><b>del \u00e9xito de este 2026, <\/b><b>Off-Campus<\/b>.<\/a><\/p>\n<p>Esa <a href=\"https:\/\/los40.com\/2026\/05\/19\/todo-lo-que-sabemos-de-la-segunda-temporada-de-off-campus-quienes-seran-sus-protagonistas\/\" target=\"_blank\" rel=\"nofollow noopener\" title=\"https:\/\/los40.com\/2026\/05\/19\/todo-lo-que-sabemos-de-la-segunda-temporada-de-off-campus-quienes-seran-sus-protagonistas\/\">segunda entrega, <b>que llegar\u00e1 en alg\u00fan momento de principios del pr\u00f3ximo 2027<\/b><\/a>, tendr\u00e1 como protagonistas -a pesar de que en la segunda novela sea la pareja de John Logan y Grace-, <b>a la pareja compuesta por Dean Dilaurentis (Stephen Kayn) y Allie Hayes (Mika Abdalla)<\/b>. Ya vimos durante la primera temporada el comienzo del desarrollo de su enrevesada y divertida historia de amor -y los conflictos que nacen de ella-; as\u00ed que solo habr\u00e1 que esperar para descubrir c\u00f3mo se soluciona <b>en esa temporada 2<\/b>.<\/p>\n<p>El rodaje de esta segunda entrega lleva todo el verano en marcha -con la revelaci\u00f3n de alguna que otra imagen del reparto en acci\u00f3n que ha emocionado a todo seguidor del cuarteto de Briar-, <b>y culminar\u00e1 el pr\u00f3ximo 18 de septiembre.<\/b> Todav\u00eda queda para su estreno definitivo; pero es pr\u00e1cticamente seguro que, al igual que esa primera temporada, ser\u00e1 un \u00e9xito rotundo.<\/p>\n","protected":false},"excerpt":{"rendered":"Participar en una serie de \u00e9xito es sin\u00f3nimo de escaparate profesional. Si eres un actor o actriz no&hellip;\n","protected":false},"author":2,"featured_media":742327,"comment_status":"","ping_status":"","sticky":false,"template":"","format":"standard","meta":{"footnotes":""},"categories":[169],"tags":[1765,177,146,147,25,24,176,175,96386,23,1766],"class_list":["post-742326","post","type-post","status-publish","format-standard","has-post-thumbnail","category-cine","tag-bestof","tag-cine","tag-entertainment","tag-entretenimiento","tag-es","tag-espana","tag-film","tag-movies","tag-pmarc","tag-spain","tag-topix"],"share_on_mastodon":{"url":"https:\/\/pubeurope.com\/@es\/117196725367511190","error":""},"_links":{"self":[{"href":"https:\/\/www.europesays.com\/es\/wp-json\/wp\/v2\/posts\/742326","targetHints":{"allow":["GET"]}}],"collection":[{"href":"https:\/\/www.europesays.com\/es\/wp-json\/wp\/v2\/posts"}],"about":[{"href":"https:\/\/www.europesays.com\/es\/wp-json\/wp\/v2\/types\/post"}],"author":[{"embeddable":true,"href":"https:\/\/www.europesays.com\/es\/wp-json\/wp\/v2\/users\/2"}],"replies":[{"embeddable":true,"href":"https:\/\/www.europesays.com\/es\/wp-json\/wp\/v2\/comments?post=742326"}],"version-history":[{"count":0,"href":"https:\/\/www.europesays.com\/es\/wp-json\/wp\/v2\/posts\/742326\/revisions"}],"wp:featuredmedia":[{"embeddable":true,"href":"https:\/\/www.europesays.com\/es\/wp-json\/wp\/v2\/media\/742327"}],"wp:attachment":[{"href":"https:\/\/www.europesays.com\/es\/wp-json\/wp\/v2\/media?parent=742326"}],"wp:term":[{"taxonomy":"category","embeddable":true,"href":"https:\/\/www.europesays.com\/es\/wp-json\/wp\/v2\/categories?post=742326"},{"taxonomy":"post_tag","embeddable":true,"href":"https:\/\/www.europesays.com\/es\/wp-json\/wp\/v2\/tags?post=742326"}],"curies":[{"name":"wp","href":"https:\/\/api.w.org\/{rel}","templated":true}]}}