{"id":742332,"date":"2026-09-01T16:29:12","date_gmt":"2026-09-01T16:29:12","guid":{"rendered":"https:\/\/www.europesays.com\/es\/742332\/"},"modified":"2026-09-01T16:29:12","modified_gmt":"2026-09-01T16:29:12","slug":"la-promesa-avance-del-1-de-septiembre-maximo-choca-con-la-negativa-de-angela-y-los-preparativos-de-boda-avanzan-sin-el-duque","status":"publish","type":"post","link":"https:\/\/www.europesays.com\/es\/742332\/","title":{"rendered":"&#8216;La promesa&#8217;, avance del 1 de septiembre: M\u00e1ximo choca con la negativa de \u00c1ngela y los preparativos de boda avanzan sin el duque"},"content":{"rendered":"<p class=\"ft-text\">Las tensiones familiares por la boda y los compromisos rom\u00e1nticos marcan el ritmo del palacio con decisiones que lo cambiar\u00e1n todo esta tarde en <strong>&#8216;La promesa&#8217;.<\/strong> Mientras unos buscan imponer su voluntad, otros celebran el amor por todo lo alto.<\/p>\n<p class=\"ft-text\">M\u00e1ximo est\u00e1 convencido de que \u00c1ngela le permitir\u00e1 acompa\u00f1arla al altar, pero ni las advertencias de Leocadia ni la negativa rotunda de la joven logran hacerle cambiar de opini\u00f3n. Curro y \u00c1ngela deciden ignorar al duque de Buenaventura y centrar los preparativos de la ceremonia directamente en Luj\u00e1n.<\/p>\n<p class=\"ft-text\">La alegr\u00eda desborda al servicio cuando Teresa y P\u00eda descubren por casualidad que Mar\u00eda Fern\u00e1ndez ha aceptado sin dudar la propuesta de matrimonio de Carlo. La noticia del enlace corre como la p\u00f3lvora por los pasillos, coincidiendo con el momento en que Martina y Adriano comunican formalmente a Jacobo su decisi\u00f3n de poner fin a su noviazgo.<\/p>\n<p class=\"ft-text\">En paralelo, Ciro y Lorenzo celebran el \u00e9xito de sus gestiones a espaldas de Manuel, ajenos a que la tranquilidad del joven heredero se debe a sus encuentros a solas con Julieta. Sin embargo, cuando est\u00e1n a punto de dar rienda suelta a la pasi\u00f3n con un beso, el regreso repentino al palacio interrumpe el momento.<\/p>\n","protected":false},"excerpt":{"rendered":"Las tensiones familiares por la boda y los compromisos rom\u00e1nticos marcan el ritmo del palacio con decisiones que&hellip;\n","protected":false},"author":2,"featured_media":742333,"comment_status":"","ping_status":"","sticky":false,"template":"","format":"standard","meta":{"footnotes":""},"categories":[91],"tags":[3099,12031,7377,3158,870,146,147,25,24,1783,11031,7797,5137,7376,1971,805,23,3156],"class_list":["post-742332","post","type-post","status-publish","format-standard","has-post-thumbnail","category-entretenimiento","tag-3099","tag-angela","tag-avance","tag-boda","tag-choca","tag-entertainment","tag-entretenimiento","tag-es","tag-espana","tag-la","tag-la-promesa","tag-martes","tag-maximo","tag-promesa","tag-septiembre","tag-series","tag-spain","tag-tve"],"share_on_mastodon":{"url":"https:\/\/pubeurope.com\/@es\/117196735971244571","error":""},"_links":{"self":[{"href":"https:\/\/www.europesays.com\/es\/wp-json\/wp\/v2\/posts\/742332","targetHints":{"allow":["GET"]}}],"collection":[{"href":"https:\/\/www.europesays.com\/es\/wp-json\/wp\/v2\/posts"}],"about":[{"href":"https:\/\/www.europesays.com\/es\/wp-json\/wp\/v2\/types\/post"}],"author":[{"embeddable":true,"href":"https:\/\/www.europesays.com\/es\/wp-json\/wp\/v2\/users\/2"}],"replies":[{"embeddable":true,"href":"https:\/\/www.europesays.com\/es\/wp-json\/wp\/v2\/comments?post=742332"}],"version-history":[{"count":0,"href":"https:\/\/www.europesays.com\/es\/wp-json\/wp\/v2\/posts\/742332\/revisions"}],"wp:featuredmedia":[{"embeddable":true,"href":"https:\/\/www.europesays.com\/es\/wp-json\/wp\/v2\/media\/742333"}],"wp:attachment":[{"href":"https:\/\/www.europesays.com\/es\/wp-json\/wp\/v2\/media?parent=742332"}],"wp:term":[{"taxonomy":"category","embeddable":true,"href":"https:\/\/www.europesays.com\/es\/wp-json\/wp\/v2\/categories?post=742332"},{"taxonomy":"post_tag","embeddable":true,"href":"https:\/\/www.europesays.com\/es\/wp-json\/wp\/v2\/tags?post=742332"}],"curies":[{"name":"wp","href":"https:\/\/api.w.org\/{rel}","templated":true}]}}