{"id":742340,"date":"2026-09-01T16:33:14","date_gmt":"2026-09-01T16:33:14","guid":{"rendered":"https:\/\/www.europesays.com\/es\/742340\/"},"modified":"2026-09-01T16:33:14","modified_gmt":"2026-09-01T16:33:14","slug":"educacion-y-sindicatos-ven-inevitable-la-huelga-el-primer-dia-de-curso-del-1-al-10-opciones-de-desconvocarla-1-noticias-de-cataluna","status":"publish","type":"post","link":"https:\/\/www.europesays.com\/es\/742340\/","title":{"rendered":"Educaci\u00f3n y sindicatos ven inevitable la huelga el primer d\u00eda de curso: \u201cDel 1 al 10, \u00bfopciones de desconvocarla? 1\u201d | Noticias de Catalu\u00f1a"},"content":{"rendered":"<p class=\"\">El curso escolar en Catalu\u00f1a empezar\u00e1 el martes 8 de septiembre con una jornada de huelga educativa. Y por lo que parece, ser\u00e1 la primera de muchas. Parte del profesorado ya avis\u00f3 antes de final de curso <a href=\"https:\/\/elpais.com\/espana\/catalunya\/2026-06-14\/familias-y-estudiantes-se-unen-a-los-docentes-catalanes-en-la-ultima-manifestacion-del-curso.html\" rel=\"nofollow noopener\" target=\"_blank\">que estaba dispuesto a proseguir con las huelgas<\/a>, ya que consideran que los acuerdos firmados en marzo y mayo entre tres sindicatos y el Govern no son suficientes. En julio<a href=\"https:\/\/elpais.com\/espana\/catalunya\/2026-07-11\/los-docentes-acuerdan-ir-a-la-huelga-el-8-de-septiembre-el-curso-no-empezara-con-normalidad.html\" rel=\"nofollow noopener\" target=\"_blank\">, la Asamblea Educativa de Catalu\u00f1a anunci\u00f3 el paro<\/a> para el d\u00eda 8, que CGT, Ustec y la Intersindical se han encargado de materializar. Los sindicatos invitaron al Govern a seguir negociando durante las vacaciones de verano, pero Educaci\u00f3n opt\u00f3 por abrir conversaciones con direcciones y familias y este martes el Govern ha dado por inevitable la huelga, ya que no se reabrir\u00e1n las negociaciones. \u201cLa negociaci\u00f3n est\u00e1 hecha i llegamos donde pod\u00edamos llegar\u201d, ha asegurado la portavoz S\u00edlvia Paneque. <\/p>\n<p class=\"\">\u201cLa negociaci\u00f3n, la diagnosis y los recursos, desde nuestro punto de vista, est\u00e1n hablados\u201d, ha aseverado Paneque, defendiendo que el Govern se encuentra ahora centrado en el despliegue de los acuerdos alcanzados con CC OO, UGT y Profesores de Secundaria para aumentar salarios de docentes y plantilla de profesorado, entre otros aspectos. Paneque ha reiterado la voluntad del Govern de mantener el di\u00e1logo con los sindicatos, pero no para ampliar las medidas, m\u00e1s all\u00e1 de las pactadas. \u201cSi las conversaciones van por el camino de pedir recursos que no hay, eso dificulta la negociaci\u00f3n. Pero si se entiende que los recursos se est\u00e1n poniendo, aqu\u00ed hay una v\u00eda para avanzar\u201d. <\/p>\n<p class=\"\">La consejera de Educaci\u00f3n, Esther Niub\u00f3, ha iniciado esta semana una ronda de contactos con diferentes miembros de la comunidad educativa. Este martes ha sido el turno de los sindicatos firmantes, que han valorado positivamente el ritmo de despliegue de los acuerdos. El mi\u00e9rcoles es el turno de las direcciones y el jueves, el de Ustec y la CGT. <\/p>\n<p class=\"\">Por su parte, el sindicato mayoritario Ustec tambi\u00e9n ha descartado que pueda cerrarse un acuerdo in extremis que desconvoque una nueva jornada de <a href=\"https:\/\/elpais.com\/noticias\/huelgas\/\" rel=\"nofollow noopener\" title=\"https:\/\/elpais.com\/noticias\/huelgas\/\" target=\"_blank\">huelga <\/a>de los docentes. A una semana del inicio del curso, y el d\u00eda en que los docentes se incorporaban a los centros educativos, la portavoz de Ustec, Iolanda Segura, se ha mostrado tajando ante las opciones de suspender la protesta, ha sido tajante: \u201cDel 1 al 10, \u00bfopciones de desconvocarla? 1\u201d, ha afirmado en una entrevista en SER Catalunya.<\/p>\n<p class=\"\"> \u201cEsta huelga saldr\u00e1 adelante; no hay tiempo para que ahora la consejer\u00eda venga con una propuesta que haga que se desatasque, porque, al final, es una muestra de que el malestar todav\u00eda est\u00e1 muy presente\u201d, ha a\u00f1adido Segura, quien ha mostrado su decepci\u00f3n con el departamento liderado por Niub\u00f3 porque, seg\u00fan ha relatado, \u201cdesde el d\u00eda 13 de julio, [la consejer\u00eda] no ha abierto la boca\u201d. <\/p>\n<p class=\"\">Seg\u00fan Segura, la huelga el primer d\u00eda de curso \u201chabr\u00eda podido evitarse si hubiera habido una voluntad pol\u00edtica\u201d. \u201cSeguramente iremos a la reuni\u00f3n, pero debemos acabar de concretar c\u00f3mo\u201d, ha expresado. Desde Ustec han pedido que el presidente de la Generalitat, Salvador Illa, se implique en las negociaciones, pero no le esperan en dicha reuni\u00f3n. \u201cNo creemos que el presidente se presente, aunque deber\u00eda coger las riendas en este asunto, porque es una cuesti\u00f3n de pa\u00eds\u201d, ha apuntado.<\/p>\n<p class=\"\">Segura ha hecho hincapi\u00e9 en las reivindicaciones de m\u00e1ximos del sindicato mayoritario en la educaci\u00f3n p\u00fablica, como dotar al sistema de 15.000 profesionales adicionales y la necesidad de tener menos alumnos por aula: 15 alumnos de infantil y primaria, y un m\u00e1ximo 22-23 en secundaria\u00bb. Asimismo, ha asegurado que la cuesti\u00f3n salarial no est\u00e1 resuelta por completo, porque queda pendiente de negociar la cl\u00e1usula de actualizaci\u00f3n salarial, para que los sueldos suban en funci\u00f3n del coste de la vida.<\/p>\n","protected":false},"excerpt":{"rendered":"El curso escolar en Catalu\u00f1a empezar\u00e1 el martes 8 de septiembre con una jornada de huelga educativa. Y&hellip;\n","protected":false},"author":2,"featured_media":742341,"comment_status":"","ping_status":"","sticky":false,"template":"","format":"standard","meta":{"footnotes":""},"categories":[8],"tags":[17,18,1980,2026,25,24,13,14,11178,11,21454,83763,30198,19,20,9,10,15,16,48788,23,12,21,22],"class_list":["post-742340","post","type-post","status-publish","format-standard","has-post-thumbnail","category-espana","tag-breaking-news","tag-breakingnews","tag-cataluna","tag-educacion","tag-es","tag-espana","tag-featured-news","tag-featurednews","tag-govern-cataluna","tag-headlines","tag-huelgas","tag-huelgas-sectoriales","tag-inicio-curso","tag-latest-news","tag-latestnews","tag-news","tag-noticias","tag-noticias-destacadas","tag-noticiasdestacadas","tag-sindicatos-ensenanza","tag-spain","tag-titulares","tag-ultimas-noticias","tag-ultimasnoticias"],"share_on_mastodon":{"url":"https:\/\/pubeurope.com\/@es\/117196751203903134","error":""},"_links":{"self":[{"href":"https:\/\/www.europesays.com\/es\/wp-json\/wp\/v2\/posts\/742340","targetHints":{"allow":["GET"]}}],"collection":[{"href":"https:\/\/www.europesays.com\/es\/wp-json\/wp\/v2\/posts"}],"about":[{"href":"https:\/\/www.europesays.com\/es\/wp-json\/wp\/v2\/types\/post"}],"author":[{"embeddable":true,"href":"https:\/\/www.europesays.com\/es\/wp-json\/wp\/v2\/users\/2"}],"replies":[{"embeddable":true,"href":"https:\/\/www.europesays.com\/es\/wp-json\/wp\/v2\/comments?post=742340"}],"version-history":[{"count":0,"href":"https:\/\/www.europesays.com\/es\/wp-json\/wp\/v2\/posts\/742340\/revisions"}],"wp:featuredmedia":[{"embeddable":true,"href":"https:\/\/www.europesays.com\/es\/wp-json\/wp\/v2\/media\/742341"}],"wp:attachment":[{"href":"https:\/\/www.europesays.com\/es\/wp-json\/wp\/v2\/media?parent=742340"}],"wp:term":[{"taxonomy":"category","embeddable":true,"href":"https:\/\/www.europesays.com\/es\/wp-json\/wp\/v2\/categories?post=742340"},{"taxonomy":"post_tag","embeddable":true,"href":"https:\/\/www.europesays.com\/es\/wp-json\/wp\/v2\/tags?post=742340"}],"curies":[{"name":"wp","href":"https:\/\/api.w.org\/{rel}","templated":true}]}}