{"id":742342,"date":"2026-09-01T16:34:10","date_gmt":"2026-09-01T16:34:10","guid":{"rendered":"https:\/\/www.europesays.com\/es\/742342\/"},"modified":"2026-09-01T16:34:10","modified_gmt":"2026-09-01T16:34:10","slug":"el-pp-acusa-a-sanchez-de-tener-una-estrategia-para-atacar-a-felipe-vi-y-no-enfadar-a-marruecos-fruto-de-sus-complejos","status":"publish","type":"post","link":"https:\/\/www.europesays.com\/es\/742342\/","title":{"rendered":"El PP acusa a S\u00e1nchez de tener una estrategia para \u00abatacar\u00bb a Felipe VI y \u00abno enfadar\u00bb a Marruecos fruto de \u00absus complejos\u00bb"},"content":{"rendered":"<p class=\"c-paragraph\"><a href=\"https:\/\/www.20minutos.es\/nacional\/sanchez-asegura-rey-visitara-ceuta-sin-dar-una-fecha-se-compara-con-he-sido-presidente-que-mas-ha-ido-ceuta-melilla_7030858_0.html\" rel=\"nofollow noopener\" target=\"_blank\">Las palabras del presidente del Gobierno, Pedro S\u00e1nchez, sobre el rey Felipe VI<\/a> y su ausencia en Ceuta durante su reinado siguen molestando al Partido Popular, que exige al jefe del Ejecutivo un \u00abrespeto\u00bb a la Corona. El secretario general del PP, Miguel Tellado, ha ido m\u00e1s all\u00e1 este martes al acusar al Ejecutivo de tener \u00abuna estrategia para atacar la Jefatura del Estado y desprestigiar las instituciones de nuestro pa\u00eds\u00bb.\u00a0En G\u00e9nova contin\u00faan dudando sobre las relaciones entre el actual Ejecutivo espa\u00f1ol y el pa\u00eds alauita e insisten en que <b>\u00absi el Gobierno tiene miedo de enfadar a alguien que explique por qu\u00e9 y a qui\u00e9n\u00bb<\/b>, seg\u00fan ha sugerido la portavoz popular en el Congreso, <a href=\"https:\/\/www.20minutos.es\/tags\/personas\/ester-munoz.html\" title=\"Ester Mu\u00f1oz\" rel=\"nofollow noopener\" target=\"_blank\">Ester Mu\u00f1oz<\/a>.\u00a0<\/p>\n<p class=\"c-paragraph\">En su opini\u00f3n, las formas \u00abdesafortunadas\u00bb que utiliz\u00f3 ayer Pedro S\u00e1nchez para referirse a Felipe VI son fruto de \u00absus complejos\u00bb por ver \u00abla admiraci\u00f3n que [el rey] causa en el mundo y sus compatriotas\u00bb. En este sentido, Mu\u00f1oz ha recordado las im\u00e1genes de Paiporta tras el paso de la tr\u00e1gica DANA, cuando <a href=\"https:\/\/www.20minutos.es\/noticia\/5650339\/0\/felipe-vi-trata-calmar-inmensa-protesta-paiporta-afectado-llora-desconsolado-hombro\/\" rel=\"nofollow noopener\" target=\"_blank\">vecinos afectados arrojaron barro<\/a> sobre el presidente del Gobierno, los monarcas y el entonces presidente de la Generalitat Valenciana, Carlos Maz\u00f3n. S\u00e1nchez fue desalojado pero los reyes insistieron en dialogar con los damnificados y esas im\u00e1genes, ha sostenido la portavoz popular, \u00able siguen escociendo\u00bb y <b>\u00abarrastra ciertos complejos con su majestad que son evidentes\u00bb<\/b>. Asimismo, considera que las declaraciones de S\u00e1nchez en la entrevista sobre el rey fueron tambi\u00e9n para \u00abintentar salir al paso de sus responsabilidades porque se hab\u00eda largado de vacaciones\u00bb.\u00a0<\/p>\n<p class=\"c-paragraph\">Lo cierto es que en G\u00e9nova llevan semanas criticando la actitud del Ejecutivo con la Corona, antes de que S\u00e1nchez se refiriese este lunes en esos t\u00e9rminos a Felipe VI. Lo hicieron cuando decidieron no invitarle al Consejo de Seguridad Nacional y cuando el ministro de Transportes, \u00d3scar Puente, calific\u00f3 de\u00a0<a href=\"https:\/\/www.20minutos.es\/nacional\/oscar-puente-apunta-rey-felipe-vi-critica-que-no-impidiese-una-foto-con-un-activista-ultraderecha_7024739_0.html\" rel=\"nofollow noopener\" target=\"_blank\">\u00ababsoluta ignominia\u00bb<\/a>\u00a0una fotograf\u00eda del monarca con el periodista Javier Negre. Dichas declaraciones, seg\u00fan <a href=\"https:\/\/www.20minutos.es\/tags\/personas\/miguel-tellado.html\" title=\"Miguel Tellado\" rel=\"nofollow noopener\" target=\"_blank\">Miguel Tellado<\/a>, supusieron el inicio de la estrategia del Gobierno para atacar la jefatura del Estado y que \u00abayer se manifest\u00f3 en la entrevista de S\u00e1nchez\u00bb. Para el secretario general popular \u00abes evidente que <b>S\u00e1nchez, si tiene que elegir, est\u00e1 con Mohamed VI y no con Felipe VI<\/b>\u00ab. En la misma l\u00ednea, Mu\u00f1oz ha apuntado que el presidente del Gobierno \u00abest\u00e1 m\u00e1s preocupado por no ofender al rey de Marruecos que en ofender al rey de Espa\u00f1a\u00bb y sostiene que tendr\u00e1 que explicarlo.\u00a0<\/p>\n<p class=\"c-paragraph\">Pedro S\u00e1nchez acus\u00f3 al rey de no haber acudido a Ceuta en 20 a\u00f1os de reinado pese a que Felipe VI lleva solo una docena siendo jefe del Estado. \u00abCreo que ayer Pedro S\u00e1nchez no se equivoc\u00f3 y creo que hizo lo que quer\u00eda hacer, dijo lo que quer\u00eda decir y desde luego <b>demuestra no estar a la altura del cargo que ocupa<\/b>\u00ab, ha incidido el secretario general del PP. Adem\u00e1s, Tellado ha enmarcado en esa estrategia de desprestigio que los populares creen que hay contra la Corona, que el Ejecutivo \u00abno haya permitido\u00bb a Felipe VI acudir a visitar Ceuta. \u00abLamentablemente, las informaciones que conocemos por distintos medios de comunicaci\u00f3n es que <a href=\"https:\/\/www.20minutos.es\/nacional\/quien-decide-los-viajes-rey-asi-funciona-agenda-felipe-vi-su-familia_7031472_0.html\" rel=\"nofollow noopener\" target=\"_blank\">el Gobierno de Espa\u00f1a no dej\u00f3 ir al jefe del Estado a visitar Ceuta <\/a>y que eso fue sustituido por una audiencia de su Majestad el Rey con el presidente de la ciudad aut\u00f3noma\u00bb, ha insistido. Mu\u00f1oz tambi\u00e9n ha reprochado al Gobierno que \u00abmanosee\u00bb al jefe del Estado y ha sostenido que \u00abdeber\u00eda poder acompa\u00f1ar sin ning\u00fan tipo de problema ni miedo a ninguna reacci\u00f3n a los ceut\u00edes que llevan un mes pas\u00e1ndolo muy mal\u00bb.<\/p>\n<p class=\"c-paragraph\">El &#8216;n\u00famero dos&#8217; de Alberto N\u00fa\u00f1ez Feij\u00f3o tambi\u00e9n ha cargado contra las relaciones con el pa\u00eds vecino. \u00abMarruecos no respeta al Gobierno de Espa\u00f1a y el Gobierno de Espa\u00f1a no hace respetar la integridad territorial de nuestro pa\u00eds y la seguridad nacional\u00bb, ha afirmado Tellado, quien ha instado a S\u00e1nchez a <b>explicar el\u00a0\u00abentreguismo\u00bb\u00a0a Marruecos<\/b> \u00aba lo largo de los \u00faltimos a\u00f1os de forma reiterada\u00bb.\u00a0<\/p>\n","protected":false},"excerpt":{"rendered":"Las palabras del presidente del Gobierno, Pedro S\u00e1nchez, sobre el rey Felipe VI y su ausencia en Ceuta&hellip;\n","protected":false},"author":2,"featured_media":742343,"comment_status":"","ping_status":"","sticky":false,"template":"","format":"standard","meta":{"footnotes":""},"categories":[5],"tags":[6630,17,18,25,24,13,14,11,19,20,9,10,15,16,956,199,23,9162,12,21,22,20877],"class_list":["post-742342","post","type-post","status-publish","format-standard","has-post-thumbnail","category-titulares","tag-acusa","tag-breaking-news","tag-breakingnews","tag-es","tag-espana","tag-featured-news","tag-featurednews","tag-headlines","tag-latest-news","tag-latestnews","tag-news","tag-noticias","tag-noticias-destacadas","tag-noticiasdestacadas","tag-pp","tag-sanchez","tag-spain","tag-tener","tag-titulares","tag-ultimas-noticias","tag-ultimasnoticias","tag-una"],"share_on_mastodon":{"url":"https:\/\/pubeurope.com\/@es\/117196755193896351","error":""},"_links":{"self":[{"href":"https:\/\/www.europesays.com\/es\/wp-json\/wp\/v2\/posts\/742342","targetHints":{"allow":["GET"]}}],"collection":[{"href":"https:\/\/www.europesays.com\/es\/wp-json\/wp\/v2\/posts"}],"about":[{"href":"https:\/\/www.europesays.com\/es\/wp-json\/wp\/v2\/types\/post"}],"author":[{"embeddable":true,"href":"https:\/\/www.europesays.com\/es\/wp-json\/wp\/v2\/users\/2"}],"replies":[{"embeddable":true,"href":"https:\/\/www.europesays.com\/es\/wp-json\/wp\/v2\/comments?post=742342"}],"version-history":[{"count":0,"href":"https:\/\/www.europesays.com\/es\/wp-json\/wp\/v2\/posts\/742342\/revisions"}],"wp:featuredmedia":[{"embeddable":true,"href":"https:\/\/www.europesays.com\/es\/wp-json\/wp\/v2\/media\/742343"}],"wp:attachment":[{"href":"https:\/\/www.europesays.com\/es\/wp-json\/wp\/v2\/media?parent=742342"}],"wp:term":[{"taxonomy":"category","embeddable":true,"href":"https:\/\/www.europesays.com\/es\/wp-json\/wp\/v2\/categories?post=742342"},{"taxonomy":"post_tag","embeddable":true,"href":"https:\/\/www.europesays.com\/es\/wp-json\/wp\/v2\/tags?post=742342"}],"curies":[{"name":"wp","href":"https:\/\/api.w.org\/{rel}","templated":true}]}}