{"id":742350,"date":"2026-09-01T16:43:23","date_gmt":"2026-09-01T16:43:23","guid":{"rendered":"https:\/\/www.europesays.com\/es\/742350\/"},"modified":"2026-09-01T16:43:23","modified_gmt":"2026-09-01T16:43:23","slug":"el-betis-ofrece-la-cesion-de-fidalgo-y-pablo-garcia-a-varios-equipos-de-primera","status":"publish","type":"post","link":"https:\/\/www.europesays.com\/es\/742350\/","title":{"rendered":"El Betis ofrece la cesi\u00f3n de Fidalgo y Pablo Garc\u00eda a varios equipos de Primera"},"content":{"rendered":"<p><img decoding=\"async\" class=\"v-ath__i\" loading=\"lazy\" src=\"https:\/\/www.europesays.com\/es\/wp-content\/uploads\/2026\/09\/autor-3503-foto-5.png\" alt=\"Mateo Gonz\u00e1lez\"\/><\/p>\n<p>01\/09\/2026<\/p>\n<p>Actualizado a las 17:08h.<\/p>\n<p class=\"v-d-p\" style=\"\">El <strong>Real Betis<\/strong> ha ofrecido la cesi\u00f3n de <strong>\u00c1lvaro Fidalgo y Pablo Garc\u00eda<\/strong> a varios equipos de Primera divisi\u00f3n durante las horas finales del mercado de fichajes. El club verdiblanco busca con estos movimientos generar el espacio necesario en la plantilla, tanto salarial como deportivo, de cara a poder inscribir a Dani Ceballos. En Heli\u00f3polis se trabaja a contrarreloj en este sentido. <\/p>\n<p class=\"v-d-p\" style=\"\">Clubes como el <strong>Racing, Alav\u00e9s o Rayo<\/strong> se han interesado en la operaci\u00f3n en estas horas pero a\u00fan no hay nada definido. En el Betis le han propuesto, incluso, a algunos clubes la cesi\u00f3n conjunta de ambos futbolistas para rematarlo todo de una vez.<\/p>\n<p class=\"v-d-p\" style=\"\">La intenci\u00f3n de los verdiblancos es que el club de destino donde puedan jugar ambos futbolistas se haga cargo de la mayor parte de la ficha de Fidalgo y Pablo Garc\u00eda.<\/p>\n<p class=\"v-d-p\" style=\"\">En los \u00faltimos d\u00edas se hab\u00eda buscado el traspaso de Pablo Garc\u00eda pero el Hull City, el que m\u00e1s lejos lleg\u00f3 en la negociaci\u00f3n, se ha centrado en otros objetivos despu\u00e9s de haber enfriado el Betis la operaci\u00f3n al no llegar los ingleses a las cifras requeridas. Con Fidalgo se pretende que deje el hueco deportivo en el centro del campo dado que hay siete jugadores para tres puestos.<\/p>\n","protected":false},"excerpt":{"rendered":"01\/09\/2026 Actualizado a las 17:08h. El Real Betis ha ofrecido la cesi\u00f3n de \u00c1lvaro Fidalgo y Pablo Garc\u00eda&hellip;\n","protected":false},"author":2,"featured_media":742351,"comment_status":"","ping_status":"","sticky":false,"template":"","format":"standard","meta":{"footnotes":""},"categories":[268],"tags":[291,501,168,6440,25,24,82336,280,282,3142,8400,618,1078,281,23,167,12985],"class_list":["post-742350","post","type-post","status-publish","format-standard","has-post-thumbnail","category-futbol","tag-betis","tag-cesion","tag-deportes","tag-equipos","tag-es","tag-espana","tag-fidalgo","tag-football","tag-futbol","tag-garcia","tag-ofrece","tag-pablo","tag-primera","tag-soccer","tag-spain","tag-sports","tag-varios"],"share_on_mastodon":{"url":"https:\/\/pubeurope.com\/@es\/117196791988168841","error":""},"_links":{"self":[{"href":"https:\/\/www.europesays.com\/es\/wp-json\/wp\/v2\/posts\/742350","targetHints":{"allow":["GET"]}}],"collection":[{"href":"https:\/\/www.europesays.com\/es\/wp-json\/wp\/v2\/posts"}],"about":[{"href":"https:\/\/www.europesays.com\/es\/wp-json\/wp\/v2\/types\/post"}],"author":[{"embeddable":true,"href":"https:\/\/www.europesays.com\/es\/wp-json\/wp\/v2\/users\/2"}],"replies":[{"embeddable":true,"href":"https:\/\/www.europesays.com\/es\/wp-json\/wp\/v2\/comments?post=742350"}],"version-history":[{"count":0,"href":"https:\/\/www.europesays.com\/es\/wp-json\/wp\/v2\/posts\/742350\/revisions"}],"wp:featuredmedia":[{"embeddable":true,"href":"https:\/\/www.europesays.com\/es\/wp-json\/wp\/v2\/media\/742351"}],"wp:attachment":[{"href":"https:\/\/www.europesays.com\/es\/wp-json\/wp\/v2\/media?parent=742350"}],"wp:term":[{"taxonomy":"category","embeddable":true,"href":"https:\/\/www.europesays.com\/es\/wp-json\/wp\/v2\/categories?post=742350"},{"taxonomy":"post_tag","embeddable":true,"href":"https:\/\/www.europesays.com\/es\/wp-json\/wp\/v2\/tags?post=742350"}],"curies":[{"name":"wp","href":"https:\/\/api.w.org\/{rel}","templated":true}]}}