{"id":742364,"date":"2026-09-01T16:51:20","date_gmt":"2026-09-01T16:51:20","guid":{"rendered":"https:\/\/www.europesays.com\/es\/742364\/"},"modified":"2026-09-01T16:51:20","modified_gmt":"2026-09-01T16:51:20","slug":"el-riesgo-de-nuevo-cancer-tras-haber-superado-uno-previo","status":"publish","type":"post","link":"https:\/\/www.europesays.com\/es\/742364\/","title":{"rendered":"El riesgo de nuevo c\u00e1ncer tras haber superado uno previo"},"content":{"rendered":"<p>              <strong>TP<\/strong><\/p>\n<p>Las diferencias gen\u00e9ticas heredadas son <strong>las variaciones en la secuencia del ADN que se transmiten de padres a hijos a trav\u00e9s de las c\u00e9lulas sexuales<\/strong> y conviene recordar que todo lo hereditario es gen\u00e9tico, pero que no todo lo gen\u00e9tico se hereda. Por ejemplo, una alteraci\u00f3n gen\u00e9tica puede aparecer por primera vez en una persona sin que estuviera presente en sus padres. Ponemos el foco en que algunas variantes gen\u00e9ticas heredadas <strong>podr\u00edan ayudar a identificar a los pacientes con mayor riesgo de que desarrollen c\u00e1nceres hematol\u00f3gicos agresivos relacionados con el tratamiento<\/strong>.<\/p>\n<p>Y es que a algunas personas les puede ocurrir esto mismo: manifestar c\u00e1nceres hematol\u00f3gicos agresivos a\u00f1os despu\u00e9s de haber recibido tratamiento de quimioterapia o radioterapia con la que trataron un c\u00e1ncer previo. Nos referimos a<strong> neoplasias mieloides relacionadas con el tratamiento<\/strong> que se clasifican actualmente sobre todo en funci\u00f3n del historial terap\u00e9utico del paciente, pese a que su evoluci\u00f3n cl\u00ednica pueda variar en gran medida de una persona a otra. Ahora, un estudio liderado por investigadores e investigadoras del Instituto de Investigaci\u00f3n contra la Leucemia Josep Carreras (IJC), y publicado en Blood Advances, ha logrado demostrar que <strong>las variantes gen\u00e9ticas heredadas, presentes desde el nacimiento, pueden ayudar a explicar estas diferencias<\/strong>.<\/p>\n<p>Nos lo cuenta <strong>el Dr. Francesc Sol\u00e9<\/strong>, jefe del grupo de investigaci\u00f3n en S\u00edndromes Mielodispl\u00e1sicos del Instituto de Investigaci\u00f3n contra la Leucemia Josep Carreras y uno de los directores de este estudio.<\/p>\n<p>Despu\u00e9s sintonizaremos con una nueva edici\u00f3n de &#8216;Frecuencia digital&#8217; para hablar de las <strong>apps<\/strong><strong> que tienen por objetivo<\/strong> <strong>evitar el desperdicio de alimentos<\/strong>.  <\/p>\n","protected":false},"excerpt":{"rendered":"TP Las diferencias gen\u00e9ticas heredadas son las variaciones en la secuencia del ADN que se transmiten de padres&hellip;\n","protected":false},"author":2,"featured_media":742365,"comment_status":"","ping_status":"","sticky":false,"template":"","format":"standard","meta":{"footnotes":""},"categories":[92],"tags":[2519,131662,25,24,165,133,1448,1986,1987,166,23],"class_list":["post-742364","post","type-post","status-publish","format-standard","has-post-thumbnail","category-salud","tag-a-golpe-de-bit","tag-el-riesgo-de-nuevo-cancer-tras-haber-superado-uno-previo","tag-es","tag-espana","tag-health","tag-online","tag-radio","tag-rne","tag-rtve-play","tag-salud","tag-spain"],"share_on_mastodon":{"url":"https:\/\/pubeurope.com\/@es\/117196822049938403","error":""},"_links":{"self":[{"href":"https:\/\/www.europesays.com\/es\/wp-json\/wp\/v2\/posts\/742364","targetHints":{"allow":["GET"]}}],"collection":[{"href":"https:\/\/www.europesays.com\/es\/wp-json\/wp\/v2\/posts"}],"about":[{"href":"https:\/\/www.europesays.com\/es\/wp-json\/wp\/v2\/types\/post"}],"author":[{"embeddable":true,"href":"https:\/\/www.europesays.com\/es\/wp-json\/wp\/v2\/users\/2"}],"replies":[{"embeddable":true,"href":"https:\/\/www.europesays.com\/es\/wp-json\/wp\/v2\/comments?post=742364"}],"version-history":[{"count":0,"href":"https:\/\/www.europesays.com\/es\/wp-json\/wp\/v2\/posts\/742364\/revisions"}],"wp:featuredmedia":[{"embeddable":true,"href":"https:\/\/www.europesays.com\/es\/wp-json\/wp\/v2\/media\/742365"}],"wp:attachment":[{"href":"https:\/\/www.europesays.com\/es\/wp-json\/wp\/v2\/media?parent=742364"}],"wp:term":[{"taxonomy":"category","embeddable":true,"href":"https:\/\/www.europesays.com\/es\/wp-json\/wp\/v2\/categories?post=742364"},{"taxonomy":"post_tag","embeddable":true,"href":"https:\/\/www.europesays.com\/es\/wp-json\/wp\/v2\/tags?post=742364"}],"curies":[{"name":"wp","href":"https:\/\/api.w.org\/{rel}","templated":true}]}}