{"id":742382,"date":"2026-09-01T17:05:16","date_gmt":"2026-09-01T17:05:16","guid":{"rendered":"https:\/\/www.europesays.com\/es\/742382\/"},"modified":"2026-09-01T17:05:16","modified_gmt":"2026-09-01T17:05:16","slug":"jilson-bango-regresa-a-casademont-zaragoza","status":"publish","type":"post","link":"https:\/\/www.europesays.com\/es\/742382\/","title":{"rendered":"Jilson Bango regresa a Casademont Zaragoza"},"content":{"rendered":"<p class=\"ContentTypeText-module-scss-module__t80MYq__content__paragraph\">Casademont Zaragoza ha alcanzado un acuerdo con <strong>Jilson Bango<\/strong> (2,08m, 1999) para que el jugador angole\u00f1o regrese a la disciplina rojilla hasta el final de la temporada 2026-2027.<\/p>\n<p class=\"ContentTypeText-module-scss-module__t80MYq__content__paragraph\">El p\u00edvot se encuentra en la fase final de su lesi\u00f3n en la rodilla izquierda, necesitando de una \u00faltima operaci\u00f3n que ser\u00e1 realizada en Zaragoza y cuya posterior recuperaci\u00f3n ser\u00e1 supervisada por los servicios m\u00e9dicos de Casademont Zaragoza. Cuando reciba el alta m\u00e9dica, el jugador se incorporar\u00e1 a la din\u00e1mica del equipo.<\/p>\n<p class=\"ContentTypeText-module-scss-module__t80MYq__content__paragraph\">Regresa as\u00ed a Zaragoza un jugador que maravill\u00f3 a la \u2018Marea Roja\u2019 y se convirti\u00f3 en una de las grandes sensaciones de la Liga Endesa. Antes de recalar en el Fenerbahce turco, <strong>Jilson Bango<\/strong> registr\u00f3 con Casademont Zaragoza unas medias de 13,4 puntos, 5,5 rebotes y 16,1 de valoraci\u00f3n por encuentro en ACB.<\/p>\n<p class=\"ContentTypeText-module-scss-module__t80MYq__content__paragraph\">Fue nombrado MVP de la Jornada hasta en 3 ocasiones, y recibi\u00f3 el galard\u00f3n de MVP del mes de diciembre 2024.<\/p>\n","protected":false},"excerpt":{"rendered":"Casademont Zaragoza ha alcanzado un acuerdo con Jilson Bango (2,08m, 1999) para que el jugador angole\u00f1o regrese a&hellip;\n","protected":false},"author":2,"featured_media":742383,"comment_status":"","ping_status":"","sticky":false,"template":"","format":"standard","meta":{"footnotes":""},"categories":[269],"tags":[58880,299,298,168,25,24,557,131666,665,23,167,491],"class_list":["post-742382","post","type-post","status-publish","format-standard","has-post-thumbnail","category-baloncesto","tag-2026-27","tag-baloncesto","tag-basketball","tag-deportes","tag-es","tag-espana","tag-fichaje","tag-jilson-bango","tag-liga-endesa","tag-spain","tag-sports","tag-zaragoza"],"share_on_mastodon":{"url":"https:\/\/pubeurope.com\/@es\/117196877375352228","error":""},"_links":{"self":[{"href":"https:\/\/www.europesays.com\/es\/wp-json\/wp\/v2\/posts\/742382","targetHints":{"allow":["GET"]}}],"collection":[{"href":"https:\/\/www.europesays.com\/es\/wp-json\/wp\/v2\/posts"}],"about":[{"href":"https:\/\/www.europesays.com\/es\/wp-json\/wp\/v2\/types\/post"}],"author":[{"embeddable":true,"href":"https:\/\/www.europesays.com\/es\/wp-json\/wp\/v2\/users\/2"}],"replies":[{"embeddable":true,"href":"https:\/\/www.europesays.com\/es\/wp-json\/wp\/v2\/comments?post=742382"}],"version-history":[{"count":0,"href":"https:\/\/www.europesays.com\/es\/wp-json\/wp\/v2\/posts\/742382\/revisions"}],"wp:featuredmedia":[{"embeddable":true,"href":"https:\/\/www.europesays.com\/es\/wp-json\/wp\/v2\/media\/742383"}],"wp:attachment":[{"href":"https:\/\/www.europesays.com\/es\/wp-json\/wp\/v2\/media?parent=742382"}],"wp:term":[{"taxonomy":"category","embeddable":true,"href":"https:\/\/www.europesays.com\/es\/wp-json\/wp\/v2\/categories?post=742382"},{"taxonomy":"post_tag","embeddable":true,"href":"https:\/\/www.europesays.com\/es\/wp-json\/wp\/v2\/tags?post=742382"}],"curies":[{"name":"wp","href":"https:\/\/api.w.org\/{rel}","templated":true}]}}