{"id":742388,"date":"2026-09-01T17:08:19","date_gmt":"2026-09-01T17:08:19","guid":{"rendered":"https:\/\/www.europesays.com\/es\/742388\/"},"modified":"2026-09-01T17:08:19","modified_gmt":"2026-09-01T17:08:19","slug":"el-cuadro-robado-por-nazis-y-hallado-en-mar-del-plata-llega-esta-semana-a-una-instancia-judicial-decisiva","status":"publish","type":"post","link":"https:\/\/www.europesays.com\/es\/742388\/","title":{"rendered":"El cuadro robado por nazis y hallado en Mar del Plata llega esta semana a una instancia judicial decisiva"},"content":{"rendered":"<p><img alt=\"La pintura del siglo XVIII de Giuseppe Ghislandi, &quot;Retrato de una dama&quot;, presuntamente robada por un oficial nazi durante la Segunda Guerra Mundial y descubierta en la casa de su hija tras aparecer en un anuncio inmobiliario, se exhibe durante una conferencia de prensa del fiscal Daniel Adler en Mar del Plata (Foto AP\/Christian Heit)\" class=\"global-image\" decoding=\"async\" fetchpriority=\"high\" height=\"2434\" loading=\"eager\" src=\"https:\/\/www.europesays.com\/es\/wp-content\/uploads\/2026\/09\/FY3EF6NZJREPBDTS6TDRKU2IHI.jpg\" width=\"3650\"\/>La pintura del siglo XVIII de Giuseppe Ghislandi, \u00abRetrato de una dama\u00bb, presuntamente robada por un oficial nazi durante la Segunda Guerra Mundial y descubierta en la casa de su hija tras aparecer en un anuncio inmobiliario, se exhibe durante una conferencia de prensa del fiscal Daniel Adler en Mar del Plata (Foto AP\/Christian Heit)<\/p>\n<p>01 Sep, 2026 08:58 a. m. EST<\/p>\n<p class=\"paragraph\" data-paragraph-number=\"1\">El destino de <a href=\"https:\/\/www.infobae.com\/judiciales\/2026\/03\/02\/extendieron-la-investigacion-por-el-cuadro-robado-por-los-nazis-que-aparecio-en-mar-del-plata\/\" target=\"_blank\" rel=\"noreferrer nofollow noopener\" title=\"https:\/\/www.infobae.com\/judiciales\/2026\/03\/02\/extendieron-la-investigacion-por-el-cuadro-robado-por-los-nazis-que-aparecio-en-mar-del-plata\/\"><b>\u201cRetrato de una dama\u201d<\/b><\/a>, el cuadro robado por el r\u00e9gimen nazi a un galerista jud\u00edo durante la ocupaci\u00f3n en los Pa\u00edses Bajos y hallado tras ochenta a\u00f1os oculto en <a href=\"https:\/\/www.infobae.com\/tag\/mar-del-plata\/\" target=\"_blank\" rel=\"noreferrer nofollow noopener\" title=\"https:\/\/www.infobae.com\/tag\/mar-del-plata\/\"><b>Mar del Plata<\/b><\/a>, est\u00e1 cerca de definirse esta semana en una audiencia convocada por la Justicia. <\/p>\n<p class=\"paragraph\" data-paragraph-number=\"2\">La obra, de origen neerland\u00e9s y pintada en el siglo XVIII, permaneci\u00f3 este tiempo en la vivienda de <b>Patricia Kadgien<\/b>, hija del jerarca nazi <b>Friedrich Kadgien<\/b> \u2014apodado el \u201cmago de las finanzas\u201d de <b>Adolf Hitler\u2014<\/b> y de su esposo <b>Juan Carlos Cortegoso<\/b>, hasta su recuperaci\u00f3n en septiembre del a\u00f1o pasado.<\/p>\n<p class=\"paragraph\" data-paragraph-number=\"3\">Seg\u00fan confirmaron fuentes del caso a <b>Infobae<\/b>, la audiencia fijada para este viernes en la ciudad balnearia podr\u00eda resolver cu\u00e1l ser\u00e1 finalmente el paradero de la obra de arte. <\/p>\n<p class=\"paragraph\" data-paragraph-number=\"4\">En dicha instancia, convocada a pedido tanto de la defensa de Kadgien y Cortegoso como de la fiscal\u00eda a cargo de Carlos Mart\u00ednez, se tratar\u00e1 una posible suspensi\u00f3n del juicio a prueba \u2014el matrimonio solicit\u00f3 una probation\u2014 y, eventualmente, la restituci\u00f3n de la obra a los herederos del galerista expoliado, que se presentaron como querellantes.<\/p>\n<p class=\"paragraph\" data-paragraph-number=\"5\">En este sentido, <a href=\"https:\/\/www.infobae.com\/sociedad\/policiales\/2025\/10\/04\/una-familia-holandesa-se-presentara-en-la-justicia-argentina-y-reclamara-el-cuadro-robado-por-los-nazis\/\" rel=\"noopener noreferrer nofollow\" target=\"_blank\"><b>Marei von Saher<\/b><\/a>, nuera del fallecido artista neerland\u00e9s <b>Jacques Goudstikker<\/b>, reclama su restituci\u00f3n como leg\u00edtima heredera. Actualmente, vive en Estados Unidos y es representada por un equipo de abogados de Nueva York y Buenos Aires. <\/p>\n<p class=\"paragraph\" data-paragraph-number=\"6\">Sobre la solicitud presentada por Kadgien y Cortegoso, fuentes con acceso al expediente confiaron a este medio que <b>existe un preacuerdo con la Fiscal\u00eda<\/b> para suspender el juicio a prueba, y el cual deber\u00e1 ser homologado este viernes por el juez federal Santiago Inchausti. <\/p>\n<p class=\"paragraph\" data-paragraph-number=\"7\">En detalle, el pacto incluye <b>un pago cercano a los 5 millones de pesos, cumplir ciertas reglas de conducta y renunciar a todo derecho sobre el cuadro, aceptando que se entregue a la heredera.<\/b> <\/p>\n<p><img alt=\"Patricia Kadgien (derecha), una de las hijas del oficial nazi fugitivo Friedrich Kadgien, y su esposo, Juan Carlos Cortegoso (izquierda), asisten a una audiencia judicial en el caso del robo del &quot;Retrato de una dama&quot; del siglo XVIII (Foto AP\/Christian Heit)\" class=\"global-image\" decoding=\"async\" fetchpriority=\"low\" height=\"3597\" loading=\"lazy\" src=\"https:\/\/www.europesays.com\/es\/wp-content\/uploads\/2026\/09\/IIMBYOLO5NE7HB7XRIXMIFDKNM.jpg\" width=\"5396\"\/>Patricia Kadgien (derecha), una de las hijas del oficial nazi fugitivo Friedrich Kadgien, y su esposo, Juan Carlos Cortegoso (izquierda), asisten a una audiencia judicial en el caso del robo del \u00abRetrato de una dama\u00bb del siglo XVIII (Foto AP\/Christian Heit)<\/p>\n<p class=\"paragraph\" data-paragraph-number=\"8\">Mientras tanto, el \u201cRetrato de una dama\u201d permanece bajo custodia de la <b>Corte Suprema de la Naci\u00f3n<\/b>.<\/p>\n<p class=\"paragraph\" data-paragraph-number=\"9\">Ante el hallazgo, la querella anticip\u00f3 que solicitar\u00eda la imputaci\u00f3n de Kadgien y Cortegoso por <b>encubrimiento agravado<\/b>, <b>lavado de activos agravado<\/b> y la <b>imprescriptibilidad de los delitos<\/b> por su conexi\u00f3n con cr\u00edmenes de lesa humanidad. En caso de que se avance en esta acusaci\u00f3n, se prev\u00e9 penas m\u00e1ximas de prisi\u00f3n de cumplimiento efectivo por encima de los 10 a\u00f1os, adem\u00e1s de multas millonarias.<\/p>\n<p class=\"paragraph\" data-paragraph-number=\"10\">Von Saher manifest\u00f3 su voluntad de que, en caso de serle restituido el cuadro, este sea exhibido temporalmente en el <b>Museo del Holocausto<\/b> de Buenos Aires. Desde la instituci\u00f3n, su presidente <b>Marcelo Mindlin<\/b> valor\u00f3 la iniciativa por su potencial educativo y simb\u00f3lico, con el fin de promover la memoria sobre el saqueo cultural perpetrado durante el gobierno totalitario de <b>Adolf Hitler<\/b>.<\/p>\n<p class=\"paragraph\" data-paragraph-number=\"11\">El \u201cRetrato de una dama\u201d formaba parte de la colecci\u00f3n de <b>Goudstikker<\/b> en \u00c1msterdam, integrada por m\u00e1s de mil piezas, incluidos Rembrandt y Vermeer. Tras huir del r\u00e9gimen nazi, el galerista muri\u00f3 en la traves\u00eda y la galer\u00eda fue apropiada por los ocupantes alemanes. El recorrido del cuadro hasta la familia Kadgien no est\u00e1 documentado con precisi\u00f3n.<\/p>\n<p class=\"paragraph\" data-paragraph-number=\"12\">El descubrimiento del cuadro en Mar del Plata se produjo el a\u00f1o pasado, a partir de una investigaci\u00f3n de un medio neerland\u00e9s que lo identific\u00f3 en <b>fotograf\u00edas de una inmobiliaria<\/b>, colgado en el living de la vivienda de Kadgien. Ante la Justicia, Kadgien argument\u00f3 que la obra hab\u00eda sido adquirida en 1943 por una cu\u00f1ada de su padre en un museo de Colonia.<\/p>\n<p><img alt=\"El fiscal federal general de Mar del Plata, Daniel Adler, escucha mientras el fiscal adjunto Carlos Mart\u00ednez se dirige a los medios junto al curador Ariel Bassano (Reuters\/Jose Scalzo)\" class=\"global-image\" decoding=\"async\" fetchpriority=\"low\" height=\"2626\" loading=\"lazy\" src=\"https:\/\/www.europesays.com\/es\/wp-content\/uploads\/2026\/09\/C3FV3HNBEFGFNNCY6S2DBDCMEM.JPG\" width=\"3939\"\/>El fiscal federal general de Mar del Plata, Daniel Adler, escucha mientras el fiscal adjunto Carlos Mart\u00ednez se dirige a los medios junto al curador Ariel Bassano (Reuters\/Jose Scalzo)<\/p>\n<p class=\"paragraph\" data-paragraph-number=\"13\">El fiscal federal <b>Carlos Mart\u00ednez<\/b>, a cargo del \u00c1rea de Atenci\u00f3n Inicial de la Unidad Fiscal, con la colaboraci\u00f3n de la Procuradur\u00eda de Criminalidad Econ\u00f3mica y Lavado de Activos (Procelac), impuls\u00f3 el caso el 25 de agosto de 2025, a partir de las denuncias presentadas por <b>INTERPOL Argentina <\/b>y la Direcci\u00f3n General de Aduanas (DNA), que depende de la Agencia de Recaudaci\u00f3n y Control Aduanero (ARCA). <\/p>\n<p class=\"paragraph\" data-paragraph-number=\"14\">A partir de los primeros indicios, se realizaron distintos allanamientos para ubicar el cuadro, uno de ellos en el domicilio de la hija del exfuncionario nazi y su pareja.<\/p>\n<p class=\"paragraph\" data-paragraph-number=\"15\">Poco despu\u00e9s, el 3 de septiembre, el abogado que representaba a los sospechosos, entreg\u00f3 el cuadro en la sede de la Unidad Fiscal. As\u00ed, se resguard\u00f3 la pintura que luego fue puesta a disposici\u00f3n de la <b>Corte Suprema de Justicia de la Naci\u00f3n <\/b>por el juez federal de Mar del Plata, <b>Santiago Inchausti<\/b>, hasta tanto se pueda determinar a qui\u00e9n corresponde su entrega definitiva.<\/p>\n<p class=\"paragraph\" data-paragraph-number=\"16\">Una pericia de la <b>Academia Nacional de Bellas Artes<\/b> confirm\u00f3 que el cuadro pertenec\u00eda a la galer\u00eda de Goudstikker en los Pa\u00edses Bajos. Los analistas determinaron que se trata de una obra del naturalismo lombardo del siglo XVIII atribuible a <b>Giacomo Ceruti <\/b>y no a Giuseppe Ghislandi, como se crey\u00f3 en un principio. Para ello se basaron en el cuidado descriptivo de los vestidos, que remite a obras como el Retrato de la marquesa Laura Vitali Aliprandi.<\/p>\n<p class=\"paragraph\" data-paragraph-number=\"17\"><a href=\"https:\/\/www.infobae.com\/judiciales\/2026\/05\/13\/la-justicia-recibio-un-informe-clave-para-resolver-la-restitucion-del-cuadro-robado-por-los-nazis-hallado-en-mar-del-plata\" rel=\"noopener noreferrer nofollow\" target=\"_blank\">La <b>DAIA<\/b><\/a>, a trav\u00e9s de un informe, respald\u00f3 la situaci\u00f3n de expolio y la necesidad de restituci\u00f3n, al subrayar el car\u00e1cter de \u201cjusticia hist\u00f3rica y reparaci\u00f3n moral\u201d del proceso. Expertos tasaron la obra en <b>250.000 euros<\/b>, aunque el valor simb\u00f3lico y testimonial superar\u00eda ampliamente la estimaci\u00f3n monetaria.<\/p>\n<p class=\"paragraph\" data-paragraph-number=\"18\">Mientras se espera la resoluci\u00f3n del juez federal Inchausti, el caso se presenta como un nuevo cap\u00edtulo en la recuperaci\u00f3n de bienes expoliados durante el Holocausto, y representa un ejemplo del saqueo cultural y los cr\u00edmenes del nazismo. <\/p>\n","protected":false},"excerpt":{"rendered":"La pintura del siglo XVIII de Giuseppe Ghislandi, \u00abRetrato de una dama\u00bb, presuntamente robada por un oficial nazi&hellip;\n","protected":false},"author":2,"featured_media":742389,"comment_status":"","ping_status":"","sticky":false,"template":"","format":"standard","meta":{"footnotes":""},"categories":[173],"tags":[229,233,231,230,11892,232,234,146,147,25,24,26224,10986,757,23],"class_list":["post-742388","post","type-post","status-publish","format-standard","has-post-thumbnail","category-arte-y-diseno","tag-arte","tag-arte-y-diseno","tag-arts","tag-arts-and-design","tag-crime","tag-design","tag-diseno","tag-entertainment","tag-entretenimiento","tag-es","tag-espana","tag-human-interest-brights-odd-news","tag-mar-del-plata","tag-south-america-central-america","tag-spain"],"share_on_mastodon":{"url":"https:\/\/pubeurope.com\/@es\/117196890746921076","error":""},"_links":{"self":[{"href":"https:\/\/www.europesays.com\/es\/wp-json\/wp\/v2\/posts\/742388","targetHints":{"allow":["GET"]}}],"collection":[{"href":"https:\/\/www.europesays.com\/es\/wp-json\/wp\/v2\/posts"}],"about":[{"href":"https:\/\/www.europesays.com\/es\/wp-json\/wp\/v2\/types\/post"}],"author":[{"embeddable":true,"href":"https:\/\/www.europesays.com\/es\/wp-json\/wp\/v2\/users\/2"}],"replies":[{"embeddable":true,"href":"https:\/\/www.europesays.com\/es\/wp-json\/wp\/v2\/comments?post=742388"}],"version-history":[{"count":0,"href":"https:\/\/www.europesays.com\/es\/wp-json\/wp\/v2\/posts\/742388\/revisions"}],"wp:featuredmedia":[{"embeddable":true,"href":"https:\/\/www.europesays.com\/es\/wp-json\/wp\/v2\/media\/742389"}],"wp:attachment":[{"href":"https:\/\/www.europesays.com\/es\/wp-json\/wp\/v2\/media?parent=742388"}],"wp:term":[{"taxonomy":"category","embeddable":true,"href":"https:\/\/www.europesays.com\/es\/wp-json\/wp\/v2\/categories?post=742388"},{"taxonomy":"post_tag","embeddable":true,"href":"https:\/\/www.europesays.com\/es\/wp-json\/wp\/v2\/tags?post=742388"}],"curies":[{"name":"wp","href":"https:\/\/api.w.org\/{rel}","templated":true}]}}