{"id":742392,"date":"2026-09-01T17:11:17","date_gmt":"2026-09-01T17:11:17","guid":{"rendered":"https:\/\/www.europesays.com\/es\/742392\/"},"modified":"2026-09-01T17:11:17","modified_gmt":"2026-09-01T17:11:17","slug":"dani-white-la-historia-de-un-chico-que-se-convirtio-en-estrella-del-rock-dep-1991-2026","status":"publish","type":"post","link":"https:\/\/www.europesays.com\/es\/742392\/","title":{"rendered":"Dani White: La historia de un chico que se convirti\u00f3 en estrella del rock (DEP &#8211; 1991\/2026)"},"content":{"rendered":"<p><img data-lazyloaded=\"1\" fetchpriority=\"high\" decoding=\"async\" class=\"aligncenter size-full wp-image-377463\" src=\"https:\/\/www.europesays.com\/es\/wp-content\/uploads\/2026\/09\/Dani_White-e1788259149552.jpg\" alt=\"\" width=\"1638\" height=\"860\"  data-\/><\/p>\n<p style=\"text-align: justify;\">Desde Metalcry.com y bajo mi amor por \u00e9l, este es mi peque\u00f1o homenaje a una gran persona; un gran ser llamado <strong>Dani Alba Castillo<\/strong>, <strong>Dani \u201cWhite\u201d<\/strong> para el mundo del rock y sus amigos.<\/p>\n<p style=\"text-align: justify;\">Naci\u00f3 en cornell\u00e0, el <strong>06 de junio de 1991<\/strong>. Siempre fue intenso, alegre, viviendo su infancia intentando cumplir sus sue\u00f1os y, a d\u00eda de hoy, creo que consigui\u00f3 realizar lo que m\u00e1s le gustaba en su corta vida: vivir por y para la m\u00fasica, la familia y los amigos\u2026 trabajar y disfrutar sanamente de los conciertos que a tantos nos apasionan.<\/p>\n<p style=\"text-align: justify;\">\u00bfSe puede ser una estrella del rock sin haber tenido una banda? Pues mi respuesta es s\u00ed, y eso era <strong>Dani<\/strong>: el mayor fan de <strong>S\u00d4BER<\/strong>. Seg\u00fan \u00e9l, <strong>S\u00d4BER<\/strong> le sac\u00f3 una sonrisa en su peor momento. Le dieron fuerza y, no s\u00e9 si me equivoco, les sigui\u00f3 por toda Espa\u00f1a durante a\u00f1os. Se encargaba de disfrutar, vibrar y darnos su amistad a todos los que est\u00e1bamos all\u00ed. Incluso a las bandas. Y como <strong>S\u00d4BER<\/strong> a miles de grupos como <strong>ROMANTHICA<\/strong>, <strong>DAERIA<\/strong>, <strong>MORPHIUM<\/strong>, <strong>INMUNE<\/strong>\u2026 Tambi\u00e9n apoyaba todos los festivales habidos y por haber. Si ten\u00eda que ayudarnos, nos ayudaba. Compart\u00eda eventos, vend\u00eda merchandising y, sobre todo, nos daba una lecci\u00f3n a todos. Esa lecci\u00f3n se llamaba pasi\u00f3n.<\/p>\n<p style=\"text-align: justify;\">Este pasado mes de julio, <strong>Dani<\/strong> nos ha dejado un vac\u00edo enorme, porque se fue de la manera m\u00e1s dura que un ser entra\u00f1able pod\u00eda padecer; un terrible c\u00e1ncer. Pero su vac\u00edo ya se notaba en las salas un a\u00f1o antes, al no poder estar ah\u00ed con nosotros. A m\u00ed, personalmente, me demostr\u00f3 que era algo m\u00e1s que una persona con la que coincid\u00edas en gustos. No he conocido a alguien que se haga querer tanto, que derrochara tanta energ\u00eda y que, antes que nada, siempre te preguntara: \u201c\u00bfT\u00fa c\u00f3mo est\u00e1s?\u201d. Se llama HUMANIDAD.<\/p>\n<p style=\"text-align: justify;\">En mi vida, por desgracia, se me han ido personas\u2026 pero lo que viv\u00ed el <strong>25 julio de 2026<\/strong> fue un dolor compartido por cientos de personas que fuimos a despedirlo junto a su familia. Otras tant\u00edsimas dieron apoyo por redes, y creo que hablo de personas importantes: jefes de salas, promotores\u2026 Y es que <strong>Dani<\/strong> se dio a conocer por su enorme carisma y coraz\u00f3n. Una vez tuve una conversaci\u00f3n con \u00e9l, en plan: \u201c<strong>Dani<\/strong>, ahorra para un piso\u2026\u201d y me contest\u00f3: \u201cYo invierto en mi felicidad\u201d.<\/p>\n<p><img loading=\"lazy\" data-lazyloaded=\"1\" decoding=\"async\" class=\"aligncenter size-full wp-image-377464\" src=\"https:\/\/www.europesays.com\/es\/wp-content\/uploads\/2026\/09\/Dani_White_Sober.jpg\" alt=\"\" width=\"2048\" height=\"1536\"  data-\/><\/p>\n<p style=\"text-align: justify;\">Todo esto es una peque\u00f1a reflexi\u00f3n de lo que yo aprend\u00ed de esta estrella llamada <strong>Dani White Pick<\/strong>. Ten\u00edas raz\u00f3n; vida hay una y hay que vivirla como una desea, porque los giros son a veces injustos como en su caso.<\/p>\n<p style=\"text-align: justify;\">Desde Metalcry.com rendimos homenaje a este gran ser. A este rockero empedernido. A un ser de luz. El entorno de <strong>S\u00d4BER<\/strong> se ha quedado en shock y con un vac\u00edo en nuestras quedadas \u201csoberianas\u201d, pero siempre habr\u00e1 un brindis por ti.<\/p>\n<p style=\"text-align: justify;\">A toda su familia, queremos hacerle constar lo grande que era su hijo. Lo que lleg\u00f3 a conseguir y el vac\u00edo que nos ha dejado. Es duro realizar un bolo y no poder pedirle ayuda, porque \u00e9l siempre estaba ah\u00ed\u00ad para todos nosotros.<\/p>\n<p style=\"text-align: justify;\">TE RECORDAREMOS SIEMPRE CON UNA SONRISA Y CON EL AMOR QUE NOS DISTE.<\/p>\n<p style=\"text-align: justify;\">UNA ESTRELLA DEL ROCK SIN BANDA, PERO CON MILLONES DE AMIGOS. SIN TI NO SER\u00c1 LO MISMO. COGISTE TUS ALAS Y A VOLAR\u2026 TIC TAC.<\/p>\n<p>Autora: Bego\u00f1a Morales Garc\u00eda<\/p>\n","protected":false},"excerpt":{"rendered":"Desde Metalcry.com y bajo mi amor por \u00e9l, este es mi peque\u00f1o homenaje a una gran persona; un&hellip;\n","protected":false},"author":2,"featured_media":742393,"comment_status":"","ping_status":"","sticky":false,"template":"","format":"standard","meta":{"footnotes":""},"categories":[170],"tags":[146,147,25,24,184,185,48270,23],"class_list":["post-742392","post","type-post","status-publish","format-standard","has-post-thumbnail","category-musica","tag-entertainment","tag-entretenimiento","tag-es","tag-espana","tag-music","tag-musica","tag-sober","tag-spain"],"share_on_mastodon":{"url":"https:\/\/pubeurope.com\/@es\/117196901836246573","error":""},"_links":{"self":[{"href":"https:\/\/www.europesays.com\/es\/wp-json\/wp\/v2\/posts\/742392","targetHints":{"allow":["GET"]}}],"collection":[{"href":"https:\/\/www.europesays.com\/es\/wp-json\/wp\/v2\/posts"}],"about":[{"href":"https:\/\/www.europesays.com\/es\/wp-json\/wp\/v2\/types\/post"}],"author":[{"embeddable":true,"href":"https:\/\/www.europesays.com\/es\/wp-json\/wp\/v2\/users\/2"}],"replies":[{"embeddable":true,"href":"https:\/\/www.europesays.com\/es\/wp-json\/wp\/v2\/comments?post=742392"}],"version-history":[{"count":0,"href":"https:\/\/www.europesays.com\/es\/wp-json\/wp\/v2\/posts\/742392\/revisions"}],"wp:featuredmedia":[{"embeddable":true,"href":"https:\/\/www.europesays.com\/es\/wp-json\/wp\/v2\/media\/742393"}],"wp:attachment":[{"href":"https:\/\/www.europesays.com\/es\/wp-json\/wp\/v2\/media?parent=742392"}],"wp:term":[{"taxonomy":"category","embeddable":true,"href":"https:\/\/www.europesays.com\/es\/wp-json\/wp\/v2\/categories?post=742392"},{"taxonomy":"post_tag","embeddable":true,"href":"https:\/\/www.europesays.com\/es\/wp-json\/wp\/v2\/tags?post=742392"}],"curies":[{"name":"wp","href":"https:\/\/api.w.org\/{rel}","templated":true}]}}