{"id":742414,"date":"2026-09-01T17:25:49","date_gmt":"2026-09-01T17:25:49","guid":{"rendered":"https:\/\/www.europesays.com\/es\/742414\/"},"modified":"2026-09-01T17:25:49","modified_gmt":"2026-09-01T17:25:49","slug":"la-pista-de-la-marihuana-espera-a-rafa-jodar-es-como-la-sala-de-estar-de-snoop-dogg","status":"publish","type":"post","link":"https:\/\/www.europesays.com\/es\/742414\/","title":{"rendered":"&#8216;La pista de la marihuana&#8217; espera a Rafa J\u00f3dar: \u00abEs como la sala de estar de Snoop Dogg\u00bb"},"content":{"rendered":"<p class=\"L6-news-detail__text\"><b>Rafa J\u00f3dar<\/b> debutar\u00e1 este martes no antes de las 19:30 horas en Espa\u00f1a en el <b>US Open<\/b>, torneo que gan\u00f3 en la categor\u00eda junior hace dos a\u00f1os.<\/p>\n<p class=\"L6-news-detail__text\">Con el australiano <b>Thanasi Kokkinakis <\/b>como rival, jugar\u00e1 en la <b>pista 17 del Billie Jean King Tennis Center.<\/b><\/p>\n<p class=\"L6-news-detail__text\">Se trata de una pista que est\u00e1 cerca del Corona Park, un parque en el que se suele fumar marihuana y el olor llega hasta el recinto del <b>US Open. <\/b><\/p>\n<p class=\"L6-news-detail__text\">\u00ab<b>La pista 17 huele como la sala de estar de Snoop Dogg<\/b>. Dios m\u00edo, est\u00e1 en todas partes. Toda la cancha huele a hierba\u00bb, dijo Zverev hace unos a\u00f1os.<\/p>\n<p class=\"L6-news-detail__text\">Ya en esta edici\u00f3n, ha sido la brit\u00e1nica Katie Boulter la que se ha quejado: \u00ab<b>No me hace mucha gracia jugar en estas condiciones<\/b>. Ya he percibido ese olor durante un partido. Es algo que no me gustar\u00eda oler. Intento concentrarme y, obviamente, eso me saca de mi burbuja. Podr\u00edamos prescindir de ello; no necesitamos distracciones\u00bb.<\/p>\n<p class=\"L6-news-detail__text\">Cabe recordar que desde 2021 <b>es legal consumir cannabis en la v\u00eda p\u00fablica<\/b> para los mayores de 21 a\u00f1os, por lo que, por el momento, poco se puede hacer.<\/p>\n<p class=\"L6-support-news-video__title\">Exaltaci\u00f3n de la estelada<\/p>\n<p> <a href=\"https:\/\/www.lasexta.com\/noticias\/deportes\/futbol\/reparten-10000-esteladas-puertas-camp-nou-agresion-policial-elche_202608276a90962d2bcaf82098f1495e.html\" class=\"L6-news__link\" rel=\"nofollow noopener\" target=\"_blank\">Reparten 10.000 esteladas a las puertas del Camp Nou tras la agresi\u00f3n policial de Elche<\/p>\n<p class=\"recirculation-video-desc\">Los detalles Pretenden defender la legalidad de la estelada y denunciar lo ocurrido el pasado domingo en Elche, cuando varios agentes de polic\u00eda agredieron a un menor aficionado del Bar\u00e7a tras requisarle una de estas banderas.<\/p>\n<p> <\/a><\/p>\n","protected":false},"excerpt":{"rendered":"Rafa J\u00f3dar debutar\u00e1 este martes no antes de las 19:30 horas en Espa\u00f1a en el US Open, torneo&hellip;\n","protected":false},"author":2,"featured_media":742415,"comment_status":"","ping_status":"","sticky":false,"template":"","format":"standard","meta":{"footnotes":""},"categories":[274],"tags":[168,25,24,110362,23,167,327,326,541],"class_list":["post-742414","post","type-post","status-publish","format-standard","has-post-thumbnail","category-tenis","tag-deportes","tag-es","tag-espana","tag-noticias-ultima-hora","tag-spain","tag-sports","tag-tenis","tag-tennis","tag-us-open"],"share_on_mastodon":{"url":"https:\/\/pubeurope.com\/@es\/117196959704464303","error":""},"_links":{"self":[{"href":"https:\/\/www.europesays.com\/es\/wp-json\/wp\/v2\/posts\/742414","targetHints":{"allow":["GET"]}}],"collection":[{"href":"https:\/\/www.europesays.com\/es\/wp-json\/wp\/v2\/posts"}],"about":[{"href":"https:\/\/www.europesays.com\/es\/wp-json\/wp\/v2\/types\/post"}],"author":[{"embeddable":true,"href":"https:\/\/www.europesays.com\/es\/wp-json\/wp\/v2\/users\/2"}],"replies":[{"embeddable":true,"href":"https:\/\/www.europesays.com\/es\/wp-json\/wp\/v2\/comments?post=742414"}],"version-history":[{"count":0,"href":"https:\/\/www.europesays.com\/es\/wp-json\/wp\/v2\/posts\/742414\/revisions"}],"wp:featuredmedia":[{"embeddable":true,"href":"https:\/\/www.europesays.com\/es\/wp-json\/wp\/v2\/media\/742415"}],"wp:attachment":[{"href":"https:\/\/www.europesays.com\/es\/wp-json\/wp\/v2\/media?parent=742414"}],"wp:term":[{"taxonomy":"category","embeddable":true,"href":"https:\/\/www.europesays.com\/es\/wp-json\/wp\/v2\/categories?post=742414"},{"taxonomy":"post_tag","embeddable":true,"href":"https:\/\/www.europesays.com\/es\/wp-json\/wp\/v2\/tags?post=742414"}],"curies":[{"name":"wp","href":"https:\/\/api.w.org\/{rel}","templated":true}]}}