{"id":742416,"date":"2026-09-01T17:27:12","date_gmt":"2026-09-01T17:27:12","guid":{"rendered":"https:\/\/www.europesays.com\/es\/742416\/"},"modified":"2026-09-01T17:27:12","modified_gmt":"2026-09-01T17:27:12","slug":"la-decepcion-de-xabier-mikel-azparren-tras-rozar-el-triunfo-de-etapa-en-la-vuelta-ganaba-facil-al-sprint-y-me-he-equivocado","status":"publish","type":"post","link":"https:\/\/www.europesays.com\/es\/742416\/","title":{"rendered":"La decepci\u00f3n de Xabier Mikel Azparren tras rozar el triunfo de etapa en La Vuelta: \u00abGanaba f\u00e1cil al sprint y me he equivocado\u00bb"},"content":{"rendered":"<p style=\"\">Xabier Mikel Azparren (Q36.5) no pudo ocultar su decepci\u00f3n tras rozar el triunfo en la d\u00e9cima etapa de La Vuelta que terminaba en Elche  &#8230; de la Sierra. Yevgeniy Fedorov (Astana) aprovech\u00f3 la indecisi\u00f3n del pelot\u00f3n en el \u00faltimo kil\u00f3metro y arranc\u00f3 en busca del triunfo en solitario. El donostiarra, cargado de fe, sali\u00f3 a su rueda y cerr\u00f3 el hueco con facilidad, pero el sprint final lleg\u00f3 tarde y el pelot\u00f3n les dio caza en el \u00faltimo instante y Azparren solo pudo ser sexto. La victoria de etapa fue para el franc\u00e9s Tronchon (Groupama) en la que es su primera victoria en una gran vuelta. El a\u00f1o pasado fue tercero en la etap de Lodosa a Pamplona en la Itzulia. <\/p>\n<p class=\"v-d-p\" style=\"\">Parec\u00eda una cuesti\u00f3n de falta de fuerzas de Azparren, pero en los micr\u00f3fonos el ciclista guipuzcoano confirm\u00f3 que fue un fallo de c\u00e1lculo. \u00abLo he querido jugar con demasiada calma, pero me equivocado. Le ganaba f\u00e1cil al sprint\u00bb, sentenci\u00f3 decepcionado ante los micr\u00f3fonos de Eurosport.<\/p>\n<p class=\"v-d-p\" style=\"\">El donostiarra, que por una parte estaba \u00abmuy contento porque llevaba a\u00f1os queriendo estar en la pelea por etapas y estoy consigui\u00e9ndolo\u00bb, no obtuvo consuelo suficiente. \u00abSab\u00eda que era r\u00e1pido, pero he visto que el corredor de Astana estaba nervioso y probablemente se conformar\u00eda con el segundo puesto. Normalmente peco de lo contrario, de ser demasiado caliente\u00bb, dijo, aunque se intentaba quedar con que \u00abal menos hemos estado en la pelea\u00bb. <\/p>\n<p class=\"v-d-p\" style=\"\">La etapa era una en las que Azparren ten\u00eda intenci\u00f3n de conseguir la etapa, aunque la jornada ha sido muy dura para \u00e9l pese a que ha estado cerca de lograr el gran premio. \u00abEra una etapa que ten\u00eda marcada. A mitad de etapa iba muy mal, le he comentado al director que no contaran conmigo porque no iba nada bien, pero poco a poco he ido encontrando mi punto\u00bb, reconoc\u00eda antes de sentenciar con ambici\u00f3n que \u00abcreo que tengo una etapa en las piernas en esta Vuelta\u00bb.<\/p>\n<p>\nEl recuerdo de Ion Izagirre en 2020\n<\/p>\n<p class=\"v-d-p\" style=\"\">Xabier Mikel Azparren estuvo muy cerca de recoger el testigo que dej\u00f3 el ormaiztegiarra Ion Izagirre en 2020, en la \u00faltima victoria de etapa de un guipuzcoano en la Vuelta a Espa\u00f1a. En una etapa, la sexta de la carrera, con inicio en Biescas y final en Formigal, Izagirre culmin\u00f3 con la ayuda de su hermano Gorka una brillante escapada para lograr el triunvirato de victorias en las tres grandes vueltas.<\/p>\n","protected":false},"excerpt":{"rendered":"Xabier Mikel Azparren (Q36.5) no pudo ocultar su decepci\u00f3n tras rozar el triunfo en la d\u00e9cima etapa de&hellip;\n","protected":false},"author":2,"featured_media":742417,"comment_status":"","ping_status":"","sticky":false,"template":"","format":"standard","meta":{"footnotes":""},"categories":[273],"tags":[92635,313,312,17172,168,88978,25,24,314,9868,54451,38560,23,167,3596,575,2886,1357],"class_list":["post-742416","post","type-post","status-publish","format-standard","has-post-thumbnail","category-ciclismo","tag-azparren","tag-ciclismo","tag-cycling","tag-decepcion","tag-deportes","tag-equivocado","tag-es","tag-espana","tag-etapa","tag-facil","tag-ganaba","tag-rozar","tag-spain","tag-sports","tag-sprint","tag-tras","tag-triunfo","tag-vuelta"],"share_on_mastodon":{"url":"https:\/\/pubeurope.com\/@es\/117196963545766941","error":""},"_links":{"self":[{"href":"https:\/\/www.europesays.com\/es\/wp-json\/wp\/v2\/posts\/742416","targetHints":{"allow":["GET"]}}],"collection":[{"href":"https:\/\/www.europesays.com\/es\/wp-json\/wp\/v2\/posts"}],"about":[{"href":"https:\/\/www.europesays.com\/es\/wp-json\/wp\/v2\/types\/post"}],"author":[{"embeddable":true,"href":"https:\/\/www.europesays.com\/es\/wp-json\/wp\/v2\/users\/2"}],"replies":[{"embeddable":true,"href":"https:\/\/www.europesays.com\/es\/wp-json\/wp\/v2\/comments?post=742416"}],"version-history":[{"count":0,"href":"https:\/\/www.europesays.com\/es\/wp-json\/wp\/v2\/posts\/742416\/revisions"}],"wp:featuredmedia":[{"embeddable":true,"href":"https:\/\/www.europesays.com\/es\/wp-json\/wp\/v2\/media\/742417"}],"wp:attachment":[{"href":"https:\/\/www.europesays.com\/es\/wp-json\/wp\/v2\/media?parent=742416"}],"wp:term":[{"taxonomy":"category","embeddable":true,"href":"https:\/\/www.europesays.com\/es\/wp-json\/wp\/v2\/categories?post=742416"},{"taxonomy":"post_tag","embeddable":true,"href":"https:\/\/www.europesays.com\/es\/wp-json\/wp\/v2\/tags?post=742416"}],"curies":[{"name":"wp","href":"https:\/\/api.w.org\/{rel}","templated":true}]}}