{"id":742422,"date":"2026-09-01T17:31:14","date_gmt":"2026-09-01T17:31:14","guid":{"rendered":"https:\/\/www.europesays.com\/es\/742422\/"},"modified":"2026-09-01T17:31:14","modified_gmt":"2026-09-01T17:31:14","slug":"alejandra-rubio-recibe-el-alta-tras-el-nacimiento-de-tessa-su-segundo-hija-con-carlo-costanzia","status":"publish","type":"post","link":"https:\/\/www.europesays.com\/es\/742422\/","title":{"rendered":"Alejandra Rubio recibe el alta tras el nacimiento de Tessa, su segundo hija con Carlo Costanzia"},"content":{"rendered":"<p><b>La familia Costanzia Rubio crece. <\/b><a title=\"Alejandra y Carlo\" href=\"https:\/\/www.larazon.es\/gente\/famosos\/este-original-nombre-hija-alejandra-rubio-carlo-costanzia-emotivo-guino-maria-teresa-campos_202608316a955f203bfe5d1eff3daec4.html\" target=\"_blank\" rel=\"nofollow noopener\">Alejandra y Carlo<\/a> se han convertido en padres de su segunda hija este fin de semana. La nueva integrante del clan Campos se llama Tessa y naci\u00f3 el 29 de agosto en la Fundaci\u00f3n Jim\u00e9nez D\u00edaz de Madrid. Tal y como ha revelado la pareja, este nombre es un homenaje a sus dos abuelas, Mar\u00eda Teresa y Elsa.<\/p>\n<p>Alejandra y Carlo atendieron ayer por la tarde a los medios en las puertas del hospital. \u00abTodo ha ido bien, hay que venir sin expectativas\u00bb, revelaba la nieta de Mar\u00eda Teresa sobre el parto, explicando que <b>\u00abhe tenido una operaci\u00f3n otra vez\u00bb y que no sabr\u00eda cuando abandonar\u00eda el hospital. <\/b><\/p>\n<p><img decoding=\"async\" loading=\"lazy\" src=\"https:\/\/www.europesays.com\/es\/wp-content\/uploads\/2026\/09\/1788283874_313_58.jpg\" alt=\"Alejandra Rubio y Carlo Costanzia desvelan el significado del nombre de su hija Tessa: &quot;Es un gui\u00f1o a nuestras abuelas&quot;\" width=\"1920\" height=\"1440\"\/><b>Alejandra Rubio y Carlo Costanzia desvelan el significado del nombre de su hija Tessa: \u00abEs un gui\u00f1o a nuestras abuelas\u00bb<\/b> Europa Press<\/p>\n<p>Finalmente, Alejandra Rubio ha recibido el alta m\u00e9dica este martes 1 de septiembre al mediod\u00eda y ya se encuentra en casa junto a Carlo y Tessa. La pareja y su beb\u00e9 han abandonado el hospital de forma discreta, sin posar ante las c\u00e1maras. <b>En el coche iba de copiloto Carlo Costanzia padre, que se ha mostrado muy pendiente de su nieta en todo momento. <\/b><\/p>\n<p>Alejadra y Carlo ya se encuentran en casa junto a Tessa y su primog\u00e9nito, el peque\u00f1o Carlo, de un a\u00f1o y ocho meses.<b> El primer hijo de la pareja lleg\u00f3 al mundo el 6 de diciembre de 2024. <\/b>Comienza una nueva etapa para la familia con la llegada al mundo de su hija, una ni\u00f1a muy deseada. A diferencia que su primer embarazo, la hija de Terelu Campos ha vivido estos meses lejos del foco medi\u00e1tico, despu\u00e9s de retirarse a finales del mes de marzo de su trabajo en televisi\u00f3n.<\/p>\n<p>La familia, volcada con el nacimiento de Tessa<\/p>\n<p>Los abuelos de Tessa ya conocen a su nueva nieta. Terelu Campos, que ayer, 31 de agosto, cumpli\u00f3 61 a\u00f1os, vivi\u00f3 uno de sus m\u00e1s emocionantes de su vida al conocer a la ni\u00f1a. <b>\u00abMi cumplea\u00f1os es hoy y ella ha nacido dos d\u00edas antes, tendr\u00e1 el d\u00eda de su cumplea\u00f1os y luego ya vendr\u00e1 el de la abuela, pero para m\u00ed es uno de los mejores cumplea\u00f1os de mi vida y ese es el mejor regalo que puedo tener, que est\u00e9 sana, que est\u00e9 bien y que se cr\u00ede con toda la salud del mundo\u00bb<\/b>, reconoci\u00f3 emocionada.<\/p>\n<p>Por su parte, Mar Flores, sin poder ocultar su sonrisa, revel\u00f3 en \u00abY ahora Sonsoles\u00bb que <b>\u00ablos veo muy felices a ellos, creando una familia, porque mi hijo es muy familiar. Alejandra es una campeona. Lo de que la beb\u00e9 sea ni\u00f1a es el colmo\u00bb. <\/b><\/p>\n","protected":false},"excerpt":{"rendered":"La familia Costanzia Rubio crece. Alejandra y Carlo se han convertido en padres de su segunda hija este&hellip;\n","protected":false},"author":2,"featured_media":742423,"comment_status":"","ping_status":"","sticky":false,"template":"","format":"standard","meta":{"footnotes":""},"categories":[174],"tags":[5617,9893,255,146,147,25,24,256,260,23],"class_list":["post-742422","post","type-post","status-publish","format-standard","has-post-thumbnail","category-famosos","tag-alejandra-rubio","tag-carlo-costanzia","tag-celebrities","tag-entertainment","tag-entretenimiento","tag-es","tag-espana","tag-famosos","tag-gente","tag-spain"],"share_on_mastodon":{"url":"https:\/\/pubeurope.com\/@es\/117196979897944580","error":""},"_links":{"self":[{"href":"https:\/\/www.europesays.com\/es\/wp-json\/wp\/v2\/posts\/742422","targetHints":{"allow":["GET"]}}],"collection":[{"href":"https:\/\/www.europesays.com\/es\/wp-json\/wp\/v2\/posts"}],"about":[{"href":"https:\/\/www.europesays.com\/es\/wp-json\/wp\/v2\/types\/post"}],"author":[{"embeddable":true,"href":"https:\/\/www.europesays.com\/es\/wp-json\/wp\/v2\/users\/2"}],"replies":[{"embeddable":true,"href":"https:\/\/www.europesays.com\/es\/wp-json\/wp\/v2\/comments?post=742422"}],"version-history":[{"count":0,"href":"https:\/\/www.europesays.com\/es\/wp-json\/wp\/v2\/posts\/742422\/revisions"}],"wp:featuredmedia":[{"embeddable":true,"href":"https:\/\/www.europesays.com\/es\/wp-json\/wp\/v2\/media\/742423"}],"wp:attachment":[{"href":"https:\/\/www.europesays.com\/es\/wp-json\/wp\/v2\/media?parent=742422"}],"wp:term":[{"taxonomy":"category","embeddable":true,"href":"https:\/\/www.europesays.com\/es\/wp-json\/wp\/v2\/categories?post=742422"},{"taxonomy":"post_tag","embeddable":true,"href":"https:\/\/www.europesays.com\/es\/wp-json\/wp\/v2\/tags?post=742422"}],"curies":[{"name":"wp","href":"https:\/\/api.w.org\/{rel}","templated":true}]}}