{"id":742424,"date":"2026-09-01T17:32:51","date_gmt":"2026-09-01T17:32:51","guid":{"rendered":"https:\/\/www.europesays.com\/es\/742424\/"},"modified":"2026-09-01T17:32:51","modified_gmt":"2026-09-01T17:32:51","slug":"rafael-tamayo-mueve-las-fichas-del-mamm-su-apuesta-para-transformar-el-museo-de-medellin-rumbo-a-sus-50-anos","status":"publish","type":"post","link":"https:\/\/www.europesays.com\/es\/742424\/","title":{"rendered":"Rafael Tamayo mueve las fichas del MAMM: su apuesta para transformar el museo de Medell\u00edn rumbo a sus 50 a\u00f1os"},"content":{"rendered":"<p class=\"text-base\" data-type=\"text\"><b>Rafael Tamayo asumi\u00f3 la direcci\u00f3n del Museo de Arte Moderno de Medell\u00edn, MAMM, en diciembre de 2025.<\/b> Es doctor en Historia por la Universidad Nacional de Colombia, estudi\u00f3 Derecho Internacional y tiene m\u00e1s de 17 a\u00f1os de trayectoria en gesti\u00f3n cultural. <b>Su llegada ocurre en una coyuntura decisiva: el museo se prepara para cumplir 50 a\u00f1os en 2028 y busca ampliar sus p\u00fablicos, fortalecer la circulaci\u00f3n del arte y profundizar sus v\u00ednculos internacionales.<\/b><\/p>\n<p class=\"text-base\" data-type=\"text\">SEMANA convers\u00f3 con \u00e9l sobre una instituci\u00f3n que quiere intervenir en la vida cultural de Medell\u00edn. Su historia est\u00e1 marcada por las primeras bienales, por la violencia de los a\u00f1os ochenta, por el legado de D\u00e9bora Arango y por una transformaci\u00f3n que llev\u00f3 al museo de un barrio a Ciudad del R\u00edo.<\/p>\n<p><a href=\"https:\/\/www.semana.com\/cultura\/arte\/articulo\/dia-del-arte-urbano-los-muros-y-paredes-de-bogota-son-lienzos-y-alimentan-el-museo-abierto-de-bogota\/202600\/\" data-type=\"link_list\" target=\"_blank\" rel=\"noopener noreferrer nofollow\" class=\"no-underline\"><img decoding=\"async\" data-chromatic=\"ignore\" alt=\"El D\u00eda del Arte Urbano propicia el encuentro y el di\u00e1logo ciudadano alrededor del grafiti y exalta la memoria del grafitero Diego Felipe Becerra Lizarazo.\" class=\"c-image m-0 h-full w-full object-cover\" loading=\"lazy\" src=\"https:\/\/www.europesays.com\/es\/wp-content\/uploads\/2026\/09\/IIQKAJ5OW5BSBKIVXE65FSM46Q.png\"  width=\"128\" height=\"128\"\/><\/p>\n<p>D\u00eda del Arte Urbano: los muros y paredes son lienzos y alimentan el Museo Abierto de Bogot\u00e1<\/p>\n<p><\/a><img decoding=\"async\" data-chromatic=\"ignore\" alt=\"Rafael Tamayo , director del MAMM habl\u00f3 con SEMANA sobre las casi cinco d\u00e9cadas de historia del museo, el legado de D\u00e9bora Arango, la llegada de nuevos p\u00fablicos y el desaf\u00edo de conectar a Medell\u00edn con el circuito internacional del arte.\" class=\"c-image w-auto mx-auto max-h-[70vh] object-contain rounded-lg\" loading=\"lazy\" src=\"https:\/\/www.europesays.com\/es\/wp-content\/uploads\/2026\/09\/F5DSSAV4UBGHNNZCGJ6BWYUTBQ.jpg\"   width=\"8192\" height=\"5464\"\/><\/p>\n<p>Rafael Tamayo , director del MAMM habl\u00f3 con SEMANA sobre las casi cinco d\u00e9cadas de historia del museo, el legado de D\u00e9bora Arango, la llegada de nuevos p\u00fablicos y el desaf\u00edo de conectar a Medell\u00edn con el circuito internacional del arte. Foto: MAMM<\/p>\n<p class=\"text-base\" data-type=\"text\">Tamayo ubica uno de los antecedentes fundamentales del arte contempor\u00e1neo en Colombia en las bienales de Medell\u00edn de 1968, 1970 y 1972, financiadas por Coltejer. A su juicio, aquellos encuentros transformaron la relaci\u00f3n de la ciudad con el arte: j\u00f3venes que las visitaron decidieron estudiar y dedicarse a la creaci\u00f3n, mientras quienes estaban form\u00e1ndose encontraron inspiraci\u00f3n para experimentar.<\/p>\n<p class=\"text-base\" data-type=\"text\">El MAMM no fue el primer museo de arte moderno del pa\u00eds. Fue, seg\u00fan Tamayo, el \u00faltimo de esa generaci\u00f3n. <b>Naci\u00f3 en 1978 gracias a nueve j\u00f3venes artistas que quisieron crear un museo sin tener sede ni una colecci\u00f3n consolidada.<\/b> <\/p>\n<p><a href=\"https:\/\/www.semana.com\/cultura\/arte\/articulo\/yayoi-kusama-explorando-la-identidad-en-un-mundo-saturado-de-estimulos-visuales\/202631\/\" data-type=\"link_list\" target=\"_blank\" rel=\"noopener noreferrer nofollow\" class=\"no-underline\"><img decoding=\"async\" data-chromatic=\"ignore\" alt=\"Imagen de la exposici\u00f3n de Yayoi Kusama en el Museo de Louisiana de Arte Moderno, Dinamarca, en 2015. Susanne Nilsson\/Flickr, CC BY-SA\" class=\"c-image m-0 h-full w-full object-cover\" loading=\"lazy\" src=\"https:\/\/www.europesays.com\/es\/wp-content\/uploads\/2026\/09\/3FM5EHUOFZDI3AA4GN4RH7GP7Q.jpg\"  width=\"128\" height=\"128\"\/><\/p>\n<p>Yayoi Kusama: explorando la identidad en un mundo saturado de est\u00edmulos visuales<\/p>\n<p><\/a>D\u00e9bora Arango y la lecci\u00f3n de la circulaci\u00f3n<img decoding=\"async\" data-chromatic=\"ignore\" alt=\"Foto: Santiago Ochoa\" class=\"c-image w-auto mx-auto max-h-[70vh] object-contain rounded-lg\" loading=\"lazy\" src=\"https:\/\/www.europesays.com\/es\/wp-content\/uploads\/2026\/09\/6SX3JYQJAVG35IXSSVODU7Y75Q.jpg\"   width=\"800\" height=\"420\"\/><\/p>\n<p>Foto: Santiago Ochoa<\/p>\n<p class=\"text-base\" data-type=\"text\">En 1984, el MAMM realiz\u00f3 la primera exposici\u00f3n de D\u00e9bora Arango. La artista, ya mayor y retirada en su casa despu\u00e9s de haber enfrentado censura durante a\u00f1os, decidi\u00f3 despu\u00e9s de aquella retrospectiva donar parte de su obra. El resto quedar\u00eda para despu\u00e9s de su muerte. Tras discusiones con la familia, la mayor parte de la colecci\u00f3n termin\u00f3 en el museo.<\/p>\n<p class=\"text-base\" data-type=\"text\"><b>En 2026, Arango vuelve al centro de la programaci\u00f3n, pero su historia tambi\u00e9n dej\u00f3 una reflexi\u00f3n sobre los p\u00fablicos. <\/b>Tamayo considera que el episodio de 2025 sobre la venta de dos de sus obras demostr\u00f3 que la sociedad s\u00ed observa y se interesa por los museos. \u201cUno piensa que efectivamente la gente no est\u00e1 interesada en los museos y el incidente demostr\u00f3 <b>que la gente s\u00ed est\u00e1 interesada en los museos, est\u00e1 interesada en el arte, quiere saber qu\u00e9 est\u00e1 pasando\u201d.<\/b><\/p>\n<p><a href=\"https:\/\/www.semana.com\/cultura\/libros\/articulo\/piedad-bonnett-gana-el-premio-internacional-de-las-letras-exlibris-murcia-2026-asi-es-la-trayectoria-de-la-escritora-colombiana\/202600\/\" data-type=\"link_list\" target=\"_blank\" rel=\"noopener noreferrer nofollow\" class=\"no-underline\"><img decoding=\"async\" data-chromatic=\"ignore\" alt=\"La escritora colombiana fue elegida como ganadora del Premio Internacional de las Letras ExLibris Murcia 2026, un galard\u00f3n que reconoce su trayectoria y su aporte a la literatura en espa\u00f1ol.\" class=\"c-image m-0 h-full w-full object-cover\" loading=\"lazy\" src=\"https:\/\/www.europesays.com\/es\/wp-content\/uploads\/2026\/09\/IX654GTEPVFFZG7RLH73VYLNTE.jpeg\"  width=\"128\" height=\"128\"\/><\/p>\n<p>Piedad Bonnett gana el Premio Internacional de las Letras ExLibris Murcia 2026: as\u00ed es la trayectoria de la escritora colombiana<\/p>\n<p><\/a><\/p>\n<p class=\"text-base\" data-type=\"text\">La otra ense\u00f1anza tiene que ver con la circulaci\u00f3n. <b>El MAMM tiene, seg\u00fan Tamayo, unas 2.400 piezas y no funciona bajo la idea de una sala permanente. <\/b>Usa parte de sus obras, pero tambi\u00e9n las presta. En ese sentido, destaca las exposiciones de D\u00e9bora Arango realizadas este a\u00f1o en el Claustro Santa Clara y el Claustro San Agust\u00edn, en Bogot\u00e1, y el libro que ser\u00e1 presentado en la Fiesta del Libro. \u201c<b>Yo creo que a la gente hay que contarle los procesos, no solamente con la colecci\u00f3n, con todo.<\/b> Entonces, no solo un aprendizaje es que no solo se comunican desde las instituciones culturales los resultados, sino tambi\u00e9n los procesos, y eso es bien importante\u201d.<\/p>\n<p>Un museo joven y para nuevos p\u00fablicos<\/p>\n<p class=\"text-base\" data-type=\"text\">La transformaci\u00f3n que ha tenido el museo con los a\u00f1os tambi\u00e9n ha sido institucional. Ahora su interlocuci\u00f3n incluye instituciones como el MUAC de M\u00e9xico, el MALBA de Argentina, el MALI de Per\u00fa y el Reina Sof\u00eda de Madrid.<\/p>\n<p class=\"text-base\" data-type=\"text\">El objetivo no es sustituir lo local por lo internacional, sino establecer una circulaci\u00f3n en ambas direcciones: que artistas y proyectos del mundo lleguen a Medell\u00edn y que los creadores colombianos encuentren caminos hacia otras escenas.<\/p>\n<p class=\"text-base\" data-type=\"text\">\u201c<b>Yo lo que creo es que el MAMM es, de alguna manera, como un puente de doble v\u00eda con el mundo, con el mundo del arte contempor\u00e1neo en el resto del mundo.<\/b> Y esa es una manera por la que llega el arte contempor\u00e1neo del resto del mundo a Colombia y a una ciudad como Medell\u00edn\u201d.<\/p>\n<p><a href=\"https:\/\/www.semana.com\/cultura\/arte\/articulo\/debora-arango-al-desnudo-el-mundo-en-primera-persona-abre-en-sala-permanente-del-museo-de-antioquia\/202600\/\" data-type=\"link_list\" target=\"_blank\" rel=\"noopener noreferrer nofollow\" class=\"no-underline\"><img decoding=\"async\" data-chromatic=\"ignore\" alt=\"Una de las 18 obras de la muestra 'La huida del convento: D\u00e9bora Arango en el Museo Santa Clara'. | Foto: Museos Colonial y Santa Clara\" class=\"c-image m-0 h-full w-full object-cover\" loading=\"lazy\" src=\"https:\/\/www.europesays.com\/es\/wp-content\/uploads\/2026\/09\/M6HPDJWFEVEDBLFZJIAMBDVW2Q.jpeg\"  width=\"128\" height=\"128\"\/><\/p>\n<p>D\u00e9bora Arango, al desnudo: \u2018El mundo en primera persona\u2019 abre en sala permanente del Museo de Antioquia<\/p>\n<p><\/a><img decoding=\"async\" data-chromatic=\"ignore\" alt=\"Rafael Tamayo , director del MAMM habl\u00f3 con SEMANA sobre las casi cinco d\u00e9cadas de historia del museo, el legado de D\u00e9bora Arango, la llegada de nuevos p\u00fablicos y el desaf\u00edo de conectar a Medell\u00edn con el circuito internacional del arte.\" class=\"c-image w-auto mx-auto max-h-[70vh] object-contain rounded-lg\" loading=\"lazy\" src=\"https:\/\/www.europesays.com\/es\/wp-content\/uploads\/2026\/09\/U2B3XVHWOFBMJJVVB7TKECSNWM.jpg\"   width=\"6000\" height=\"4000\"\/><\/p>\n<p>Rafael Tamayo , director del MAMM habl\u00f3 con SEMANA sobre las casi cinco d\u00e9cadas de historia del museo, el legado de D\u00e9bora Arango, la llegada de nuevos p\u00fablicos y el desaf\u00edo de conectar a Medell\u00edn con el circuito internacional del arte. Foto: MAMM<\/p>\n<p class=\"text-base\" data-type=\"text\">Tamayo ve una paradoja: hay escuelas, artistas y procesos de gran calidad, pero no existen suficientes instituciones y lugares de exposici\u00f3n. Fortalecer la circulaci\u00f3n tambi\u00e9n significa abrir oportunidades para una escena que produce mucho y tiene menos espacios de salida.<\/p>\n<p class=\"text-base\" data-type=\"text\">El MAMM conserva una colecci\u00f3n de arte moderno, <b>pero Tamayo quiere reforzar su papel como instituci\u00f3n dedicada al arte contempor\u00e1neo. Para \u00e9l, la llegada de artistas como Dan Flavin, Sophie Calle y William Kentridge demuestra que Medell\u00edn puede participar en conversaciones internacionales.<\/b> A la vez, quiere un museo joven y capaz de utilizar nuevas tecnolog\u00edas.<\/p>\n<p class=\"text-base\" data-type=\"text\">\u201cAdem\u00e1s, tambi\u00e9n quisiera que fuera un museo como muy joven, que siguiera amando la gente. Es decir, yo creo que las nuevas tecnolog\u00edas son un reto, pero al mismo tiempo una oportunidad\u201d.<\/p>\n<p>Agenda para 2026 <img decoding=\"async\" data-chromatic=\"ignore\" alt=\"La boca donde el agua engendra el agua de Astrid Gonz\u00e1lez\" class=\"c-image w-auto mx-auto max-h-[70vh] object-contain rounded-lg\" loading=\"lazy\" src=\"https:\/\/www.europesays.com\/es\/wp-content\/uploads\/2026\/09\/ZLL4F3I7QRE5NPM7CCJATZ4CVQ.PNG\"   width=\"1672\" height=\"941\"\/><\/p>\n<p>La boca donde el agua engendra el agua de Astrid Gonz\u00e1lez Foto: MAMM<\/p>\n<p class=\"text-base\" data-type=\"text\">Esa idea atraviesa la agenda de 2026. El segundo ciclo expositivo se inaugura el 10 de septiembre. <b>Incluye a Pedro G\u00f3mez-Ega\u00f1a, colombiano radicado en Oslo; a Gala Porras-Kim, radicada en Los \u00c1ngeles y con su primera exposici\u00f3n en Colombia; y a Astrid Gonz\u00e1lez,<\/b> artista local que trabaja con procesos afro y migraciones. Tamayo encuentra entre las propuestas un hilo relacionado con movimiento, migraci\u00f3n y desarraigo.<\/p>\n<p class=\"text-base\" data-type=\"text\">En el laboratorio de experimentaci\u00f3n sonora estar\u00e1 F\u00e9lix Blume, artista franc\u00e9s, con Enjambre, una instalaci\u00f3n de 250 peque\u00f1os parlantes que reproducen sonidos de ovejas grabados especialmente.<\/p>\n<p class=\"text-base\" data-type=\"text\">A esta programaci\u00f3n se suma una experiencia inmersiva dedicada a D\u00e9bora Arango, entre el 25 de septiembre y el 25 de octubre. La tecnolog\u00eda ser\u00e1 utilizada como puerta de entrada para p\u00fablicos que quiz\u00e1 no se acercar\u00edan a una exposici\u00f3n tradicional.<\/p>\n<p class=\"text-base\" data-type=\"text\">\u201cYo creo que queremos llamar ni\u00f1os y j\u00f3venes y estoy seguro de que puede haber gran parte de la poblaci\u00f3n que se puede interesar mucho m\u00e1s f\u00e1cil por conocer a D\u00e9bora Arango con la experiencia inmersiva que con la exposici\u00f3n\u201d.<\/p>\n<p class=\"text-base\" data-type=\"text\">La estrategia de nuevos p\u00fablicos no ocurre \u00fanicamente dentro de las salas. El cine al aire libre, que ya cumpli\u00f3 diez a\u00f1os, se convirti\u00f3 en una de las actividades m\u00e1s multitudinarias del MAMM. La \u00faltima edici\u00f3n reuni\u00f3 a 6.500 personas en la plazoleta y el parque. \u201cHay todo un ritual urbano en torno al \u00faltimo viernes de cada mes, en torno al cine al aire libre del museo. Es impresionante\u201d.<\/p>\n<p class=\"text-base\" data-type=\"text\">Algo similar ocurri\u00f3 con el MAMMFest, que reuni\u00f3 a 3.500 personas en un momento marcado por las dificultades generadas por el terremoto. Hubo dudas sobre si realizarlo, pero el museo decidi\u00f3 continuar y llevar actividades desde el exterior hacia el interior.<\/p>\n<p>El equipo y la mirada hacia 2028<\/p>\n<p class=\"text-base\" data-type=\"text\">Para el director, una programaci\u00f3n ambiciosa necesita un equipo comprometido. Aunque todav\u00eda no cumple un a\u00f1o en el cargo, identifica el trabajo colectivo como una fortaleza del MAMM. <b>Pone como ejemplo el cine al aire libre: empleados de distintas \u00e1reas permanecen all\u00ed, toman fotograf\u00edas, entrevistan visitantes, hacen encuestas o acompa\u00f1an la actividad porque quieren hacerlo.<\/b><\/p>\n<p class=\"text-base\" data-type=\"text\">\u201cYo creo que el MAMM ha hecho un gran esfuerzo por tener un grupo compacto, por tener gente como con fuego en el coraz\u00f3n por lo que quiere hacer, motivada y muy interesada\u201d.<\/p>\n<p class=\"text-base\" data-type=\"text\">El museo tambi\u00e9n participa en bancos de <b>buenas pr\u00e1cticas con Idartes e intercambia experiencias con Chile y M\u00e9xico.<\/b> Tamayo considera que esos aprendizajes pueden compartirse con museos y centros culturales de todo el pa\u00eds.<\/p>\n<p class=\"text-base\" data-type=\"text\">El horizonte m\u00e1s visible es 2028. El MAMM cumplir\u00e1 50 a\u00f1os y prepara una celebraci\u00f3n pensada como una bisagra entre memoria y futuro. Habr\u00e1 una publicaci\u00f3n centrada en los p\u00fablicos que han habitado el museo, una exposici\u00f3n colectiva con obras de los fundadores y una retrospectiva de D\u00e9bora Arango.<\/p>\n<p class=\"text-base\" data-type=\"text\">\u201c<b>Estamos preparando la celebraci\u00f3n de los 50 a\u00f1os, como una especie de bisagra de hacerle honor al pasado, pues a un pasado que poco a poco fue construyendo una instituci\u00f3n muy s\u00f3lida, y darle de lo que viene hacia el futuro\u201d.<\/b><\/p>\n<p class=\"text-base\" data-type=\"text\">Casi cinco d\u00e9cadas despu\u00e9s de que nueve j\u00f3venes imaginaran un museo sin sede y con apenas nueve obras, el MAMM enfrenta una nueva etapa. <b>La apuesta de Tamayo consiste en mantener abierta la instituci\u00f3n, hacer circular el arte, atraer p\u00fablicos diversos y conectar a Medell\u00edn con otras escenas sin perder el v\u00ednculo con su historia<\/b>. En esa visi\u00f3n, el museo no es \u00fanicamente un lugar para conservar obras: es tambi\u00e9n un espacio para encontrarse, discutir y construir una conversaci\u00f3n cultural de doble v\u00eda, de Colombia hacia el mundo y del mundo hacia Colombia. <\/p>\n","protected":false},"excerpt":{"rendered":"Rafael Tamayo asumi\u00f3 la direcci\u00f3n del Museo de Arte Moderno de Medell\u00edn, MAMM, en diciembre de 2025. Es&hellip;\n","protected":false},"author":2,"featured_media":742425,"comment_status":"","ping_status":"","sticky":false,"template":"","format":"standard","meta":{"footnotes":""},"categories":[173],"tags":[15073,229,233,231,230,123783,112329,232,234,146,147,25,24,48205,131675,131676,53187,34064,131677,23,131678,52493],"class_list":["post-742424","post","type-post","status-publish","format-standard","has-post-thumbnail","category-arte-y-diseno","tag-art","tag-arte","tag-arte-y-diseno","tag-arts","tag-arts-and-design","tag-danmark","tag-denmark","tag-design","tag-diseno","tag-entertainment","tag-entretenimiento","tag-es","tag-espana","tag-exhibition","tag-i-uendeligheden","tag-konst","tag-louisiana","tag-museum","tag-museum-of-modern-art","tag-spain","tag-utstallning","tag-yayoi-kusama"],"share_on_mastodon":{"url":"https:\/\/pubeurope.com\/@es\/117196989626410595","error":""},"_links":{"self":[{"href":"https:\/\/www.europesays.com\/es\/wp-json\/wp\/v2\/posts\/742424","targetHints":{"allow":["GET"]}}],"collection":[{"href":"https:\/\/www.europesays.com\/es\/wp-json\/wp\/v2\/posts"}],"about":[{"href":"https:\/\/www.europesays.com\/es\/wp-json\/wp\/v2\/types\/post"}],"author":[{"embeddable":true,"href":"https:\/\/www.europesays.com\/es\/wp-json\/wp\/v2\/users\/2"}],"replies":[{"embeddable":true,"href":"https:\/\/www.europesays.com\/es\/wp-json\/wp\/v2\/comments?post=742424"}],"version-history":[{"count":0,"href":"https:\/\/www.europesays.com\/es\/wp-json\/wp\/v2\/posts\/742424\/revisions"}],"wp:featuredmedia":[{"embeddable":true,"href":"https:\/\/www.europesays.com\/es\/wp-json\/wp\/v2\/media\/742425"}],"wp:attachment":[{"href":"https:\/\/www.europesays.com\/es\/wp-json\/wp\/v2\/media?parent=742424"}],"wp:term":[{"taxonomy":"category","embeddable":true,"href":"https:\/\/www.europesays.com\/es\/wp-json\/wp\/v2\/categories?post=742424"},{"taxonomy":"post_tag","embeddable":true,"href":"https:\/\/www.europesays.com\/es\/wp-json\/wp\/v2\/tags?post=742424"}],"curies":[{"name":"wp","href":"https:\/\/api.w.org\/{rel}","templated":true}]}}