{"id":742442,"date":"2026-09-01T17:43:15","date_gmt":"2026-09-01T17:43:15","guid":{"rendered":"https:\/\/www.europesays.com\/es\/742442\/"},"modified":"2026-09-01T17:43:15","modified_gmt":"2026-09-01T17:43:15","slug":"izquierda-unida-lleva-a-los-ayuntamientos-una-mocion-de-verdadera-solidaridad-con-el-conjunto-del-pueblo-de-ceuta-frente-a-las-concentraciones-partidistas-del-pp-y-vox","status":"publish","type":"post","link":"https:\/\/www.europesays.com\/es\/742442\/","title":{"rendered":"Izquierda Unida lleva a los ayuntamientos una moci\u00f3n de \u201cverdadera solidaridad con el conjunto del pueblo de Ceuta\u201d frente a las concentraciones partidistas del PP y Vox"},"content":{"rendered":"<p><b>Esta formaci\u00f3n \u201ccondena\u201d la \u201cinstrumentalizaci\u00f3n de las personas migrantes como mecanismo de presi\u00f3n pol\u00edtica o geopol\u00edtica por parte de cualquier Estado o actor pol\u00edtico, rechazando expresamente los discursos que responsabilizan a las propias personas migrantes de una situaci\u00f3n de la que son, en gran medida, v\u00edctimas<\/b><\/p>\n<p>\u2022 Plantea \u201cdefender una verdadera corresponsabilidad territorial en la acogida y protecci\u00f3n de las personas migrantes y, especialmente, de los\/as menores extranjeros no acompa\u00f1ados, mediante mecanismos legales, permanentes y estructurales en los que participen todas las comunidades aut\u00f3nomas\u201d<\/p>\n<p>Izquierda Unida ha elaborado y presenta para su debate y aprobaci\u00f3n en todos los ayuntamientos del Estado donde cuenta con representaci\u00f3n una moci\u00f3n en la que, entre otras cuestiones, plantea mostrar la \u201csolidaridad con el conjunto del pueblo de Ceuta y con todas las personas que viven en la ciudad, con independencia de su origen o nacionalidad\u201d.<\/p>\n<p>De igual forma, el texto elaborado por el \u00c1rea de Municipalismo de la que es responsable Rafael P\u00e9rez \u201ccondena\u201d con rotundidad \u201cla instrumentalizaci\u00f3n de las personas migrantes como mecanismo de presi\u00f3n pol\u00edtica o geopol\u00edtica por parte de cualquier Estado o actor pol\u00edtico, rechazando expresamente los discursos que responsabilizan a las propias personas migrantes de una situaci\u00f3n de la que son, en gran medida, v\u00edctimas\u201d.<\/p>\n<p>Con esta iniciativa a nivel estatal IU sale tambi\u00e9n al paso de la maniobra orquestada por la derecha y la extrema derecha del Partido Popular y Vox, en la que han llegado a instrumentalizar a la Federaci\u00f3n Espa\u00f1ola de Municipios y Provincias (FEMP), con la convocatoria para ma\u00f1ana mi\u00e9rcoles, d\u00eda 2, de concentraciones partidistas con el principal objetivo de atacar al Gobierno estatal bajo la supuesta y falsa excusa de apoyar a Ceuta.<\/p>\n<p>De ah\u00ed que la moci\u00f3n plantee tambi\u00e9n de manera expl\u00edcita en uno de sus puntos \u201cdefender el car\u00e1cter plural de la Federaci\u00f3n Espa\u00f1ola de Municipios y Provincias, reclamando que sus convocatorias y pronunciamientos se impulsen mediante el di\u00e1logo, la consulta y el consenso entre las fuerzas pol\u00edticas representadas, y rechazando su utilizaci\u00f3n partidista\u201d.<\/p>\n<p>Frente al encadenamiento de actuaciones radicales contra las personas migrantes que entraron en Ceuta hace poco m\u00e1s de un mes, promovidos en la mayor\u00eda de casos por declaraciones y actuaciones provenientes de PP y Vox, Izquierda Unida plantea que la verdadera solidaridad con Ceuta \u201ces plenamente compatible con la defensa de los derechos humanos y con la protecci\u00f3n de las personas migrantes, refugiadas, solicitantes de protecci\u00f3n internacional y, especialmente, de los ni\u00f1os y ni\u00f1as que se encuentran sin protecci\u00f3n familiar\u201d.<\/p>\n<p>\u201cNo existe contradicci\u00f3n -apostilla- entre defender a Ceuta y defender los derechos fundamentales de quienes llegan a ella. Ambas cuestiones forman parte de una misma respuesta democr\u00e1tica, humanitaria y responsable\u201d.<\/p>\n<p>Adem\u00e1s, como respuesta a las \u2018falsas soluciones milagrosas\u2019 que PP y Vox esgrimen y reclaman al Gobierno para arreglar de un plumazo la delicada situaci\u00f3n que se vive en la ciudad aut\u00f3noma, con el respaldo o el silencio c\u00f3mplice de cierta derecha econ\u00f3mica y medi\u00e1tica, Izquierda Unida plantea en concreto \u201cdefender una verdadera corresponsabilidad territorial en la acogida y protecci\u00f3n de las personas migrantes y, especialmente, de los menores extranjeros no acompa\u00f1ados, mediante mecanismos legales, permanentes y estructurales en los que participen todas las comunidades aut\u00f3nomas\u201d.<\/p>\n<p><b>A continuaci\u00f3n se incluye el texto \u00edntegro de la moci\u00f3n que IU lleva a debate y aprobaci\u00f3n en todos los ayuntamientos del Estado donde cuenta con representaci\u00f3n:<br \/><\/b><\/p>\n<p>El Grupo Municipal de Izquierda Unida, al amparo de lo establecido en el Reglamento Org\u00e1nico Municipal y dem\u00e1s normativa aplicable, presenta para su debate y aprobaci\u00f3n la siguiente:<\/p>\n<p>MOCI\u00d3N EN APOYO A CEUTA, A LA DEFENSA DE LOS DERECHOS HUMANOS Y A LA CORRESPONSABILIDAD EN LA ACOGIDA Y PROTECCI\u00d3N DE LAS PERSONAS MIGRANTES<\/p>\n<p>Exposici\u00f3n de motivos<\/p>\n<p>La situaci\u00f3n vivida en Ceuta desde el pasado 30 de julio constituye una emergencia de enorme gravedad humana, social e institucional. El Ayuntamiento de\u2026\u2026\u2026 quiere trasladar su solidaridad al conjunto del pueblo de Ceuta y a todas las personas que viven en la ciudad, independientemente de su origen o nacionalidad.<\/p>\n<p>Esta solidaridad con Ceuta es plenamente compatible con la defensa de los derechos humanos y con la protecci\u00f3n de las personas migrantes, refugiadas, solicitantes de protecci\u00f3n internacional y, especialmente, de los ni\u00f1os y ni\u00f1as que se encuentran sin protecci\u00f3n familiar. No existe contradicci\u00f3n entre defender a Ceuta y defender los derechos fundamentales de quienes llegan a ella. Ambas cuestiones forman parte de una misma respuesta democr\u00e1tica, humanitaria y responsable.<\/p>\n<p>Asimismo, deben recordarse las 145 personas que han perdido la vida intentando cruzar la frontera. Sus muertes representan una tragedia humana de enorme dimensi\u00f3n y obligan a situar la vida, la dignidad y los derechos humanos en el centro de cualquier pol\u00edtica migratoria. Las responsabilidades que correspondan deben esclarecerse, sin aceptar el silencio institucional ni la deshumanizaci\u00f3n de las personas fallecidas.<\/p>\n<p>Izquierda Unida condena la utilizaci\u00f3n de las personas migrantes como instrumento de presi\u00f3n pol\u00edtica o geopol\u00edtica. Ninguna persona migrante, refugiada, solicitante de protecci\u00f3n internacional ni ning\u00fan menor sin protecci\u00f3n familiar puede convertirse en una herramienta al servicio de los intereses de un Estado. La respuesta pol\u00edtica debe dirigirse contra quienes instrumentalizan a las personas, y no contra las propias personas migrantes, que son titulares de derechos y, en muchos casos, v\u00edctimas de situaciones de extrema vulnerabilidad.<\/p>\n<p>Por ello, resulta necesario reclamar al Reino de Marruecos el cumplimiento de sus obligaciones internacionales, el respeto escrupuloso de los derechos humanos y el abandono de cualquier estrategia que utilice los movimientos migratorios como mecanismo de presi\u00f3n sobre Espa\u00f1a. El Gobierno de Espa\u00f1a debe responder con firmeza ante cualquier intento de condicionar las decisiones soberanas de nuestro pa\u00eds mediante el uso de la frontera o de las personas migrantes.<\/p>\n<p>Al mismo tiempo, esta situaci\u00f3n vuelve a poner de manifiesto el fracaso de la pol\u00edtica europea de externalizaci\u00f3n de fronteras. La Uni\u00f3n Europea no puede delegar el control de sus fronteras exteriores en terceros pa\u00edses sin garant\u00edas suficientes de respeto a los derechos humanos y cuyos propios intereses pueden entrar en conflicto con los de los Estados miembros y con la protecci\u00f3n de las personas.<\/p>\n<p>La protecci\u00f3n de la infancia debe constituir una prioridad absoluta. Los ni\u00f1os y ni\u00f1as migrantes no pueden ser utilizados como objeto de confrontaci\u00f3n partidista, moneda de intercambio entre administraciones o argumento para alimentar el miedo y la xenofobia. Son ni\u00f1os y ni\u00f1as con derechos, que necesitan protecci\u00f3n, atenci\u00f3n, acompa\u00f1amiento y una vida digna.<\/p>\n<p>Los derechos de un ni\u00f1o o una ni\u00f1a no pueden depender del territorio al que haya llegado ni de la voluntad pol\u00edtica de una determinada comunidad aut\u00f3noma. Ceuta, como tampoco Canarias o Melilla, puede afrontar en solitario una responsabilidad que corresponde al conjunto del Estado. Deben establecerse mecanismos estables, legales y permanentes que garanticen la acogida y protecci\u00f3n de los menores, con los recursos suficientes para hacerlo en condiciones dignas.<\/p>\n<p>Tambi\u00e9n resulta urgente aliviar la presi\u00f3n que soporta Ceuta. No todas las personas pueden ser devueltas de forma inmediata y autom\u00e1tica, pues la realidad jur\u00eddica y humanitaria exige analizar cada caso individualmente y respetar las garant\u00edas previstas en la legislaci\u00f3n nacional, europea e internacional. Deben utilizarse los recursos de acogida disponibles en la pen\u00ednsula y continuar desde all\u00ed los procedimientos que correspondan: protecci\u00f3n internacional, acogida y protecci\u00f3n de menores, reagrupaci\u00f3n familiar, devoluciones o expulsiones cuando legalmente procedan y con todas las garant\u00edas.<\/p>\n<p>Aliviar la presi\u00f3n sobre Ceuta es tambi\u00e9n defender a Ceuta. Mantener a miles de personas concentradas en una ciudad con recursos limitados incrementa la presi\u00f3n sobre los servicios p\u00fablicos y sobre la convivencia, adem\u00e1s de crear un escenario que puede ser aprovechado por la extrema derecha para extender discursos racistas, xen\u00f3fobos y antiinmigraci\u00f3n.<\/p>\n<p>Frente a esta situaci\u00f3n, deben rechazarse los intentos de convertir la emergencia humanitaria en combustible electoral. La soberan\u00eda nacional no puede defenderse de manera selectiva, ni puede utilizarse como una bandera partidista mientras se guarda silencio ante determinadas presiones o injerencias exteriores. Del mismo modo, no puede se\u00f1alarse a las personas migrantes como responsables de una crisis de la que son, en buena medida, v\u00edctimas.<\/p>\n<p>El Ayuntamiento de\u2026\u2026 reconoce, adem\u00e1s, la labor de la sociedad civil ceut\u00ed y de las numerosas asociaciones y colectivos que han respondido desde la solidaridad, la convivencia y la defensa de los derechos humanos. Esta respuesta demuestra que frente a los discursos de odio existe una alternativa basada en la cooperaci\u00f3n, el compromiso y la dignidad de todas las personas.<\/p>\n<p>La Federaci\u00f3n Espa\u00f1ola de Municipios y Provincias debe preservar su car\u00e1cter plural y su funcionamiento basado en el di\u00e1logo y el consenso. Una situaci\u00f3n de esta trascendencia exige cooperaci\u00f3n institucional y una posici\u00f3n com\u00fan, no la utilizaci\u00f3n partidista de una instituci\u00f3n que representa al conjunto del municipalismo espa\u00f1ol.<\/p>\n<p>Por todo ello, el Grupo Municipal de Izquierda Unida propone al Pleno del Ayuntamiento de\u2026\u2026\u00a0 la adopci\u00f3n de los siguientes:<\/p>\n<p>Acuerdos<\/p>\n<p>1. Mostrar la solidaridad del Ayuntamiento de\u2026\u2026\u2026\u00a0 con el conjunto del pueblo de Ceuta y con todas las personas que viven en la ciudad, con independencia de su origen o nacionalidad.<br \/>2. Condenar la instrumentalizaci\u00f3n de las personas migrantes como mecanismo de presi\u00f3n pol\u00edtica o geopol\u00edtica por parte de cualquier Estado o actor pol\u00edtico, rechazando expresamente los discursos que responsabilizan a las propias personas migrantes de una situaci\u00f3n de la que son, en gran medida, v\u00edctimas.<br \/>3. Instar al Gobierno de Espa\u00f1a a defender con firmeza la soberan\u00eda nacional frente a cualquier presi\u00f3n o injerencia exterior, garantizando al mismo tiempo que todas sus actuaciones respeten los derechos humanos y las obligaciones internacionales asumidas por nuestro pa\u00eds.<br \/>4. Solicitar a la Uni\u00f3n Europea una revisi\u00f3n profunda de la pol\u00edtica de externalizaci\u00f3n de fronteras, avanzando hacia una pol\u00edtica migratoria propia basada en los derechos humanos, la solidaridad, la responsabilidad compartida y unas pol\u00edticas p\u00fablicas de acogida suficientes.<br \/>5. Exigir una respuesta humanitaria e institucional m\u00e1s r\u00e1pida, eficaz y coordinada, con informaci\u00f3n suficiente, una adecuada evaluaci\u00f3n de la emergencia y la movilizaci\u00f3n inmediata de los recursos necesarios.<br \/>6. Defender una verdadera corresponsabilidad territorial en la acogida y protecci\u00f3n de las personas migrantes y, especialmente, de los\/as menores extranjeros no acompa\u00f1ados, mediante mecanismos legales, permanentes y estructurales en los que participen todas las comunidades aut\u00f3nomas.<br \/>7. Respaldar el trabajo desarrollado por el Ministerio de Juventud e Infancia para proporcionar apoyo t\u00e9cnico y econ\u00f3mico a Ceuta, impulsar una acogida digna y promover la solidaridad territorial en la protecci\u00f3n de los menores migrantes.<br \/>8. Reivindicar que ning\u00fan ni\u00f1o o ni\u00f1a sea utilizado como elemento de confrontaci\u00f3n pol\u00edtica o institucional, y que sus derechos no dependan del territorio al que haya llegado ni de la voluntad pol\u00edtica de una administraci\u00f3n concreta.<br \/>9. Reconocer la labor de la sociedad civil ceut\u00ed, de las asociaciones vecinales, entidades sociales y organizaciones que han respondido desde la solidaridad, la convivencia y la defensa de los derechos humanos.<br \/>10. Rechazar cualquier intento de utilizar electoralmente la emergencia de Ceuta para alimentar discursos racistas, xen\u00f3fobos o antiinmigraci\u00f3n, as\u00ed como cualquier acci\u00f3n pol\u00edtica que convierta a las personas migrantes en chivo expiatorio.<br \/>11. Defender el car\u00e1cter plural de la Federaci\u00f3n Espa\u00f1ola de Municipios y Provincias, reclamando que sus convocatorias y pronunciamientos se impulsen mediante el di\u00e1logo, la consulta y el consenso entre las fuerzas pol\u00edticas representadas, y rechazando su utilizaci\u00f3n partidista.<br \/>12. Dar traslado de estos acuerdos al Gobierno de Espa\u00f1a, al Ministerio de Juventud e Infancia, al Ministerio del Interior, al Ministerio de Inclusi\u00f3n, Seguridad Social y Migraciones, a la Ciudad Aut\u00f3noma de Ceuta, a la Federaci\u00f3n Espa\u00f1ola de Municipios y Provincias, a la Federaci\u00f3n Espa\u00f1ola de Municipios y Provincias y al Gobierno auton\u00f3mico correspondiente.<\/p>\n","protected":false},"excerpt":{"rendered":"Esta formaci\u00f3n \u201ccondena\u201d la \u201cinstrumentalizaci\u00f3n de las personas migrantes como mecanismo de presi\u00f3n pol\u00edtica o geopol\u00edtica por parte&hellip;\n","protected":false},"author":2,"featured_media":742443,"comment_status":"","ping_status":"","sticky":false,"template":"","format":"standard","meta":{"footnotes":""},"categories":[8],"tags":[17,18,5282,25,24,25698,13,14,582,11,61,19,20,892,9,10,15,16,11506,23,12,21,22],"class_list":["post-742442","post","type-post","status-publish","format-standard","has-post-thumbnail","category-espana","tag-breaking-news","tag-breakingnews","tag-derechos-humanos","tag-es","tag-espana","tag-fascismo","tag-featured-news","tag-featurednews","tag-gobierno","tag-headlines","tag-internacional","tag-latest-news","tag-latestnews","tag-migracion","tag-news","tag-noticias","tag-noticias-destacadas","tag-noticiasdestacadas","tag-paz","tag-spain","tag-titulares","tag-ultimas-noticias","tag-ultimasnoticias"],"share_on_mastodon":{"url":"https:\/\/pubeurope.com\/@es\/117197026723206260","error":""},"_links":{"self":[{"href":"https:\/\/www.europesays.com\/es\/wp-json\/wp\/v2\/posts\/742442","targetHints":{"allow":["GET"]}}],"collection":[{"href":"https:\/\/www.europesays.com\/es\/wp-json\/wp\/v2\/posts"}],"about":[{"href":"https:\/\/www.europesays.com\/es\/wp-json\/wp\/v2\/types\/post"}],"author":[{"embeddable":true,"href":"https:\/\/www.europesays.com\/es\/wp-json\/wp\/v2\/users\/2"}],"replies":[{"embeddable":true,"href":"https:\/\/www.europesays.com\/es\/wp-json\/wp\/v2\/comments?post=742442"}],"version-history":[{"count":0,"href":"https:\/\/www.europesays.com\/es\/wp-json\/wp\/v2\/posts\/742442\/revisions"}],"wp:featuredmedia":[{"embeddable":true,"href":"https:\/\/www.europesays.com\/es\/wp-json\/wp\/v2\/media\/742443"}],"wp:attachment":[{"href":"https:\/\/www.europesays.com\/es\/wp-json\/wp\/v2\/media?parent=742442"}],"wp:term":[{"taxonomy":"category","embeddable":true,"href":"https:\/\/www.europesays.com\/es\/wp-json\/wp\/v2\/categories?post=742442"},{"taxonomy":"post_tag","embeddable":true,"href":"https:\/\/www.europesays.com\/es\/wp-json\/wp\/v2\/tags?post=742442"}],"curies":[{"name":"wp","href":"https:\/\/api.w.org\/{rel}","templated":true}]}}