{"id":742454,"date":"2026-09-01T17:53:11","date_gmt":"2026-09-01T17:53:11","guid":{"rendered":"https:\/\/www.europesays.com\/es\/742454\/"},"modified":"2026-09-01T17:53:11","modified_gmt":"2026-09-01T17:53:11","slug":"el-betis-descarta-la-opcion-de-fichar-a-un-pivote","status":"publish","type":"post","link":"https:\/\/www.europesays.com\/es\/742454\/","title":{"rendered":"El Betis descarta la opci\u00f3n de fichar a un pivote"},"content":{"rendered":"<p style=\"\">El <strong>Betis<\/strong> ha descartado la opci\u00f3n de firmar a un pivote en este cierre del mercado y se centra \u00fanicamente en las horas finales en tratar de completar las salidas de <strong>\u00c1lvaro Fidalgo, Iker Losada y Pablo Garc\u00eda<\/strong> para poder generar el espacio  &#8230; posible de cara a la entrada de <strong>Dani Ceballos<\/strong>.<\/p>\n<p class=\"v-d-p\" style=\"\">El club verdiblanco considera que ahora mismo con <strong>Marc Roca y Facundo Bernal<\/strong> tiene cubierta la posici\u00f3n a pesar de que Manuel Pellegrini hab\u00eda pedido un refuerzo espec\u00edfico tras la salida de <strong>Amrabat<\/strong>, tal y como ha avanzado 101 TV. <\/p>\n<p class=\"v-d-p\" style=\"\">Cabe recordar que en este mercado tambi\u00e9n se produjo el traspaso de <strong>Gnangoro Bouar\u00e9<\/strong> despu\u00e9s de que el canterano rechazara renovar y fue trasnsferido al Rayo Vallecano por 600.000 euros. <\/p>\n<p class=\"v-d-p\" style=\"\">El Betis ha llegado muy apurado al \u00faltimo d\u00eda de mercado y tiene un atasco en las salidas que le impide hacer m\u00e1s movimientos que tratar de incorporar a Dani Ceballos.<\/p>\n","protected":false},"excerpt":{"rendered":"El Betis ha descartado la opci\u00f3n de firmar a un pivote en este cierre del mercado y se&hellip;\n","protected":false},"author":2,"featured_media":742455,"comment_status":"","ping_status":"","sticky":false,"template":"","format":"standard","meta":{"footnotes":""},"categories":[268],"tags":[291,168,9439,25,24,1035,280,282,2538,20966,281,23,167],"class_list":["post-742454","post","type-post","status-publish","format-standard","has-post-thumbnail","category-futbol","tag-betis","tag-deportes","tag-descarta","tag-es","tag-espana","tag-fichar","tag-football","tag-futbol","tag-opcion","tag-pivote","tag-soccer","tag-spain","tag-sports"],"share_on_mastodon":{"url":"https:\/\/pubeurope.com\/@es\/117197066013971341","error":""},"_links":{"self":[{"href":"https:\/\/www.europesays.com\/es\/wp-json\/wp\/v2\/posts\/742454","targetHints":{"allow":["GET"]}}],"collection":[{"href":"https:\/\/www.europesays.com\/es\/wp-json\/wp\/v2\/posts"}],"about":[{"href":"https:\/\/www.europesays.com\/es\/wp-json\/wp\/v2\/types\/post"}],"author":[{"embeddable":true,"href":"https:\/\/www.europesays.com\/es\/wp-json\/wp\/v2\/users\/2"}],"replies":[{"embeddable":true,"href":"https:\/\/www.europesays.com\/es\/wp-json\/wp\/v2\/comments?post=742454"}],"version-history":[{"count":0,"href":"https:\/\/www.europesays.com\/es\/wp-json\/wp\/v2\/posts\/742454\/revisions"}],"wp:featuredmedia":[{"embeddable":true,"href":"https:\/\/www.europesays.com\/es\/wp-json\/wp\/v2\/media\/742455"}],"wp:attachment":[{"href":"https:\/\/www.europesays.com\/es\/wp-json\/wp\/v2\/media?parent=742454"}],"wp:term":[{"taxonomy":"category","embeddable":true,"href":"https:\/\/www.europesays.com\/es\/wp-json\/wp\/v2\/categories?post=742454"},{"taxonomy":"post_tag","embeddable":true,"href":"https:\/\/www.europesays.com\/es\/wp-json\/wp\/v2\/tags?post=742454"}],"curies":[{"name":"wp","href":"https:\/\/api.w.org\/{rel}","templated":true}]}}