{"id":742458,"date":"2026-09-01T17:57:47","date_gmt":"2026-09-01T17:57:47","guid":{"rendered":"https:\/\/www.europesays.com\/es\/742458\/"},"modified":"2026-09-01T17:57:47","modified_gmt":"2026-09-01T17:57:47","slug":"el-homenaje-a-los-tradicionales-trabajos-de-la-lana-gana-el-concurso-de-esculturas-con-forma-de-p","status":"publish","type":"post","link":"https:\/\/www.europesays.com\/es\/742458\/","title":{"rendered":"El homenaje a los tradicionales trabajos de la lana gana el concurso de esculturas con forma de P"},"content":{"rendered":"<p style=\"\">El proyecto titulado &#8216;La Lanera&#8217;, de Vanessa Urizarna N\u00fa\u00f1ez, se ha alzado con el primer premio del concurso de esculturas con forma de P que  &#8230; se celebra anualmente con motivo de las fiestas de San Antol\u00edn. El galard\u00f3n est\u00e1 dotado con 1.500 euros. La obra pretende ofrecer un homenaje al trabajo tradicional de la lana, por lo que la P se convierte en parte de un huso, que permite conocer todo el proceso de tratamiento del producto, desde el vell\u00f3n de lana hasta el hilado final. \u00abEstaba cansada de que siempre se recurra a los elementos t\u00edpicos de Palencia como el Cristo o la Catedral y quer\u00eda tambi\u00e9n hacer algo tradicional, vinculado a la historia de Palencia y pens\u00e9 en la lana que ha servido durante siglos para las t\u00edpicas mantas de Palencia\u00bb, explicaba la autora de la propuesta ganadora el d\u00eda de la presentaci\u00f3n.<\/p>\n<p class=\"v-d-p\" style=\"\">Por su parte, el segundo premio, que tiene una cuant\u00eda de 1.000 euros, ha reca\u00eddo en la pieza titulada &#8216;Sopa de P&#8217;, elaborada por In\u00e9s Macho L\u00f3pez. Se trata de una <a href=\"https:\/\/www.elnortedecastilla.es\/palencia\/fiestas\/esculturas-reclaman-protagonismo-fiesta-vive-calles-20260830082601-nt.html\" target=\"_self\" data-voc-vtm-id=\"in-text-traffic\" data-mrf-link=\"www.elnortedecastilla.es\" rel=\"nofollow noopener\">propuesta que rompe con la habitual imagen<\/a> vertical de la P, dado que en esta ocasi\u00f3n la inicial de Palencia se convierte en el cuchar\u00f3n de un particular cuenco de sopas de ajo, en las que el pan adquiere un papel protagonista.<\/p>\n<p class=\"v-d-p\" style=\"\"> Por \u00faltimo, el premio joven, de 750 euros, destinado a los participantes nacidos entre el 2000 y 2007, ha reca\u00eddo en la P que lleva por t\u00edtulo &#8216;Globantia&#8217;, de Oliver Calvo Garc\u00eda, nacido en 2006.<\/p>\n<p class=\"v-d-p\" style=\"\">Asimismo, cabe se\u00f1alar que el premio especial del jurado popular, dotado con 300 euros y decidido con los votos de la gente a trav\u00e9s del perfil de Instagram &#8216;Palenciacultura&#8217;, ha reca\u00eddo tambi\u00e9n en &#8216;Sopa de P&#8217;. En total la presente edici\u00f3n ha contado con diez participantes. Todas las obras se pueden ver a lo largo de la Calle Mayor de la ciudad.<\/p>\n","protected":false},"excerpt":{"rendered":"El proyecto titulado &#8216;La Lanera&#8217;, de Vanessa Urizarna N\u00fa\u00f1ez, se ha alzado con el primer premio del concurso&hellip;\n","protected":false},"author":2,"featured_media":742459,"comment_status":"","ping_status":"","sticky":false,"template":"","format":"standard","meta":{"footnotes":""},"categories":[173],"tags":[229,233,231,230,4023,232,234,146,147,25,8426,24,1142,4355,6552,83103,23,1243,37347],"class_list":["post-742458","post","type-post","status-publish","format-standard","has-post-thumbnail","category-arte-y-diseno","tag-arte","tag-arte-y-diseno","tag-arts","tag-arts-and-design","tag-concurso","tag-design","tag-diseno","tag-entertainment","tag-entretenimiento","tag-es","tag-esculturas","tag-espana","tag-forma","tag-gana","tag-homenaje","tag-lana","tag-spain","tag-trabajos","tag-tradicionales"],"share_on_mastodon":{"url":"https:\/\/pubeurope.com\/@es\/117197081454838550","error":""},"_links":{"self":[{"href":"https:\/\/www.europesays.com\/es\/wp-json\/wp\/v2\/posts\/742458","targetHints":{"allow":["GET"]}}],"collection":[{"href":"https:\/\/www.europesays.com\/es\/wp-json\/wp\/v2\/posts"}],"about":[{"href":"https:\/\/www.europesays.com\/es\/wp-json\/wp\/v2\/types\/post"}],"author":[{"embeddable":true,"href":"https:\/\/www.europesays.com\/es\/wp-json\/wp\/v2\/users\/2"}],"replies":[{"embeddable":true,"href":"https:\/\/www.europesays.com\/es\/wp-json\/wp\/v2\/comments?post=742458"}],"version-history":[{"count":0,"href":"https:\/\/www.europesays.com\/es\/wp-json\/wp\/v2\/posts\/742458\/revisions"}],"wp:featuredmedia":[{"embeddable":true,"href":"https:\/\/www.europesays.com\/es\/wp-json\/wp\/v2\/media\/742459"}],"wp:attachment":[{"href":"https:\/\/www.europesays.com\/es\/wp-json\/wp\/v2\/media?parent=742458"}],"wp:term":[{"taxonomy":"category","embeddable":true,"href":"https:\/\/www.europesays.com\/es\/wp-json\/wp\/v2\/categories?post=742458"},{"taxonomy":"post_tag","embeddable":true,"href":"https:\/\/www.europesays.com\/es\/wp-json\/wp\/v2\/tags?post=742458"}],"curies":[{"name":"wp","href":"https:\/\/api.w.org\/{rel}","templated":true}]}}