{"id":742462,"date":"2026-09-01T18:01:16","date_gmt":"2026-09-01T18:01:16","guid":{"rendered":"https:\/\/www.europesays.com\/es\/742462\/"},"modified":"2026-09-01T18:01:16","modified_gmt":"2026-09-01T18:01:16","slug":"cronica-y-fotos-de-nefarious-the-kraven-en-portugalete","status":"publish","type":"post","link":"https:\/\/www.europesays.com\/es\/742462\/","title":{"rendered":"Cr\u00f3nica y fotos de NEFARIOUS + THE KRAVEN en Portugalete"},"content":{"rendered":"<p>\u00a0<\/p>\n<tr>\n<td>\n<img loading=\"lazy\" decoding=\"async\" src=\"https:\/\/www.europesays.com\/es\/wp-content\/uploads\/2026\/09\/logo.png\" width=\"300\" height=\"107\" alt=\"NEFARIOUS\"\/>\n<\/td>\n<\/tr>\n<p><strong>+ THE KRAVEN<\/strong><\/p>\n<p align=\"center\"><strong>Jueves 27 de Agosto de 2026 \u2013 Sala Groove \u2013  Portugalete \u2013 Bizkaia<\/strong><\/p>\n<p>No es  el mes de agosto el m\u00e1s adecuado para que la gente se acerque a una sala  cerrada a ver m\u00fasica en vivo. Entre las vacaciones de algunos y que en esta  ocasi\u00f3n esta gira de <strong>NEFARIOUS<\/strong> coincid\u00eda con la Aste Nagusia bilba\u00edna se corr\u00eda el riesgo de que la gira  auspiciada por <b>Z! LIVE ON TOUR<\/b>  pasara injustamente desapercibida. <\/p>\n<p>Antes de la  llegada a Bizkaia de los de la Bay Area recibimos la noticia de que la fecha de  Zaragoza se cancelaba por una incidencia t\u00e9cnica en la sala Utopia,  manteni\u00e9ndose Portugalete, Madrid y Salamanca en el itinerario de la  superabunda integrada por m\u00edticos componentes de importantes y cl\u00e1sicas bandas  del thrash metal norteamericano.<\/p>\n<p>En  Portugalete les vimos acompa\u00f1ados por <strong>THE KRAVEN<\/strong>. Aunque alejados del  esp\u00edritu cl\u00e1sico de los cabezas de cartel los durangarras tambi\u00e9n repartieron  buena cera. Y es que si de algo van sobrados estos veteranos de la escena  vizca\u00edna\u00a0 es de una agresividad impl\u00edcita  en un estilo m\u00e1s actual que el encarnado por <strong>NEFARIOUS<\/strong>. De hecho, fueron pr\u00e1cticamente pioneros en Bizkaia hace  dos d\u00e9cadas de la eclosi\u00f3n del metalcore que ya arreciaba a nivel internacional.  <\/p>\n<p>En aquel momento pudimos verles con el, a posteriori, vocalista de SHINOVA, que  nada tiene que ver con ellos estil\u00edsticamente, <strong>Gabriel de la Rosa<\/strong> presentando su primera maqueta editada a medidos  de la primera d\u00e9cada del presente siglo. Desde entonces hubo muchos a\u00f1os de  silencio hasta que se anunci\u00f3 su regreso con el todoterreno en el micro <strong>Juanmi<\/strong> que acumula a\u00f1os de experiencia  en derroteros musicales de los m\u00e1s dispares con bandas como LAIA, STALIN o ATL\u00c1NTIDA.<\/p>\n<tr>\n<td width=\"50%\">\n<a href=\"https:\/\/www.europesays.com\/es\/wp-content\/uploads\/2026\/09\/16.jpg\" rel=\"lightbox[the_kraven]\" title=\"THE KRAVEN - Sala Groove - Portugalete\" data-slb-active=\"1\" data-slb-asset=\"959603046\" data-slb-internal=\"0\" data-slb-group=\"185568\"><img decoding=\"async\" src=\"https:\/\/www.europesays.com\/es\/wp-content\/uploads\/2026\/09\/16.jpg\" width=\"200\" alt=\"THE KRAVEN - Sala Groove - Portugalete\"\/><\/a>\n<\/td>\n<td width=\"50%\">\n<a href=\"https:\/\/www.europesays.com\/es\/wp-content\/uploads\/2026\/09\/17.jpg\" rel=\"lightbox[the_kraven]\" title=\"THE KRAVEN - Sala Groove - Portugalete\" data-slb-active=\"1\" data-slb-asset=\"471414305\" data-slb-internal=\"0\" data-slb-group=\"185568\"><img decoding=\"async\" src=\"https:\/\/www.europesays.com\/es\/wp-content\/uploads\/2026\/09\/17.jpg\" width=\"200\" alt=\"THE KRAVEN - Sala Groove - Portugalete\"\/><\/a>\n<\/td>\n<\/tr>\n<p>Ya  nos demostr\u00f3 en pasadas ocasiones el encaje total de un frontman,  adem\u00e1s, muy activo en escena. Tras algunos singles presentaron el EP \u201cDawn Of  Civilization\u201d y a d\u00eda de hoy siguen siendo un grupo explosivo en escena que  promete emociones fuerte. Sin miramientos, con una entrada brutal ya con el  contundente \u201cPull Me Under\u201d. <\/p>\n<p>Nos dec\u00eda <strong>Juanmi<\/strong> que con \u201cLullaby\u201d ven\u00eda su balada, aunque la realidad es que, t\u00edtulo aparte, no  deja de ser otra detonaci\u00f3n sonora como lo fueron cada uno de los temas  expuestos por una banda que supo ganarse el favor de los presentes, con alg\u00fan  que otro garbeo del vocalista entre la concurrencia. Hasta el punto de que se  les insistiera en tocar una m\u00e1s mientras se hac\u00edan los remolones para  estamparnos el impactante, \u201cReptilian Self\u201d. Un directo demoledor en el que el  grupo descarg\u00f3 con crudeza y precisi\u00f3n.<\/p>\n<p>Cuando  se juntan en un grupo componentes que vienen con la referencia de otros grupos  siempre se crea una curiosidad que, a veces, se queda solo en eso. Algo ex\u00f3tico  que no vas m\u00e1s all\u00e1 de una an\u00e9cdota que nos saca en cierta medida de lo que  estos m\u00fasicos pueden ofrecer en sus ya insuperables bandas. <\/p>\n<p>Pero <strong>NEFARIOUS<\/strong> lucha por ser algo m\u00e1s que eso. Han editado un disco de mucho nivel en el que  no se quedan en un protot\u00edpico thrash que podr\u00edamos esperar. Existe esa furia  en guitarras afiladas y ritmos trepidantes, pero estamos ante unas canciones  muy din\u00e1micas que adem\u00e1s ofrecen dentro de su cortante sonido una voz limpia  que no suele ser lo m\u00e1s habitual en el estilo. <\/p>\n<p>En ese puesto de vocalista la  banda vio c\u00f3mo se bajada del barco <strong>Katon  W. De Pena<\/strong> de HIRAX para ser sustituido por <strong>Sean Rivera<\/strong> (COFFIN HUNTERS). Un cambio que podr\u00eda parecer  delicado, ya que adem\u00e1s sabemos que el de HIRAX ofrece una imagen impactante en  directo, pero el nuevo vocalista se ha hecho con el puesto con un nivel y un  descaro que cautiv\u00f3 a los presentes en la sala Groove.<\/p>\n<p>El  grupo lo conforman, adem\u00e1s, m\u00fasicos del nivel y la experiencia de <strong>Rick Hunolt<\/strong> en la guitarra (EXODUS,  DIEHUMANE), <strong>Doug Piercy<\/strong> en la otra  guitarra (HEATHEN, ANVIL CHORUS), <strong>Tom  Gears<\/strong> al bajo\u00a0 (BLIND ILLUSION,  ANCIENT MARINER) y <strong>Will<\/strong> \u201c<strong>Beastman<\/strong>\u201d <strong>Carroll<\/strong> en la bater\u00eda (DEATH ANGEL). <\/p>\n<p>Con estos mimbres no pod\u00edamos  esperar menos que el buen nivel que pudimos apreciar a un palmo de nuestra  narices en una sala como la Groove, de reducido aforo pero donde los grupos  exponen en excelentes condiciones sonoras todo su potencial. Y mucho es el que  tiene para desplegar <strong>NEFARIOUS<\/strong>.<\/p>\n<p>No se  anduvieron con reservas arrancando con el hom\u00f3nimo tema de su obra \u201cAddicted To  Power\u201d. El grupo funcion\u00f3 a pleno rendimiento, gan\u00e1ndose el favor del personal  con \u201cMaster Plan\u201d, \u201cFeeding On You\u201d, \u201cTogether We Rise\u201d y \u201cMirror Death\u201d. A su  vez se percib\u00eda el j\u00fabilo de los m\u00fasicos en escena, que iban compartiendo sudor  y emociones con una sala que bull\u00eda ante cada composici\u00f3n de la banda. Sin  charlas innecesarias, tal vez con alg\u00fan condescendiente comentario que se  ganaba un poco m\u00e1s al personal a medida que avanzaba una descarga sobrepasar\u00eda  por poco la hora de duraci\u00f3n.<\/p>\n<p><strong>Sean Rivera<\/strong> presentaba de manera  especial a <strong>Doug Piercy<\/strong>, y la banda  nos estampaba en la cara la versi\u00f3n de HEATHEN de \u201cGlobin\u00b4s Blade\u201d. Ben  recibida por el personal, aunque aun hubo una sorpresa que se llevar\u00eda el  premio al entusiasmo generalizado. Antes de ello el grupo remat\u00f3 la precisa  presentaci\u00f3n de su \u00fanico disco editado hasta la echa con \u201cSnarker\u201d, \u201cAvatar Of  Chaos\u201d y \u201cOne Nation Enslaved\u201d.<\/p>\n<p>Y en  realidad esta parec\u00eda que iba a ser la \u00faltima interpretaci\u00f3n de la noche, pero  tras una breve consulta del vocalista con <strong>Rick  Hunolt<\/strong> el grupo nos regal\u00f3 con todo su nervio y mala baba el cl\u00e1sico de EXODUS  \u201cMetal Command\u201d, del emblem\u00e1tico \u201cBonded By Blood\u201d de 1985. Y es que <strong>Rick<\/strong> fue miembro fijo y fundamental en  la banda durante aquellos influyentes 80 y otras \u00e9pocas de la banda. <\/p>\n<p>Toda una  golosina que un buen pu\u00f1ado de apasionados del thrash metal no quiso dejar  pasar de largo. Y doy f\u00e9 de que <strong>NEFARIOUS<\/strong> dej\u00f3 en todos una excelente impresi\u00f3n.<\/p>\n<p><strong>Texto y fotos: Antonio  Refoyo<\/strong> (<a href=\"http:\/\/www.lamiradanegra.com\/\" rel=\"nofollow noopener\" target=\"_blank\">www.lamiradanegra.com<\/a>)<\/p>\n<p><strong>Para ver las fotos a mayor tama\u00f1o, pinchar sobre ellas.<\/strong> <\/p>\n<p>\u00a0<\/p>\n<p>\u00a0<\/p>\n<p>\u00a0<\/p>\n<p>&#13;<\/p>\n<tr>&#13;<\/p>\n<td width=\"50%\"><a href=\"https:\/\/carontestudio.com\/agencia-marketing-musical\/?utm_source=referal&amp;utm_medium=banner1&amp;utm_capaign=rafabasa\" target=\"_blank\" rel=\"noopener nofollow\"><img loading=\"lazy\" decoding=\"async\" src=\"https:\/\/www.europesays.com\/es\/wp-content\/uploads\/2026\/09\/banner_caronte_jon1_09_26.gif\" alt=\"CARONTE\" width=\"216\" height=\"305\"\/><\/a><\/td>\n<p>&#13;<\/p>\n<td width=\"50%\"><a href=\"https:\/\/www.ginetarockfest.es\/\" target=\"_blank\" rel=\"noopener nofollow\"><img loading=\"lazy\" decoding=\"async\" src=\"https:\/\/www.europesays.com\/es\/wp-content\/uploads\/2026\/09\/banner_gineta_rock12_08_26.jpg\" alt=\"GINETA ROCK 2026\" width=\"216\" height=\"270\"\/><\/a><\/td>\n<p>&#13;<br \/>\n  <\/tr>\n<p>&#13;<\/p>\n","protected":false},"excerpt":{"rendered":"\u00a0 + THE KRAVEN Jueves 27 de Agosto de 2026 \u2013 Sala Groove \u2013 Portugalete \u2013 Bizkaia No&hellip;\n","protected":false},"author":2,"featured_media":742463,"comment_status":"","ping_status":"","sticky":false,"template":"","format":"standard","meta":{"footnotes":""},"categories":[170],"tags":[146,147,25,24,184,185,62359,23],"class_list":["post-742462","post","type-post","status-publish","format-standard","has-post-thumbnail","category-musica","tag-entertainment","tag-entretenimiento","tag-es","tag-espana","tag-music","tag-musica","tag-nefarious","tag-spain"],"share_on_mastodon":{"url":"https:\/\/pubeurope.com\/@es\/117197097561141944","error":""},"_links":{"self":[{"href":"https:\/\/www.europesays.com\/es\/wp-json\/wp\/v2\/posts\/742462","targetHints":{"allow":["GET"]}}],"collection":[{"href":"https:\/\/www.europesays.com\/es\/wp-json\/wp\/v2\/posts"}],"about":[{"href":"https:\/\/www.europesays.com\/es\/wp-json\/wp\/v2\/types\/post"}],"author":[{"embeddable":true,"href":"https:\/\/www.europesays.com\/es\/wp-json\/wp\/v2\/users\/2"}],"replies":[{"embeddable":true,"href":"https:\/\/www.europesays.com\/es\/wp-json\/wp\/v2\/comments?post=742462"}],"version-history":[{"count":0,"href":"https:\/\/www.europesays.com\/es\/wp-json\/wp\/v2\/posts\/742462\/revisions"}],"wp:featuredmedia":[{"embeddable":true,"href":"https:\/\/www.europesays.com\/es\/wp-json\/wp\/v2\/media\/742463"}],"wp:attachment":[{"href":"https:\/\/www.europesays.com\/es\/wp-json\/wp\/v2\/media?parent=742462"}],"wp:term":[{"taxonomy":"category","embeddable":true,"href":"https:\/\/www.europesays.com\/es\/wp-json\/wp\/v2\/categories?post=742462"},{"taxonomy":"post_tag","embeddable":true,"href":"https:\/\/www.europesays.com\/es\/wp-json\/wp\/v2\/tags?post=742462"}],"curies":[{"name":"wp","href":"https:\/\/api.w.org\/{rel}","templated":true}]}}