{"id":742482,"date":"2026-09-01T18:15:10","date_gmt":"2026-09-01T18:15:10","guid":{"rendered":"https:\/\/www.europesays.com\/es\/742482\/"},"modified":"2026-09-01T18:15:10","modified_gmt":"2026-09-01T18:15:10","slug":"horario-y-donde-ver-el-debut-rafa-jodar-en-el-us-open-ante-bu-yunchaokete","status":"publish","type":"post","link":"https:\/\/www.europesays.com\/es\/742482\/","title":{"rendered":"Horario y d\u00f3nde ver el debut Rafa J\u00f3dar en el US Open ante Bu Yunchaokete"},"content":{"rendered":"<p class=\"c-paragraph\">Rafa J\u00f3dar debuta este martes 1 de septiembre en el US Open con el objetivo de llegar lo m\u00e1s lejos posible y poder so\u00f1ar con conquistar su primer Grand Slam. J\u00f3dar ya sabe lo que es ganar en el Grand Slam estadounidense,<b> ya que se proclam\u00f3 campe\u00f3n del torneo junior en 2024.\u00a0<\/b><\/p>\n<p class=\"c-paragraph\">El joven de 19 a\u00f1os se medir\u00e1 en su estreno contra Bu Yunchaokete, despu\u00e9s de que\u00a0Thanasi Kokkinakis haya informado a la organizaci\u00f3n del torneo <b>de su baja por lesi\u00f3n a escasas horas del encuentro. El tenista chino, nuevo rival del espa\u00f1ol,\u00a0<\/b>entra como\u00a0lucky loser.\u00a0Yunchaokete ocupa el puesto 124 del ranking ATP en la actualidad.\u00a0<\/p>\n<p class=\"c-paragraph\">El objetivo de J\u00f3dar es claro: avanzar de ronda en el Grand Slam de Nueva York y<b> mejorar su resultado respecto al resto de &#8216;grandes&#8217;.<\/b> En este sentido, ha llegado hasta la segunda ronda del Open de Australia, tercera en Wimbledon y cuartos de final de Roland Garros.\u00a0<\/p>\n<p><b>Horario del debut de Rafa J\u00f3dar en el US Open<\/b><\/p>\n<p class=\"c-paragraph\">El partido de estreno del espa\u00f1ol en la competici\u00f3n individual del US Open est\u00e1 previsto para este martes 1 de septiembre <b>sobre las 21:00 horas<\/b>, en el tercer turno en la Pista 17, despu\u00e9s del duelo entre\u00a0\u00a0Yulia Putintseva-Belinda Bencic. No obstante, debido a las lluvias que\u00a0 est\u00e1 habiendo y que han retrasado varios partidos, este ser\u00e1 en torno a las 22:00 horas.<\/p>\n<p>D\u00f3nde ver el partido\u00a0<\/p>\n<p class=\"c-paragraph\">El partido del US Open de Carlos Alcaraz ante Thanasi Kokkinakis\u00a0<b>podr\u00e1 seguirse en directo a trav\u00e9s de Movistar Plus+.<\/b>\u00a0Adem\u00e1s, en\u00a020minutos\u00a0ofreceremos un minuto a minuto y la \u00faltima hora de todo lo que ocurra en el encuentro.\u00a0<\/p>\n","protected":false},"excerpt":{"rendered":"Rafa J\u00f3dar debuta este martes 1 de septiembre en el US Open con el objetivo de llegar lo&hellip;\n","protected":false},"author":2,"featured_media":742483,"comment_status":"","ping_status":"","sticky":false,"template":"","format":"standard","meta":{"footnotes":""},"categories":[274],"tags":[5437,168,3169,25,24,319,12830,23,167,327,326,809],"class_list":["post-742482","post","type-post","status-publish","format-standard","has-post-thumbnail","category-tenis","tag-debut","tag-deportes","tag-donde","tag-es","tag-espana","tag-horario","tag-rafa","tag-spain","tag-sports","tag-tenis","tag-tennis","tag-ver"],"share_on_mastodon":{"url":"https:\/\/pubeurope.com\/@es\/117197152629642306","error":""},"_links":{"self":[{"href":"https:\/\/www.europesays.com\/es\/wp-json\/wp\/v2\/posts\/742482","targetHints":{"allow":["GET"]}}],"collection":[{"href":"https:\/\/www.europesays.com\/es\/wp-json\/wp\/v2\/posts"}],"about":[{"href":"https:\/\/www.europesays.com\/es\/wp-json\/wp\/v2\/types\/post"}],"author":[{"embeddable":true,"href":"https:\/\/www.europesays.com\/es\/wp-json\/wp\/v2\/users\/2"}],"replies":[{"embeddable":true,"href":"https:\/\/www.europesays.com\/es\/wp-json\/wp\/v2\/comments?post=742482"}],"version-history":[{"count":0,"href":"https:\/\/www.europesays.com\/es\/wp-json\/wp\/v2\/posts\/742482\/revisions"}],"wp:featuredmedia":[{"embeddable":true,"href":"https:\/\/www.europesays.com\/es\/wp-json\/wp\/v2\/media\/742483"}],"wp:attachment":[{"href":"https:\/\/www.europesays.com\/es\/wp-json\/wp\/v2\/media?parent=742482"}],"wp:term":[{"taxonomy":"category","embeddable":true,"href":"https:\/\/www.europesays.com\/es\/wp-json\/wp\/v2\/categories?post=742482"},{"taxonomy":"post_tag","embeddable":true,"href":"https:\/\/www.europesays.com\/es\/wp-json\/wp\/v2\/tags?post=742482"}],"curies":[{"name":"wp","href":"https:\/\/api.w.org\/{rel}","templated":true}]}}