{"id":742484,"date":"2026-09-01T18:16:14","date_gmt":"2026-09-01T18:16:14","guid":{"rendered":"https:\/\/www.europesays.com\/es\/742484\/"},"modified":"2026-09-01T18:16:14","modified_gmt":"2026-09-01T18:16:14","slug":"el-movistar-team-vuelve-a-hacer-suya-la-vuelta-a-espana","status":"publish","type":"post","link":"https:\/\/www.europesays.com\/es\/742484\/","title":{"rendered":"El Movistar Team vuelve a hacer suya la Vuelta a Espa\u00f1a"},"content":{"rendered":"<p class=\"ft-text\"><strong>El Movistar Team ha vivido un fin de semana para el recuerdo<\/strong>. Tras unas temporadas nada f\u00e1ciles, con mucha presi\u00f3n y soportando muchas cr\u00edticas, tanto para el equipo como para su principal l\u00edder, <a class=\"ft-link ft-link--decoration\" href=\"https:\/\/www.sport.es\/es\/noticias\/ciclismo\/la-vuelta\/enric-convierte-superestrella-aitana-133784923\" rel=\"nofollow noopener\" target=\"_blank\">Enric Mas, el conjunto telef\u00f3nico se ha desquitado de la mejor manera: liderando La Vuelta y ganando una etapa de rojo<\/a>. Unos logros que les han permitido romper importantes sequ\u00edas en ambos registros.<\/p>\n<p class=\"ft-text\">El Movistar afrontar\u00e1 la segunda y tercera semana de la principal carrera de casa <strong>con varios pesos menos de encima, pero con la responsabilidad que conlleva ser el l\u00edder de una gran vuelta<\/strong> y el gran \u00e9xito que puede suponer. Pero bendita responsabilidad.<\/p>\n<p>Siete a\u00f1os sin liderar<\/p>\n<p class=\"ft-text\">La formaci\u00f3n navarra no se ve\u00eda en una de estas <strong>desde La Vuelta a Espa\u00f1a de 2019<\/strong>. Era otra \u00e9poca en el Movistar. Por aquel entonces, era uno de los equipos m\u00e1s importantes del pelot\u00f3n internacional y contaba con un equipo hechor por y para ello: <strong>Alejandro Valverde (vigente campe\u00f3n del mundo), Mikel Landa, Richard Carapaz, Nairo Quintana, Marc Soler<\/strong>, Imanol Erviti, Jos\u00e9 Joaqu\u00edn Rojas, Andrey Amador, etc.<\/p>\n<p class=\"ft-text\"><a class=\"ft-link ft-link--decoration\" href=\"https:\/\/www.sport.es\/es\/noticias\/ciclismo\/nairo-quintana-anuncia-retirada-ciclismo-128279661\" rel=\"nofollow noopener\" target=\"_blank\">Quintana fue el protagonista en aquella ocasi\u00f3n<\/a>. En la <strong>novena etapa<\/strong>, \u00edntegra en Andorra con final en Cortals d&#8217;Encamp, pudo tomar una importante ventaja sobre <strong>Primoz Roglic y Miguel \u00c1ngel L\u00f3pez<\/strong> y as\u00ed arrebatarle el maillot rojo al franc\u00e9s Nicolas Edet gracias a un buen planteamiento de carrera del equipo.<\/p>\n<p class=\"ft-text\">Sin embargo, solo le dur\u00f3 una etapa a &#8216;El C\u00f3ndor&#8217;, puesto que <strong>lo perdi\u00f3 al d\u00eda siguiente en la contrarreloj<\/strong> entre Juran\u00e7on y Pau, en beneficio del esloveno Primoz Roglic.<\/p>\n<p>Volver a ganar<\/p>\n<p class=\"ft-text\">El Movistar vuelve a ganar y, por lo tanto, como dir\u00eda &#8216;El Canto del Loco&#8217;, <strong>vuelve a disfrutar<\/strong>. El equipo hace tiempo que se merec\u00eda una victoria de este calibre. Un corredor con la &#8216;M&#8217; en el pecho no levantaba los brazos en una gran vuelta desde hace m\u00e1s de dos a\u00f1os, <strong>en el Giro de Italia de 2024<\/strong>.<\/p>\n<p class=\"ft-text\">Entonces fue <strong>el asturiano Pelayo S\u00e1nchez<\/strong>, en la etapa 6, en una gran etapa que se llev\u00f3 la reducida fuga en la que estuvo con gente muy talentosa como <strong>Julian Alaphilippe o Luke Plapp<\/strong>. Desde aquel 9 de mayo de 2024, la formaci\u00f3n liderada por Eusebio Unzu\u00e9 lo intent\u00f3 con insistencia y en diferentes ocasiones fue al palo.<\/p>\n<p class=\"ft-text\"><strong>En La Vuelta a Espa\u00f1a, concretamente, no obten\u00eda un triunfo parcial desde la edici\u00f3n de 2021<\/strong>. El pol\u00e9mico <strong>Miguel \u00c1ngel L\u00f3pez gan\u00f3 la 18\u00aa etapa<\/strong>, muy importante para los hombres de la general como \u00e9l, en una jornada de alta monta\u00f1a con final <strong>en el Alto del Gamoniteiro<\/strong> por delante de Primoz Roglic y su compa\u00f1ero y actual l\u00edder Enric Mas.<\/p>\n<p class=\"ft-text\">Por otra parte, el Movistar Team, pese a que esta temporada ya <strong>acumula 13 victorias<\/strong>, no ganaba en una prueba de categor\u00eda WorldTour desde <strong>la etapa 3 del Crit\u00e9rium du Dauphin\u00e9 del a\u00f1o pasado, <\/strong><a class=\"ft-link ft-link--decoration\" href=\"https:\/\/www.sport.es\/es\/noticias\/ciclismo\/ivan-romeo-gana-solitario-viste-118464496\" rel=\"nofollow noopener\" target=\"_blank\">cuando Iv\u00e1n Romeo dio una exhibici\u00f3n de las suyas<\/a> y se escap\u00f3 del grupo principal a base de &#8216;palazos&#8217;.<\/p>\n","protected":false},"excerpt":{"rendered":"El Movistar Team ha vivido un fin de semana para el recuerdo. Tras unas temporadas nada f\u00e1ciles, con&hellip;\n","protected":false},"author":2,"featured_media":742485,"comment_status":"","ping_status":"","sticky":false,"template":"","format":"standard","meta":{"footnotes":""},"categories":[273],"tags":[313,312,168,3594,25,24,303,8660,23,167,1222,1357,7603,739],"class_list":["post-742484","post","type-post","status-publish","format-standard","has-post-thumbnail","category-ciclismo","tag-ciclismo","tag-cycling","tag-deportes","tag-enric-mas","tag-es","tag-espana","tag-movistar","tag-movistar-team","tag-spain","tag-sports","tag-team","tag-vuelta","tag-vuelta-espana","tag-vuelve"],"share_on_mastodon":{"url":"https:\/\/pubeurope.com\/@es\/117197156289276407","error":""},"_links":{"self":[{"href":"https:\/\/www.europesays.com\/es\/wp-json\/wp\/v2\/posts\/742484","targetHints":{"allow":["GET"]}}],"collection":[{"href":"https:\/\/www.europesays.com\/es\/wp-json\/wp\/v2\/posts"}],"about":[{"href":"https:\/\/www.europesays.com\/es\/wp-json\/wp\/v2\/types\/post"}],"author":[{"embeddable":true,"href":"https:\/\/www.europesays.com\/es\/wp-json\/wp\/v2\/users\/2"}],"replies":[{"embeddable":true,"href":"https:\/\/www.europesays.com\/es\/wp-json\/wp\/v2\/comments?post=742484"}],"version-history":[{"count":0,"href":"https:\/\/www.europesays.com\/es\/wp-json\/wp\/v2\/posts\/742484\/revisions"}],"wp:featuredmedia":[{"embeddable":true,"href":"https:\/\/www.europesays.com\/es\/wp-json\/wp\/v2\/media\/742485"}],"wp:attachment":[{"href":"https:\/\/www.europesays.com\/es\/wp-json\/wp\/v2\/media?parent=742484"}],"wp:term":[{"taxonomy":"category","embeddable":true,"href":"https:\/\/www.europesays.com\/es\/wp-json\/wp\/v2\/categories?post=742484"},{"taxonomy":"post_tag","embeddable":true,"href":"https:\/\/www.europesays.com\/es\/wp-json\/wp\/v2\/tags?post=742484"}],"curies":[{"name":"wp","href":"https:\/\/api.w.org\/{rel}","templated":true}]}}