{"id":742486,"date":"2026-09-01T18:18:20","date_gmt":"2026-09-01T18:18:20","guid":{"rendered":"https:\/\/www.europesays.com\/es\/742486\/"},"modified":"2026-09-01T18:18:20","modified_gmt":"2026-09-01T18:18:20","slug":"la-lliga-catalana-2026-ya-esta-aqui-40-equipos-y-siete-partidazos-acb-en-tarragona","status":"publish","type":"post","link":"https:\/\/www.europesays.com\/es\/742486\/","title":{"rendered":"La Lliga Catalana 2026 ya est\u00e1 aqu\u00ed: 40 equipos y siete partidazos ACB en Tarragona"},"content":{"rendered":"<p class=\"ft-text\">La <strong>Lliga Catalana ACB 2026<\/strong> ya est\u00e1 en marcha. La Sala de M\u00e1quinas de la Antigua F\u00e1brica Estrella Damm de Barcelona acogi\u00f3 la presentaci\u00f3n oficial de las <strong>Ligas Nacionales Catalanas<\/strong>, un acto que ha contado con la presencia de <strong>Berni \u00c1lvarez<\/strong>, conseller d&#8217;Esports de la Generalitat, y <strong>Ferran Aril<\/strong>, presidente de la Federaci\u00f3 Catalana de B\u00e0squet (FCBQ).<\/p>\n<p class=\"ft-text\">La edici\u00f3n de este a\u00f1o reunir\u00e1 a <strong>40 equipos<\/strong> de las diferentes categor\u00edas del baloncesto catal\u00e1n. La competici\u00f3n contar\u00e1 con representaci\u00f3n de la ACB (6 equipos), Liga Femenina (2), LF Challenge (2), 2\u00aa FEB (2), LF2 (7) y 3\u00aa FEB (21), con conjuntos procedentes de las cuatro provincias catalanas.<\/p>\n<p><img decoding=\"async\" src=\"https:\/\/www.europesays.com\/es\/wp-content\/uploads\/2026\/09\/a638a228-f0ba-4ee2-960d-f0abe8be2f31_alta-libre-aspect-ratio_default_0_x600y225.jpg\" width=\"1200\" height=\"675\" alt=\"Ferran Aril, presidente de la FCBQ\" class=\"ft-helper-img-rd\" loading=\"lazy\" fetchpriority=\"auto\"\/><\/p>\n<p class=\"ft-helper-fontColor-quaternary ft-helper-fontSize-body-S ft-helper-spacer-t-xxs\">Ferran Aril, presidente de la FCBQ  \/ FCBQ<\/p>\n<p class=\"ft-text\">Durante el acto se han presentado los formatos, emparejamientos y calendarios de las diferentes competiciones. <strong>Ferran Aril<\/strong> destac\u00f3 el crecimiento de las Ligas Catalanas y agradeci\u00f3 la colaboraci\u00f3n de instituciones, patrocinadores, clubes y ayuntamientos que hacen posible su celebraci\u00f3n.<\/p>\n<p class=\"ft-text\">Tambi\u00e9n tom\u00f3 la palabra <strong>Berni \u00c1lvarez<\/strong>, que puso en valor el trabajo de la FCBQ y de los clubes catalanes. El conseller destac\u00f3 adem\u00e1s la importancia de poder volver a disfrutar <strong>en abierto de los equipos catalanes de la ACB a trav\u00e9s de la televisi\u00f3n p\u00fablica catalana<\/strong> y anim\u00f3 a los aficionados a seguir y participar en una competici\u00f3n que gana peso cada temporada.<\/p>\n<p><img decoding=\"async\" src=\"https:\/\/www.europesays.com\/es\/wp-content\/uploads\/2026\/09\/fcc9f6f9-6b3f-4cfe-b0af-49254dbe38c1_alta-libre-aspect-ratio_default_0_x600y225.jpg\" width=\"1200\" height=\"675\" alt=\"Berni \u00c1lvarez, conseller d'Esports de la Generalitat\" class=\"ft-helper-img-rd\" loading=\"lazy\" fetchpriority=\"auto\"\/><\/p>\n<p class=\"ft-helper-fontColor-quaternary ft-helper-fontSize-body-S ft-helper-spacer-t-xxs\">Berni \u00c1lvarez, conseller d&#8217;Esports de la Generalitat  \/ FCBQ<\/p>\n<p class=\"ft-text\">Una de las novedades de esta edici\u00f3n ser\u00e1 la incorporaci\u00f3n de un <strong>nuevo sistema de estad\u00edstica avanzada<\/strong>. La FCBQ utilizar\u00e1 durante las Ligas Catalanas y en la pr\u00f3xima Supercopa un servicio desarrollado por <strong>Optimal Way<\/strong>, con el objetivo de ofrecer un an\u00e1lisis de datos m\u00e1s completo y dar un paso adelante en el seguimiento estad\u00edstico de los partidos.<\/p>\n<p class=\"ft-text\">En cuanto a la <strong>Lliga Catalana ACB<\/strong>, la competici\u00f3n alcanzar\u00e1 este a\u00f1o su <strong>47\u00aa edici\u00f3n<\/strong> y se disputar\u00e1 en el Palau d&#8217;Esports Catalunya de Tarragona los d\u00edas <strong>9, 10, 11 y 13 de septiembre<\/strong>. Ser\u00e1n siete partidos en total, con una jornada final que decidir\u00e1 al campe\u00f3n.<\/p>\n<p><img decoding=\"async\" src=\"https:\/\/www.europesays.com\/es\/wp-content\/uploads\/2026\/09\/15927504-9cb0-4a46-b086-71d3e74d5c05_alta-libre-aspect-ratio_default_0_x600y225.jpg\" width=\"1200\" height=\"675\" alt=\"Ferran Aril y Berni \u00c1lvarez, en la presentaci\u00f3n de las Lligues Catalanes\" class=\"ft-helper-img-rd\" loading=\"lazy\" fetchpriority=\"auto\"\/><\/p>\n<p class=\"ft-helper-fontColor-quaternary ft-helper-fontSize-body-S ft-helper-spacer-t-xxs\">Ferran Aril y Berni \u00c1lvarez, en la presentaci\u00f3n de las Lligues Catalanes  \/ FCBQ<\/p>\n<p class=\"ft-text\">Las entradas para cada jornada ya est\u00e1n a la venta desde las <strong>13.00 horas de este martes<\/strong>. El precio es de <strong>15 euros por jornada<\/strong>, incluyendo los dos partidos previstos cada d\u00eda, salvo el domingo, cuando \u00fanicamente se disputar\u00e1 la gran final. Tambi\u00e9n se pueden adquirir abonos para asistir a los siete encuentros de la competici\u00f3n en Tarragona.<\/p>\n<p class=\"ft-text\">La <strong>Lliga Catalana ACB<\/strong> volver\u00e1 a ser, por tanto, una de las grandes citas del inicio de temporada en el baloncesto catal\u00e1n. <strong>Bar\u00e7a, Asisa Joventut, Kids&amp;Us Manresa, FIATC Girona, Ilerna Lleida y Morabanc Andorra<\/strong> afrontar\u00e1n en Tarragona una primera oportunidad para medir fuerzas antes del comienzo oficial de las competiciones.<\/p>\n","protected":false},"excerpt":{"rendered":"La Lliga Catalana ACB 2026 ya est\u00e1 en marcha. La Sala de M\u00e1quinas de la Antigua F\u00e1brica Estrella&hellip;\n","protected":false},"author":2,"featured_media":742487,"comment_status":"","ping_status":"","sticky":false,"template":"","format":"standard","meta":{"footnotes":""},"categories":[269],"tags":[299,298,6783,31792,168,6440,25,24,131687,6758,2436,23,167],"class_list":["post-742486","post","type-post","status-publish","format-standard","has-post-thumbnail","category-baloncesto","tag-baloncesto","tag-basketball","tag-calendario","tag-catalana","tag-deportes","tag-equipos","tag-es","tag-espana","tag-lliga","tag-partidos","tag-presentacion","tag-spain","tag-sports"],"share_on_mastodon":{"url":"https:\/\/pubeurope.com\/@es\/117197166131345272","error":""},"_links":{"self":[{"href":"https:\/\/www.europesays.com\/es\/wp-json\/wp\/v2\/posts\/742486","targetHints":{"allow":["GET"]}}],"collection":[{"href":"https:\/\/www.europesays.com\/es\/wp-json\/wp\/v2\/posts"}],"about":[{"href":"https:\/\/www.europesays.com\/es\/wp-json\/wp\/v2\/types\/post"}],"author":[{"embeddable":true,"href":"https:\/\/www.europesays.com\/es\/wp-json\/wp\/v2\/users\/2"}],"replies":[{"embeddable":true,"href":"https:\/\/www.europesays.com\/es\/wp-json\/wp\/v2\/comments?post=742486"}],"version-history":[{"count":0,"href":"https:\/\/www.europesays.com\/es\/wp-json\/wp\/v2\/posts\/742486\/revisions"}],"wp:featuredmedia":[{"embeddable":true,"href":"https:\/\/www.europesays.com\/es\/wp-json\/wp\/v2\/media\/742487"}],"wp:attachment":[{"href":"https:\/\/www.europesays.com\/es\/wp-json\/wp\/v2\/media?parent=742486"}],"wp:term":[{"taxonomy":"category","embeddable":true,"href":"https:\/\/www.europesays.com\/es\/wp-json\/wp\/v2\/categories?post=742486"},{"taxonomy":"post_tag","embeddable":true,"href":"https:\/\/www.europesays.com\/es\/wp-json\/wp\/v2\/tags?post=742486"}],"curies":[{"name":"wp","href":"https:\/\/api.w.org\/{rel}","templated":true}]}}