{"id":742488,"date":"2026-09-01T18:19:17","date_gmt":"2026-09-01T18:19:17","guid":{"rendered":"https:\/\/www.europesays.com\/es\/742488\/"},"modified":"2026-09-01T18:19:17","modified_gmt":"2026-09-01T18:19:17","slug":"la-reflexion-de-andreas-christensen-30-anos-sobre-la-paternidad-mi-hijo-liam-adora-estar-en-el-camp-nou-aunque-el-partido-sea-tarde-a-veces-me-pide-si-puede-venir-porque-le-encanta-estar-en-el","status":"publish","type":"post","link":"https:\/\/www.europesays.com\/es\/742488\/","title":{"rendered":"La reflexi\u00f3n de Andreas Christensen (30 a\u00f1os) sobre la paternidad: \u00abMi hijo Liam adora estar en el Camp Nou. Aunque el partido sea tarde, a veces me pide si puede venir, porque le encanta estar en el estadio. Y siempre pregunta: &#8216;\u00bfCu\u00e1ndo vamos?'\u00bb"},"content":{"rendered":"<p class=\"ft-text\"><strong>Andreas Christensen est\u00e1 siendo una de las grandes sorpresas en este inicio de competici\u00f3n del FC Barcelona<\/strong>. El futbolista dan\u00e9s ha disputado dos de los tres partidos, ante el Elche y el Rayo Vallecano, y ha ofrecido un gran nivel en ambos encuentros. Sin duda, una gran noticia para Hansi Flick. <\/p>\n<p class=\"ft-text\">Ayer, el central disput\u00f3 su partido n\u00famero 100 con la camiseta del conjunto azulgrana. Fue un encuentro muy especial para \u00e9l y no estuvo solo, <strong>ya que estuvo acompa\u00f1ado por su esposa, la modelo e influencer danesa Katrine Friis, y su hijo, Liam<\/strong>.<\/p>\n<p class=\"ft-text\">Al finalizar el encuentro, Christensen volvi\u00f3 al terreno de juego del Spotify Camp Nou para jugar un rato con Liam, <strong>tal y como captaron las c\u00e1maras de DAZN, algo de lo que se habl\u00f3 despu\u00e9s del partido en zona mixta.<\/strong><\/p>\n<p><img decoding=\"async\" src=\"https:\/\/www.europesays.com\/es\/wp-content\/uploads\/2026\/09\/ff746279-7485-4c9a-a07d-d9d15c094b2e_alta-libre-aspect-ratio_default_0_x600y225.jpg\" width=\"1200\" height=\"675\" alt=\"Andreas Christensen y su hijo Liam\" class=\"ft-helper-img-rd\" loading=\"lazy\" fetchpriority=\"auto\"\/><\/p>\n<p class=\"ft-helper-fontColor-quaternary ft-helper-fontSize-body-S ft-helper-spacer-t-xxs\">Andreas Christensen y su hijo Liam  \/ DAZN<\/p>\n<p class=\"ft-text\">En primer lugar, el defensa del conjunto azulgrana se mostr\u00f3 muy contento de haber defendido la camiseta cul\u00e9 en 100 partidos: \u00ab<strong>Estoy muy feliz. Significa mucho para m\u00ed y para mi familia. Nos sentimos bienvenidos desde el primer d\u00eda y nos encanta estar aqu\u00ed<\/strong>\u00ab. <\/p>\n<p class=\"ft-text\">Por otro lado, Christensen habl\u00f3 de la relaci\u00f3n que tiene con su hijo: \u00bb Liam adora estar aqu\u00ed (en el Spotify Camp Nou). Aunque el partido sea tarde, a veces me pide si puede venir, <strong>porque le encanta estar en el estadio<\/strong>\u00ab.<\/p>\n<p class=\"ft-text\">El futbolista dan\u00e9s reconoci\u00f3 que Liam siempre le pregunta cu\u00e1ndo van a ir al estadio. \u00ab<strong>As\u00ed que le hicimos una siesta tard\u00eda para que pudiera mantenerse despierto<\/strong>\u00ab, coment\u00f3 en zona mixta.<\/p>\n<p><img decoding=\"async\" src=\"https:\/\/www.europesays.com\/es\/wp-content\/uploads\/2026\/09\/45caf831-1eec-4dde-99bb-989cdef45652_alta-libre-aspect-ratio_default_0_x600y225.jpg\" width=\"1200\" height=\"675\" alt=\"Andreas Christensen con su familia\" class=\"ft-helper-img-rd\" loading=\"lazy\" fetchpriority=\"auto\"\/><\/p>\n<p class=\"ft-helper-fontColor-quaternary ft-helper-fontSize-body-S ft-helper-spacer-t-xxs\">Andreas Christensen con su familia  \/ Valent\u00ed Enrich<\/p>\n<p class=\"ft-text\">Uno de los motivos por los que le dej\u00f3 ir es que son vacaciones de verano: \u00abTodav\u00eda son las vacaciones de verano, <strong>y el simple hecho de verlo correr por el campo me da tanta alegr\u00eda<\/strong>\u00ab.<\/p>\n<p class=\"ft-text\">\u00abMe encanta estar all\u00ed, pero creo que a \u00e9l le gusta m\u00e1s que a m\u00ed. Y tambi\u00e9n lo busco antes de los partidos<strong> y ver la sonrisa en su rostro solo por estar en el estadio me hace feliz<\/strong>\u00ab, concluy\u00f3.<\/p>\n","protected":false},"excerpt":{"rendered":"Andreas Christensen est\u00e1 siendo una de las grandes sorpresas en este inicio de competici\u00f3n del FC Barcelona. El&hellip;\n","protected":false},"author":2,"featured_media":742489,"comment_status":"","ping_status":"","sticky":false,"template":"","format":"standard","meta":{"footnotes":""},"categories":[268],"tags":[1881,45249,988,63396,168,25,24,280,2313,282,27958,281,23,167],"class_list":["post-742488","post","type-post","status-publish","format-standard","has-post-thumbnail","category-futbol","tag-1881","tag-andreas","tag-anos","tag-christensen","tag-deportes","tag-es","tag-espana","tag-football","tag-fuera-de-juego","tag-futbol","tag-reflexion","tag-soccer","tag-spain","tag-sports"],"share_on_mastodon":{"url":"https:\/\/pubeurope.com\/@es\/117197168147158943","error":""},"_links":{"self":[{"href":"https:\/\/www.europesays.com\/es\/wp-json\/wp\/v2\/posts\/742488","targetHints":{"allow":["GET"]}}],"collection":[{"href":"https:\/\/www.europesays.com\/es\/wp-json\/wp\/v2\/posts"}],"about":[{"href":"https:\/\/www.europesays.com\/es\/wp-json\/wp\/v2\/types\/post"}],"author":[{"embeddable":true,"href":"https:\/\/www.europesays.com\/es\/wp-json\/wp\/v2\/users\/2"}],"replies":[{"embeddable":true,"href":"https:\/\/www.europesays.com\/es\/wp-json\/wp\/v2\/comments?post=742488"}],"version-history":[{"count":0,"href":"https:\/\/www.europesays.com\/es\/wp-json\/wp\/v2\/posts\/742488\/revisions"}],"wp:featuredmedia":[{"embeddable":true,"href":"https:\/\/www.europesays.com\/es\/wp-json\/wp\/v2\/media\/742489"}],"wp:attachment":[{"href":"https:\/\/www.europesays.com\/es\/wp-json\/wp\/v2\/media?parent=742488"}],"wp:term":[{"taxonomy":"category","embeddable":true,"href":"https:\/\/www.europesays.com\/es\/wp-json\/wp\/v2\/categories?post=742488"},{"taxonomy":"post_tag","embeddable":true,"href":"https:\/\/www.europesays.com\/es\/wp-json\/wp\/v2\/tags?post=742488"}],"curies":[{"name":"wp","href":"https:\/\/api.w.org\/{rel}","templated":true}]}}