{"id":742498,"date":"2026-09-01T18:26:14","date_gmt":"2026-09-01T18:26:14","guid":{"rendered":"https:\/\/www.europesays.com\/es\/742498\/"},"modified":"2026-09-01T18:26:14","modified_gmt":"2026-09-01T18:26:14","slug":"tronchon-gana-al-sprint-y-se-lleva-decima-etapa-de-la-vuelta-y-mas-mantiene-el-liderato","status":"publish","type":"post","link":"https:\/\/www.europesays.com\/es\/742498\/","title":{"rendered":"Tronchon gana al sprint y se lleva d\u00e9cima etapa de la Vuelta y Mas mantiene el liderato"},"content":{"rendered":"\n<p>ELCHE DE LA SIERRA, Espa\u00f1a\u00a0\u2014\u00a0El ciclista franc\u00e9s Bastien Tronchon logr\u00f3 el mejor resultado de su carrera al ganar el martes la d\u00e9cima etapa de la Vuelta a Espa\u00f1a, y Enric Mas conserv\u00f3 el maillot rojo de l\u00edder que recibi\u00f3 tras la ca\u00edda de Tadej Poga\u010dar, que lo oblig\u00f3 a abandonar la carrera.<\/p>\n<p>Tronchon, de 24 a\u00f1os, se despeg\u00f3 en el sprint final en los \u00faltimos 20 metros de una etapa monta\u00f1osa de 184,7 kil\u00f3metros entre Alcaraz y Elche de la Sierra. Magnus Cort fue segundo y Thibau Nys termin\u00f3 tercero. Wout van Aert fue cuarto.<\/p>\n<p>Tronchon se llev\u00f3 la mano derecha al casco, sorprendido, al cruzar la meta, y rompi\u00f3 a llorar cuando sus compa\u00f1eros del equipo Groupama-FDJ United lo felicitaron.<\/p>\n<p>Mas mantuvo el liderato general con 1 minuto y 18 segundos de ventaja sobre Primoz Roglic, el esloveno de 36 a\u00f1os que persigue un r\u00e9cord de cinco t\u00edtulos de la Vuelta. Felix Gall se mantuvo 1\u201939 por detr\u00e1s, en el tercer puesto.<\/p>\n<p>La Vuelta dio un vuelco el s\u00e1bado cuando Poga\u010dar, el l\u00edder y gran favorito para ganar la carrera de tres semanas, se cay\u00f3 y se fractur\u00f3 la clav\u00edcula izquierda.<\/p>\n<p>La etapa del martes coron\u00f3 tres ascensos de tercera categor\u00eda y permiti\u00f3 que una escapada de siete hombres \u2014solo uno de ellos a menos de una hora del tiempo total de Mas\u2014 construyera una ventaja de m\u00e1s de dos minutos y medio.<\/p>\n<p>El pelot\u00f3n alcanz\u00f3 al \u00faltimo de los fugados dentro de los cinco kil\u00f3metros finales y neutraliz\u00f3 otros intentos de corredores por escaparse para pelear por la victoria.<\/p>\n<p>La und\u00e9cima etapa del mi\u00e9rcoles es llana y favorable para los velocistas, con 153,8 kil\u00f3metros de Cartagena a Lorca. La Vuelta termina en Granada el 13 de septiembre.<\/p>\n<p>___<\/p>\n<p><a class=\"link\" href=\"https:\/\/apnews.com\/hub\/deportes\" target=\"_blank\" rel=\"nofollow noopener\">Vea aqu\u00ed la cobertura completa de AP sobre deportes<\/a> <\/p>\n","protected":false},"excerpt":{"rendered":"ELCHE DE LA SIERRA, Espa\u00f1a\u00a0\u2014\u00a0El ciclista franc\u00e9s Bastien Tronchon logr\u00f3 el mejor resultado de su carrera al ganar&hellip;\n","protected":false},"author":2,"featured_media":742499,"comment_status":"","ping_status":"","sticky":false,"template":"","format":"standard","meta":{"footnotes":""},"categories":[93],"tags":[4860,131688,168,11209,25,24,1058,4758,5564,13686,1179,1566,23,167,3596,463,4861,131689,3667,1357],"class_list":["post-742498","post","type-post","status-publish","format-standard","has-post-thumbnail","category-deportes","tag-carrera","tag-decimo-etapa","tag-deportes","tag-derecho","tag-es","tag-espana","tag-final","tag-kilometro","tag-lider","tag-liderato","tag-mas","tag-segundo","tag-spain","tag-sports","tag-sprint","tag-tadej-pogacar","tag-tercero","tag-tronchon","tag-ultimo","tag-vuelta"],"share_on_mastodon":{"url":"https:\/\/pubeurope.com\/@es\/117197195783486372","error":""},"_links":{"self":[{"href":"https:\/\/www.europesays.com\/es\/wp-json\/wp\/v2\/posts\/742498","targetHints":{"allow":["GET"]}}],"collection":[{"href":"https:\/\/www.europesays.com\/es\/wp-json\/wp\/v2\/posts"}],"about":[{"href":"https:\/\/www.europesays.com\/es\/wp-json\/wp\/v2\/types\/post"}],"author":[{"embeddable":true,"href":"https:\/\/www.europesays.com\/es\/wp-json\/wp\/v2\/users\/2"}],"replies":[{"embeddable":true,"href":"https:\/\/www.europesays.com\/es\/wp-json\/wp\/v2\/comments?post=742498"}],"version-history":[{"count":0,"href":"https:\/\/www.europesays.com\/es\/wp-json\/wp\/v2\/posts\/742498\/revisions"}],"wp:featuredmedia":[{"embeddable":true,"href":"https:\/\/www.europesays.com\/es\/wp-json\/wp\/v2\/media\/742499"}],"wp:attachment":[{"href":"https:\/\/www.europesays.com\/es\/wp-json\/wp\/v2\/media?parent=742498"}],"wp:term":[{"taxonomy":"category","embeddable":true,"href":"https:\/\/www.europesays.com\/es\/wp-json\/wp\/v2\/categories?post=742498"},{"taxonomy":"post_tag","embeddable":true,"href":"https:\/\/www.europesays.com\/es\/wp-json\/wp\/v2\/tags?post=742498"}],"curies":[{"name":"wp","href":"https:\/\/api.w.org\/{rel}","templated":true}]}}