{"id":742514,"date":"2026-09-01T18:38:13","date_gmt":"2026-09-01T18:38:13","guid":{"rendered":"https:\/\/www.europesays.com\/es\/742514\/"},"modified":"2026-09-01T18:38:13","modified_gmt":"2026-09-01T18:38:13","slug":"hovland-se-libro-por-los-pelos-de-la-sancion-en-la-arena-del-bunker","status":"publish","type":"post","link":"https:\/\/www.europesays.com\/es\/742514\/","title":{"rendered":"Hovland se libr\u00f3 por los pelos de la sanci\u00f3n en la arena del bunker"},"content":{"rendered":"<p>Tras una semana en la que fue de m\u00e1s a menos, Hovland sell\u00f3 el subcampeonato tras escaparse de la sanci\u00f3n en uno de los \u00faltimos hoyos<img fetchpriority=\"high\" decoding=\"async\" class=\"wp-image-334027 size-full\" src=\"https:\/\/www.europesays.com\/es\/wp-content\/uploads\/2026\/09\/PGA-Tour-TOUR-Champ-26-j4-East-Lake-Viktor-Hovland.jpg\" alt=\"PGA Tour, TOUR Champ 26 j4, East Lake, Viktor Hovland,\" width=\"1500\" height=\"1001\"  \/>Hovland fue uno de los grandes nombres del campeonato en Atlanta.<\/p>\n<p style=\"text-align: justify;\">Estuvo peleando por la <strong>victoria<\/strong> hasta el final, pero finalmente se qued\u00f3 con la <strong>miel en los labios<\/strong>. <strong>Viktor Hovland<\/strong> firm\u00f3 un <strong>subcampeonato<\/strong> sobre la hierba de <strong>East Lake<\/strong> en el \u00faltimo torneo del curso. Lo hizo despu\u00e9s de un domingo en el que finaliz\u00f3 con <strong>tres bogeys<\/strong> y un solo <strong>birdie<\/strong> para <strong><a style=\"color: #008000;\" href=\"https:\/\/x.com\/flushingitgolf\/status\/2094481300656631832\" target=\"_blank\" rel=\"noopener nofollow\">terminar en el segundo lugar y ceder la posici\u00f3n de privilegio<\/a><\/strong> a un intratable <strong>Scottie Scheffler<\/strong>.<\/p>\n<p style=\"text-align: justify;\">Aunque incluso el segundo puesto estuvo hasta el final en <strong>entredicho<\/strong> para <strong>Hovland<\/strong>. Y el principal culpable fue el par 4 del <strong>hoyo 13<\/strong>. Aqu\u00ed, el jugador europeo estuvo <strong>muy cerca<\/strong> de liarse despu\u00e9s de visitar con su <strong>segundo golpe<\/strong> el <strong>bunker<\/strong> de la parte izquierda del green. Y no precisamente por un <strong>mal disparo<\/strong>. El <strong>PGA Tour<\/strong> recibi\u00f3 varias consultas preguntando si el deportista n\u00f3rdico hab\u00eda <strong>apoyado<\/strong> el palo en la arena.<\/p>\n<p style=\"text-align: justify;\">Un extremo que qued\u00f3 totalmente <strong>descartado<\/strong>, como demostr\u00f3 la <strong>CBS<\/strong> en su retransmisi\u00f3n. \u201cDefinitivamente, <strong>no parece que haya tocado<\/strong> la arena\u201d, lleg\u00f3 a reconocer el oficial de reglas <strong>Mark Dusbabek<\/strong>. <strong>Hovland<\/strong> firm\u00f3 en esa bandera un <strong>bogey<\/strong> que lo alej\u00f3 del liderato, pero que lo mantuvo en la <strong>pugna<\/strong> hasta el final.<\/p>\n<p>Orgulloso del segundo puesto<\/p>\n<p style=\"text-align: justify;\">Una situaci\u00f3n que lament\u00f3 el golfista del viejo continente en la rueda de prensa posterior al torneo. \u201cEn cuanto a puntuaci\u00f3n, siento que estoy <strong>muy cerca<\/strong> de lo que quiero lograr\u201d, confes\u00f3 el escandinavo.<\/p>\n<p style=\"text-align: justify;\">\u201cSi soy capaz de poner la bola en la calle y de tener un golpe <strong>c\u00f3modo<\/strong>, siento que puedo jugar <strong>muy bien<\/strong>. Es frustrante ver c\u00f3mo los <strong>mismos fallos<\/strong> se repiten una y otra vez. Los primeros d\u00edas no le pegu\u00e9 bien y, sin embargo, la bola iba <strong>recta<\/strong>. Hoy le he seguido pegando mal, pero las cosas <strong>no han ido bien<\/strong>\u201d, sentenci\u00f3 un <strong>Hovland<\/strong> que, no obstante, se ha mostrado <strong>orgulloso<\/strong> de <strong><a style=\"color: #008000;\" href=\"https:\/\/opengolf.es\/circuitos\/scheffler-sigue-reinando-en-el-pga-tour-gana-en-east-lake-y-se-hace-con-su-segunda-fedex-cup\/\" target=\"_blank\" rel=\"noopener nofollow\">su segundo lugar en la FedEx Cup<\/a><\/strong>.<\/p>\n<blockquote class=\"twitter-tweet\">\n<p dir=\"ltr\" lang=\"en\">Viktor Hovland closed his PGA Tour season with a runner up finish at the Tour Championship after rounds of 64, 65, 66 and 72. He said he was overall happy with the week, but disappointed with how he played on Sunday. He also said he wasn\u2019t anywhere near his ceiling, but feels\u2026 <a href=\"https:\/\/t.co\/WmBWYNPk3U\" rel=\"nofollow\">pic.twitter.com\/WmBWYNPk3U<\/a><\/p>\n<p>\u2014 Flushing It (@flushingitgolf) <a href=\"https:\/\/x.com\/flushingitgolf\/status\/2094481300656631832?ref_src=twsrc%5Etfw\" rel=\"nofollow\">August 31, 2026<\/a><\/p>\n<\/blockquote>\n<p><script async src=\"https:\/\/platform.twitter.com\/widgets.js\" charset=\"utf-8\"><\/script><\/p>\n","protected":false},"excerpt":{"rendered":"Tras una semana en la que fue de m\u00e1s a menos, Hovland sell\u00f3 el subcampeonato tras escaparse de&hellip;\n","protected":false},"author":2,"featured_media":742515,"comment_status":"","ping_status":"","sticky":false,"template":"","format":"standard","meta":{"footnotes":""},"categories":[275],"tags":[168,28006,25,24,329,1960,604,23,167,20406,24005],"class_list":["post-742514","post","type-post","status-publish","format-standard","has-post-thumbnail","category-golf","tag-deportes","tag-east-lake-gc","tag-es","tag-espana","tag-golf","tag-pga-tour","tag-scottie-scheffler","tag-spain","tag-sports","tag-tour-championship","tag-viktor-hovland"],"share_on_mastodon":{"url":"https:\/\/pubeurope.com\/@es\/117197243763850833","error":""},"_links":{"self":[{"href":"https:\/\/www.europesays.com\/es\/wp-json\/wp\/v2\/posts\/742514","targetHints":{"allow":["GET"]}}],"collection":[{"href":"https:\/\/www.europesays.com\/es\/wp-json\/wp\/v2\/posts"}],"about":[{"href":"https:\/\/www.europesays.com\/es\/wp-json\/wp\/v2\/types\/post"}],"author":[{"embeddable":true,"href":"https:\/\/www.europesays.com\/es\/wp-json\/wp\/v2\/users\/2"}],"replies":[{"embeddable":true,"href":"https:\/\/www.europesays.com\/es\/wp-json\/wp\/v2\/comments?post=742514"}],"version-history":[{"count":0,"href":"https:\/\/www.europesays.com\/es\/wp-json\/wp\/v2\/posts\/742514\/revisions"}],"wp:featuredmedia":[{"embeddable":true,"href":"https:\/\/www.europesays.com\/es\/wp-json\/wp\/v2\/media\/742515"}],"wp:attachment":[{"href":"https:\/\/www.europesays.com\/es\/wp-json\/wp\/v2\/media?parent=742514"}],"wp:term":[{"taxonomy":"category","embeddable":true,"href":"https:\/\/www.europesays.com\/es\/wp-json\/wp\/v2\/categories?post=742514"},{"taxonomy":"post_tag","embeddable":true,"href":"https:\/\/www.europesays.com\/es\/wp-json\/wp\/v2\/tags?post=742514"}],"curies":[{"name":"wp","href":"https:\/\/api.w.org\/{rel}","templated":true}]}}