{"id":742518,"date":"2026-09-01T18:40:11","date_gmt":"2026-09-01T18:40:11","guid":{"rendered":"https:\/\/www.europesays.com\/es\/742518\/"},"modified":"2026-09-01T18:40:11","modified_gmt":"2026-09-01T18:40:11","slug":"vuelta-a-espana-santiago-buitrago-pensabamos-que-iba-a-ser-duro-para-la-fuga-esciclismo","status":"publish","type":"post","link":"https:\/\/www.europesays.com\/es\/742518\/","title":{"rendered":"Vuelta a Espa\u00f1a: Santiago Buitrago: &quot;Pens\u00e1bamos que iba a ser duro para la fuga&quot; &#8211; Esciclismo"},"content":{"rendered":"<ol>\n<li><a href=\"https:\/\/news.google.com\/rss\/articles\/CBMiakFVX3lxTFBpMXhDUEFZc20zSEswTVpoVkxhSkNITkF1dUtmcng1WGtCTTRWQTJWY1hLVEwxdkE3NFRjRjZzMUY4WTNJZnBiWlNtUmY5VzkwYU5HU09CYzUxYm04Yld0VnktbEs3eTh1WWc?oc=5\" target=\"_blank\" rel=\"nofollow noopener\">Vuelta a Espa\u00f1a: Santiago Buitrago: \u00abPens\u00e1bamos que iba a ser duro para la fuga\u00bb<\/a>&nbsp;&nbsp;Esciclismo<\/li>\n<li><a href=\"https:\/\/news.google.com\/rss\/articles\/CBMi9AFBVV95cUxPSllsYjd0WHRESmdKLVUzT0FzdTBaOVF3Y3FnU1h0cmtnYU8xWlU3S3M0aGlrWDBweGRJVmQtOXhob29EMks4TkZCWVVrNk9FRTZTZzAwaHpETW5DUllpalo3V05Fdms3UTFBdnN6WVl0TUFiMGJPR2FmSWxadmJhX211U3FZVEN0Y0VBOThoRlFmM2lOSlVOajd3d2NHck5JcUNVVVJpbWZEMkc2dGJMejdLT3BzR1VUdVdoRGktVjZUTDhXaDBITXlsWWtJMXlKNjh5S1N6N2V6VWlyVFVoa2VJUU1Db0hlcFl3Z3JCa0t1aDdQ0gH6AUFVX3lxTE5QMUVUMk05Sm1WZ0hJLWpNcW5DbkRTYWFtSUYzMWFQcGJ6V3RsWVFqZWkyN25WN2FuN25BYUctd0lrcGh5VlFORWx0dG8xN3dvc0pySWdfOUNRNjRSdzREZFBMbi1XNUJ6ZGV4bzEybmRNNHpxWUFSZkVZaTAyY0NhYjVLVEFwMFhYM2VtdVM3aWdvOVRMaGlpclh5RW9yRzAxTEg4VTN2elcyUkc2QWNFb05KQVR2dE91OUx4ak93NnpSUXl3MG5rdUVnQXh0Rk02R3c4NDc0ZC11cUJLX1loNmZQbWotc29Qb05vSFlTcEhjakI5US1vVkE?oc=5\" target=\"_blank\" rel=\"nofollow noopener\">Brutal ascenso en la general de la Vuelta a Espa\u00f1a de Santiago Buitrago tras la etapa 9: as\u00ed van los colombianos<\/a>&nbsp;&nbsp;El Tiempo<\/li>\n<li><a href=\"https:\/\/news.google.com\/rss\/articles\/CBMipgFBVV95cUxPNTZhMmRDQUhvSks1ZFFLRnNlLXpEb0hmeS1IQXp6cnFiSVJkMjVVdjc3MXBzZU1lZWpEZU8yVGhrSEE0emlHZFNrb2tleC1oQkJKaFZod3pfOC1HaWYtRlNkZkhqR2ljem5wMEZweFVidXdnLWI4dTZwcmlzUHgydWNHUHdmT09ra1Rsa1VDWGd5S2FVSmNIeWJsd3Q5aFZHSlZMdkpR?oc=5\" target=\"_blank\" rel=\"nofollow noopener\">\u00bfHac\u00eda cu\u00e1nto un colombiano no lideraba la monta\u00f1a de la Vuelta a Espa\u00f1a? Buitrago puso fin a la espera<\/a>&nbsp;&nbsp;Yahoo<\/li>\n<li><a href=\"https:\/\/news.google.com\/rss\/articles\/CBMi7gFBVV95cUxPVG5PU0MxS1Mxd0N2aVpaWGxjTF94X0ZCSGFvalZRaEExUWVxSk82TWx1WWM5cVZwOHJKM0lnUHN1cmx1QWpGSWNkdG9XNm42cldkSTFJN2VQU1ZMN29NY2hvZXJ5cnpyb1NnZHAzelJVWkgtQTFhOWp5bWtJeDJubi1nc3FIWnJTSkJUZm1rN0Q4T2toV2E1TGJHdHlDSWNFTGhlTm1PelNWZ2RFVmRMUnRaVmRmczRkYXBRTG1pOXFpLVZKaHhnek1YUm8tZGxBWUdLWWF5cXVnMllUbUpIQTNYbVRKYVlNeFViNnpB?oc=5\" target=\"_blank\" rel=\"nofollow noopener\">\u00a1Le luce la de lunares! Santiago Buitrago mantiene el liderato de la monta\u00f1a tras arrancar la segunda semana de La Vuelta<\/a>&nbsp;&nbsp;Claro Sports<\/li>\n<li><a href=\"https:\/\/news.google.com\/rss\/articles\/CBMinwFBVV95cUxNS25mclI1SjE4N1IzV1oyUzlUOFpvdU8tNFNMbU90bmZBdlV0T0RFTm1odmZKNHBBWWoweE4wWjlaNXdBYWlnVi1qTXBHNGdHOU9SOVp3ZzZnNFJ0bldrakZWajVvSUxoTlNUeU8wYVlVTG9EN0JlRkh6c0tvZU9OdzVCemdCTl8wWnNlenNXbS1EUDBrNXB6Mm94VjFvdVnSAboBQVVfeXFMTjBRNkJMUFFVX1BRQjJZTnJUamphR3FvaVlqOU9XeGdQN2xGWlRadld6VzJmUDROaUs0N1I3bUZMR3g1Wl9fWmVwYW54bkVRb3J1OWg2QlpoX0FUUFBlVXVrQzh0THNUUEZOTmR5TlBZSzl5dmRXZVFsRlhSYWd3R0hIaWpjQVRJUnVyV3owZ3ZfdFVXVTBUbXdYamZpY1lkN0tWeWg0RXlWSGo2bjc3aHEyN1BEZnJ4ekpB?oc=5\" target=\"_blank\" rel=\"nofollow noopener\">Buitrago: \u00abUna etapa para que duelan las piernas\u00bb<\/a>&nbsp;&nbsp;Infobae<\/li>\n<\/ol>\n","protected":false},"excerpt":{"rendered":"Vuelta a Espa\u00f1a: Santiago Buitrago: \u00abPens\u00e1bamos que iba a ser duro para la fuga\u00bb&nbsp;&nbsp;Esciclismo Brutal ascenso en la&hellip;\n","protected":false},"author":2,"featured_media":742519,"comment_status":"","ping_status":"","sticky":false,"template":"","format":"standard","meta":{"footnotes":""},"categories":[273],"tags":[12611,323,77514,313,1757,4616,9301,10084,312,7441,11340,168,987,7752,2562,158,622,25,24,7167,1058,5671,17576,56204,293,322,5564,5329,90696,8478,131690,11237,2450,104796,8643,23,167,12612,321,1357],"class_list":["post-742518","post","type-post","status-publish","format-standard","has-post-thumbnail","category-ciclismo","tag-bahrain","tag-bike","tag-buitrago","tag-ciclismo","tag-ciclista","tag-clasificacion","tag-cofidis","tag-colombiano","tag-cycling","tag-dan","tag-decima","tag-deportes","tag-despues","tag-dolor","tag-duro","tag-el","tag-equipo","tag-es","tag-espana","tag-etapas","tag-final","tag-fuga","tag-iba","tag-inmediatamente","tag-jornada","tag-lease","tag-lider","tag-montana","tag-pensabamos","tag-piernas","tag-pusie","tag-rapido","tag-santiago","tag-senalo","tag-ser","tag-spain","tag-sports","tag-victorious","tag-visma","tag-vuelta"],"share_on_mastodon":{"url":"https:\/\/pubeurope.com\/@es\/117197250421757464","error":""},"_links":{"self":[{"href":"https:\/\/www.europesays.com\/es\/wp-json\/wp\/v2\/posts\/742518","targetHints":{"allow":["GET"]}}],"collection":[{"href":"https:\/\/www.europesays.com\/es\/wp-json\/wp\/v2\/posts"}],"about":[{"href":"https:\/\/www.europesays.com\/es\/wp-json\/wp\/v2\/types\/post"}],"author":[{"embeddable":true,"href":"https:\/\/www.europesays.com\/es\/wp-json\/wp\/v2\/users\/2"}],"replies":[{"embeddable":true,"href":"https:\/\/www.europesays.com\/es\/wp-json\/wp\/v2\/comments?post=742518"}],"version-history":[{"count":0,"href":"https:\/\/www.europesays.com\/es\/wp-json\/wp\/v2\/posts\/742518\/revisions"}],"wp:featuredmedia":[{"embeddable":true,"href":"https:\/\/www.europesays.com\/es\/wp-json\/wp\/v2\/media\/742519"}],"wp:attachment":[{"href":"https:\/\/www.europesays.com\/es\/wp-json\/wp\/v2\/media?parent=742518"}],"wp:term":[{"taxonomy":"category","embeddable":true,"href":"https:\/\/www.europesays.com\/es\/wp-json\/wp\/v2\/categories?post=742518"},{"taxonomy":"post_tag","embeddable":true,"href":"https:\/\/www.europesays.com\/es\/wp-json\/wp\/v2\/tags?post=742518"}],"curies":[{"name":"wp","href":"https:\/\/api.w.org\/{rel}","templated":true}]}}