{"id":742528,"date":"2026-09-01T18:48:10","date_gmt":"2026-09-01T18:48:10","guid":{"rendered":"https:\/\/www.europesays.com\/es\/742528\/"},"modified":"2026-09-01T18:48:10","modified_gmt":"2026-09-01T18:48:10","slug":"supervivientes-all-stars-3-anuncia-su-octava-concursante-oficial-otra-reina-de-realities-que-vuelve-a-por-la-corona-que-le-falta","status":"publish","type":"post","link":"https:\/\/www.europesays.com\/es\/742528\/","title":{"rendered":"&#8216;Supervivientes All Stars 3&#8217; anuncia su octava concursante oficial, otra &#8216;reina&#8217; de realities que vuelve a por la corona que le falta"},"content":{"rendered":"<p class=\"article-text\">\n        <strong>Telecinco<\/strong> ya tiene<a href=\"https:\/\/www.eldiario.es\/vertele\/noticias\/telecinco-anuncia-fecha-estreno-supervivientes-all-stars-3-la-isla-de-las-tentaciones-11-repoker-semanal_1_13478415.html\" target=\"_blank\" data-mrf-recirculation=\"links-noticia\" class=\"link\" rel=\"nofollow noopener\"> fecha de estreno<\/a> para la tercera edici\u00f3n de <strong>Supervivientes All Stars<\/strong> (y tambi\u00e9n para<strong> <\/strong><a href=\"https:\/\/www.eldiario.es\/vertele\/noticias\/telecinco-anuncia-fecha-estreno-supervivientes-all-stars-3-la-isla-de-las-tentaciones-11-repoker-semanal_1_13478415.html\" target=\"_blank\" data-mrf-recirculation=\"links-noticia\" class=\"link\" rel=\"nofollow noopener\"><strong>La isla de las tentaciones 11<\/strong><\/a>), por lo que solo le queda anunciar el casting completo. Hasta ahora eran siete los concursantes oficiales que la cadena hab\u00eda desvelado y este martes, en <strong>De lunes a viernes<\/strong>, ha anunciado a su octava pasajera.\n    <\/p>\n<p>    <a href=\"https:\/\/www.eldiario.es\/vertele\/noticias\/telecinco-anuncia-fecha-estreno-supervivientes-all-stars-3-la-isla-de-las-tentaciones-11-repoker-semanal_1_13478415.html\" data-mrf-recirculation=\"saber-mas\" data-dl-event=\"saber-mas\" rel=\"nofollow noopener\" target=\"_blank\"><\/p>\n<p class=\"know-more__title\">Telecinco anuncia la fecha de estreno de &#8216;Supervivientes All Stars 3&#8217; y &#8216;La isla de las tentaciones 11&#8217;, con &#8216;rep\u00f3ker&#8217; semanal<\/p>\n<p>            <img decoding=\"async\" class=\"lazy\" loading=\"lazy\" data-src=\"https:\/\/static.eldiario.es\/clip\/9efba14a-6954-4303-a2b7-8f2480b09d6c_16-9-aspect-ratio_default_0.jpg\" src=\"data:image\/svg+xml,%3Csvg xmlns=\" http:=\"\" viewbox=\"0 0 880 495\" alt=\"Telecinco anuncia la fecha de estreno de 'Supervivientes All Stars 3' y 'La isla de las tentaciones 11', con 'rep\u00f3ker' semanal\"\/><\/p>\n<p>                        <\/a><\/p>\n<p class=\"article-text\">\n        Se trata de otra de sus reinas de realities, ganadora del primer <strong>GH D\u00fao<\/strong>, participante de La Casa Fuerte, Ven a cenar conmigo, coronada como Miss Espa\u00f1a 2004 y colaboradora habitual de la principal cadena de Mediaset:<strong> Mar\u00eda Jes\u00fas Ruiz<\/strong>. La televisiva regresa ocho a\u00f1os despu\u00e9s a los Cayos Cochinos convertida en leyenda. As\u00ed lo confirmaban <strong>Santi Acosta y Beatriz Archidona, <\/strong>d\u00e1ndole paso en plat\u00f3.\n    <\/p>\n<p class=\"article-text\">\n        \u201cMe uno a un equipazo, a un grupo de compa\u00f1eros que son tremendos y va a ser una edici\u00f3n superespecial\u201d, asegur\u00f3 la modelo, que particip\u00f3 en Supervivientes 2018 dejando <a href=\"https:\/\/www.eldiario.es\/vertele\/noticias\/supervivientes-telecinco-mariajesusruiz-pelo-rapado-juego-recompensa-tentaciones_1_7462379.html\" target=\"_blank\" data-mrf-recirculation=\"links-noticia\" class=\"link\" rel=\"nofollow noopener\">momentos memorables como su rapada de pelo<\/a> por tres pollos asados y una tarta. Una decisi\u00f3n que dej\u00f3 sin palabras a la propia <strong>Lara \u00c1lvarez<\/strong>, aunque no le vali\u00f3 para ganar (ya que el <a href=\"https:\/\/www.eldiario.es\/vertele\/noticias\/sofia-suescun-supervivientes-segundo-telecinco_1_7460094.html\" target=\"_blank\" data-mrf-recirculation=\"links-noticia\" class=\"link\" rel=\"nofollow noopener\">triunfo se lo llev\u00f3 Sof\u00eda Suescun<\/a>, con quien tuvo fuertes enfrentamientos) y se tuvo que conformar con ocupar el s\u00e9ptimo lugar.\n    <\/p>\n<blockquote class=\"twitter-tweet\" data-lang=\"es\" data-conversation=\"none\"><p><a href=\"https:\/\/twitter.com\/X\/status\/2094843301895540812?ref_src=twsrc%5Etfw\" rel=\"nofollow noopener\" target=\"_blank\"><\/p><\/blockquote>\n<p class=\"article-text\">\n        Pocos meses despu\u00e9s, Ruiz se meti\u00f3 en la casa de <strong>GH D\u00fao<\/strong> y all\u00ed s\u00ed se convirti\u00f3 en la <a href=\"https:\/\/www.eldiario.es\/vertele\/noticias\/enesima-gh-maria-jesus-ruiz_1_7442773.html\" target=\"_blank\" data-mrf-recirculation=\"links-noticia\" class=\"link\" rel=\"nofollow noopener\">protagonista absoluta<\/a> de la primera edici\u00f3n: erigi\u00e9ndose como<a href=\"https:\/\/www.eldiario.es\/vertele\/noticias\/final-gh-rivera-maria-jesus_1_7434753.html\" target=\"_blank\" data-mrf-recirculation=\"links-noticia\" class=\"link\" rel=\"nofollow noopener\"> la ganadora, llev\u00e1ndose el malet\u00edn<\/a> y confirm\u00e1ndose as\u00ed como otra reina de los realities de Telecinco que, ahora, vuelve a probar suerte en Honduras para luchar por el puesto que merec\u00eda aquel corte de melena.\n    <\/p>\n<p class=\"article-text\">\n        Cabe recordar que la modelo ha sido protagonista de la actualidad rosa de Mediaset en los \u00faltimos meses por la reconciliaci\u00f3n con su madre, junto a la que <a href=\"https:\/\/www.eldiario.es\/vertele\/noticias\/viernes-baja-persiana-5-invitadas-regreso-ex-cuatro-anos-apartada-telecinco_1_13420085.html\" target=\"_blank\" data-mrf-recirculation=\"links-noticia\" class=\"link\" rel=\"nofollow noopener\">acudi\u00f3 a<\/a><a href=\"https:\/\/www.eldiario.es\/vertele\/noticias\/viernes-baja-persiana-5-invitadas-regreso-ex-cuatro-anos-apartada-telecinco_1_13420085.html\" target=\"_blank\" data-mrf-recirculation=\"links-noticia\" class=\"link\" rel=\"nofollow noopener\"> De Viernes <\/a><a href=\"https:\/\/www.eldiario.es\/vertele\/noticias\/viernes-baja-persiana-5-invitadas-regreso-ex-cuatro-anos-apartada-telecinco_1_13420085.html\" target=\"_blank\" data-mrf-recirculation=\"links-noticia\" class=\"link\" rel=\"nofollow noopener\">para hablar<\/a> de lo ocurrido.<strong> Madre e hija llevaban seis a\u00f1os sin hablarse<\/strong> por el rechazo de Juani hacia Curro Rodr\u00edguez, la pareja actual de la Ruiz. Una trama que seguramente que tenga continuidad en el plat\u00f3 de Telecinco seg\u00fan quien vaya a defender a la concursante.\n    <\/p>\n<p>    <strong>Todos los concursantes confirmados hasta ahora<\/strong><\/p>\n<p class=\"article-text\">\n        Con el anuncio de <strong>Mar\u00eda Jes\u00fas Ruiz <\/strong>como concursante oficial, <strong>Telecinco <\/strong>ya ha desvelado a ocho de las leyendas que participar\u00e1n en<strong> Supervivientes All Stars 3<\/strong>. La primera confirmada fue <strong>Rosa Benito<\/strong>, a quien se unieron otros nombres como <strong>Arkano<\/strong>, <strong>Asraf Beno<\/strong>, <strong>Alma Bollo<\/strong>, <strong>Almudena Mart\u00ednez <\/strong>\u2014conocida como &#8216;<strong>Chiqui<\/strong>&#8216;\u2014, <strong>Ivana Icardi <\/strong>y<strong> <\/strong><a href=\"https:\/\/www.eldiario.es\/vertele\/noticias\/supervivientes-all-stars-3-anuncia-septimo-concursante-oficial-campeon-olimpico-recibio-medalla-isla_1_13476799.html\" target=\"_blank\" data-mrf-recirculation=\"links-noticia\" class=\"link\" rel=\"nofollow noopener\"><strong>Dami\u00e1n Quintero<\/strong><\/a>. Por otro lado, la participaci\u00f3n de <strong>Albert Barranco<\/strong>, adelantada en exclusiva por <a href=\"https:\/\/www.eldiario.es\/vertele\/noticias\/supervivientes-all-stars-3-cierra-primer-concursante-experto-seductor-pasado-tentador-viceverso_1_13463136.html\" target=\"_blank\" data-mrf-recirculation=\"links-noticia\" class=\"link\" rel=\"nofollow noopener\"><strong>verTele<\/strong><\/a>, est\u00e1 garantizada, mientras otros medios apuntan a perfiles como el de <strong>Lola Ortiz<\/strong> (<a href=\"https:\/\/www.20minutos.es\/television\/lola-ortiz-extronista-mujeres-hombres-viceversa-participara-supervivientes-all-stars_7028796_0.html\" target=\"_blank\" data-mrf-recirculation=\"links-noticia\" class=\"link\" rel=\"nofollow noopener\">20 Minutos<\/a>).\n    <\/p>\n<p>    <a href=\"https:\/\/www.eldiario.es\/vertele\/audiencias-tv\/mensuales-agosto-2026-antena-3-recupera-liderato-agosto-la-1-acecha-ya-sin-mundial-telecinco-sigue-minimos_1_13473568.html\" data-mrf-recirculation=\"saber-mas-abajo\" data-dl-event=\"saber-mas-abajo\" rel=\"nofollow noopener\" target=\"_blank\"><\/p>\n<p class=\"know-more__title\">Antena 3 (11.9%) recupera el liderato en agosto, La 1 (11.5%) acecha ya sin el Mundial y Telecinco sigue bajo m\u00ednimos<\/p>\n<p>            <img decoding=\"async\" class=\"lazy\" loading=\"lazy\" data-src=\"https:\/\/static.eldiario.es\/clip\/d3c9f0e1-5b25-44da-a64a-e48115414511_16-9-aspect-ratio_default_0.jpg\" src=\"data:image\/svg+xml,%3Csvg xmlns=\" http:=\"\" viewbox=\"0 0 880 495\" alt=\"Antena 3 (11.9%) recupera el liderato en agosto, La 1 (11.5%) acecha ya sin el Mundial y Telecinco sigue bajo m\u00ednimos\"\/><\/p>\n<p>                        <\/a><\/p>\n<p class=\"article-text\">\n        Las galas principales volver\u00e1n a tener a <strong>Jorge Javier V\u00e1zquez<\/strong> como presentador, acompa\u00f1ado por <strong>Sandra Barneda <\/strong>al frente del habitual Conexi\u00f3n Honduras. Ambos contar\u00e1n con la inestimable colaboraci\u00f3n de <strong>Mar\u00eda Lamela<\/strong>, quien presentar\u00e1 este spin-off por primera vez desde Honduras tras debutar en Supervivientes 2026. Todav\u00eda falta por conocer la<strong> fecha de estreno<\/strong>, adem\u00e1s de otros integrantes del casting. <strong>Mediaset <\/strong>ya lo tiene todo listo para dar el pistoletazo de salida a uno de sus buques insignia.\n    <\/p>\n<blockquote class=\"twitter-tweet\" data-lang=\"es\"><p><a href=\"https:\/\/twitter.com\/X\/status\/2094524003335446898?ref_src=twsrc%5Etfw\" rel=\"nofollow noopener\" target=\"_blank\"><\/p><\/blockquote>\n<p>                                        <script async src=\"https:\/\/platform.twitter.com\/widgets.js\" charset=\"utf-8\"><\/script><\/p>\n","protected":false},"excerpt":{"rendered":"Telecinco ya tiene fecha de estreno para la tercera edici\u00f3n de Supervivientes All Stars (y tambi\u00e9n para La&hellip;\n","protected":false},"author":2,"featured_media":742529,"comment_status":"","ping_status":"","sticky":false,"template":"","format":"standard","meta":{"footnotes":""},"categories":[171],"tags":[1554,11286,4187,2884,4182,146,147,25,24,1998,3294,109799,15406,289,14193,10717,23,11287,3947,214,739],"class_list":["post-742528","post","type-post","status-publish","format-standard","has-post-thumbnail","category-tv","tag-1554","tag-all","tag-anuncia","tag-concursante","tag-corona","tag-entertainment","tag-entretenimiento","tag-es","tag-espana","tag-falta","tag-le","tag-maria-jesus-ruiz","tag-octava","tag-oficial","tag-realities","tag-reina","tag-spain","tag-stars","tag-supervivientes","tag-tv","tag-vuelve"],"share_on_mastodon":{"url":"https:\/\/pubeurope.com\/@es\/117197282021152965","error":""},"_links":{"self":[{"href":"https:\/\/www.europesays.com\/es\/wp-json\/wp\/v2\/posts\/742528","targetHints":{"allow":["GET"]}}],"collection":[{"href":"https:\/\/www.europesays.com\/es\/wp-json\/wp\/v2\/posts"}],"about":[{"href":"https:\/\/www.europesays.com\/es\/wp-json\/wp\/v2\/types\/post"}],"author":[{"embeddable":true,"href":"https:\/\/www.europesays.com\/es\/wp-json\/wp\/v2\/users\/2"}],"replies":[{"embeddable":true,"href":"https:\/\/www.europesays.com\/es\/wp-json\/wp\/v2\/comments?post=742528"}],"version-history":[{"count":0,"href":"https:\/\/www.europesays.com\/es\/wp-json\/wp\/v2\/posts\/742528\/revisions"}],"wp:featuredmedia":[{"embeddable":true,"href":"https:\/\/www.europesays.com\/es\/wp-json\/wp\/v2\/media\/742529"}],"wp:attachment":[{"href":"https:\/\/www.europesays.com\/es\/wp-json\/wp\/v2\/media?parent=742528"}],"wp:term":[{"taxonomy":"category","embeddable":true,"href":"https:\/\/www.europesays.com\/es\/wp-json\/wp\/v2\/categories?post=742528"},{"taxonomy":"post_tag","embeddable":true,"href":"https:\/\/www.europesays.com\/es\/wp-json\/wp\/v2\/tags?post=742528"}],"curies":[{"name":"wp","href":"https:\/\/api.w.org\/{rel}","templated":true}]}}