{"id":742552,"date":"2026-09-01T19:04:12","date_gmt":"2026-09-01T19:04:12","guid":{"rendered":"https:\/\/www.europesays.com\/es\/742552\/"},"modified":"2026-09-01T19:04:12","modified_gmt":"2026-09-01T19:04:12","slug":"vuelta-a-espana-enric-mas-la-mejor-defensa-puede-ser-un-buen-ataque-esciclismo","status":"publish","type":"post","link":"https:\/\/www.europesays.com\/es\/742552\/","title":{"rendered":"Vuelta a Espa\u00f1a: Enric Mas: &quot;La mejor defensa puede ser un buen ataque&quot; &#8211; Esciclismo"},"content":{"rendered":"<ol>\n<li><a href=\"https:\/\/news.google.com\/rss\/articles\/CBMiakFVX3lxTE1hU1BsbWdFM2NWc0ZQeVhYUVRCcHlOUHl5dWVuQWYwdW9YS1A3WU8tMkxXYlNsdGwzX1hMbjk0bF9Hdzlyal9YRXFxMTVNM2ZuWnQ0eTlKbVZxVWJRNUNCcHpVLVZyU2MwTXc?oc=5\" target=\"_blank\" rel=\"nofollow noopener\">Vuelta a Espa\u00f1a: Enric Mas: \u00abLa mejor defensa puede ser un buen ataque\u00bb<\/a>&nbsp;&nbsp;Esciclismo<\/li>\n<li><a href=\"https:\/\/news.google.com\/rss\/articles\/CBMi0wFBVV95cUxQb1hYWThDWlB3VWZBU2EweEhMQUhaTTNzNUVCWXRJcjFrbHlFbHNkS3pSZFVHTVFPaFV4ZmdLZ1l3UUljbExWd0tnS0xaMFNkZDBqUW1mMEdQRkRpcjVjMFV4YmVfbDBJWFhmanhXTU5yMTdWcHNSTkVwRlR5TVRvODkyTlFDWDFJTk9FQlhBcm1kcDE3YnpqRlNfODlKWEFfZlZVeXpUdXpCbk9YRDNRMFlqZDhnZlcxMlM3LTNENFotRDRPNzIxRE1mY0hWd09OdVZn0gHTAUFVX3lxTE5mTUhMc3BLTHBWY1ZXUF8xdEVZdktYanlhV3BTSkFGQWQybXNJMnY5N0dwYzI5bHl2QVdzOFkzSUlkUXlQWWF3WXQ4eWU5NHdyNG54ZVpXUUFONnlYTzZQOXFUSEhmV2ZMTzZtS3ZpNWJrb0hlamlXYTh5YnZrZWxuczZsOE9qZnBXVzI0aERaY0U3Zk5zV1VmeVYwTndNQnlvdm1ROS1QTGFnc3NmSjhhMDVwamZPV21XMmMwX01xM1VpbVVEX0NaQ2FVb1B6Zkl3QzQ?oc=5\" target=\"_blank\" rel=\"nofollow noopener\">As\u00ed est\u00e1 la clasificaci\u00f3n general de LaVuelta tras la etapa 9: Enric Mas retiene la roja en otra llegada masiva<\/a>&nbsp;&nbsp;MARCA<\/li>\n<li><a href=\"https:\/\/news.google.com\/rss\/articles\/CBMixAFBVV95cUxOTEFtdzRCVGhSSEVwdmJfbVQ2ZGZYMDFudk1vTGpyZTVFWnlOWGlBdlIyVG1VZTZRYjdPd0M4QWJtNUppSEZSdGxVZ0lWWXNWQzRkVzFNRG5HcVQta0pnVU1xTnpFZnZvS081OVRLR19EaGJoZFBoRDJWeDRxRlRrOGc0eWtsM0pDc3pDN3VlVzFhN1Q3SEtNTXNNWFJyU0lCV0FKUE1iU29IaXNzQVNRa09TTV82UjRsYkpzTWItLTRBd2xQ0gHYAUFVX3lxTE9pcW1PbE5qS3hFS0ZwOEZLRVJEaW5BUDNtc2Q5X2pvU2RjRUFjc1dzVDgxS0piSFF0cUFFR3NqNXVoVTNfU2tvdVFqQjh4Ylo0aW1zR3A4R3U0djRvTnRwMEFsT0xsMXdVeHJsdnlSNnNlbkYtOEF4emdybkFiV2V1dVlzZW1EdW9mb0xTSTFnLWpHdHBubVNjWmVWX3NPd0Z5LWdXODdYaEtkeDN2QnhSSzJqbGNHTmpSSjNHUnVkaGpoYXR4RHZ1RG80OERXeFpYSzhSVHV3bg?oc=5\" target=\"_blank\" rel=\"nofollow noopener\">Chente Garc\u00eda Acosta: \u201cToca defender el rojo, las fugas pasan a un segundo plano\u201d<\/a>&nbsp;&nbsp;Diario AS<\/li>\n<li><a href=\"https:\/\/news.google.com\/rss\/articles\/CBMiygFBVV95cUxPVkkxUlZTbTVnZ3cxaTctcVN5RkZMR3hzMHZ0MktNbEZTam80c183R1FSRGxRbDlaeEppWE5pMU5MTWpJaXFZbDlfZV9aSlMxRW44OHVwXzlCdnBKVjRWWEN1VW1zb1RPdldrZ3h5VnlzdjVLaDBwaEpEUm9ZV1UwOTVqT3oxODl5Q0laaS1OV2FHRlItcV9XUnVMRGx5eXdhNEZUOVdUb29oTk9pSzBWWndNNktfV3NyQ2F2TmNqU3YxNG1GdWhraHJ3?oc=5\" target=\"_blank\" rel=\"nofollow noopener\">Qui\u00e9n es Enric Mas, el ciclista del Movistar que es el l\u00edder de La Vuelta Espa\u00f1a 2026<\/a>&nbsp;&nbsp;elconfidencial.com<\/li>\n<li><a href=\"https:\/\/news.google.com\/rss\/articles\/CBMijwJBVV95cUxPMUl4VzBpSFk0OW5HZkZmTzBxY3h2NzB6T3ZoZTE1R3lBNnRHVV9mSzVLOFgtVEZqOXZfajRtaC1McWJJbkJLRk1jbG1lMnFKLW1vbDhwZ0hfUGlnUHlkSkxfNzMtWGxGUTE0MXJnekZlTjQtY1g0aUVuenlaSk94bFl3T3VhV3hJNm1faGo5Z2VyQUlmRERieXNzOG9NSnVidGlxd001SDNkSzVnbk96SlVUc1hkdVQzazlJbzd1clZnSTVTVG55YUszRTFEWktycGEtcjBwblVVcDRHVm5hbkxRM0RfSmJJYW45eURFUlpNajh5d2VPMnpfNDExa1Jmd296RVNJWGFiVVFwSm53?oc=5\" target=\"_blank\" rel=\"nofollow noopener\">Contador da la clave del mejor Enric Mas de su carrera: \u00abEstos vatios no los ha movido nunca\u00bb<\/a>&nbsp;&nbsp;Eurosport<\/li>\n<\/ol>\n","protected":false},"excerpt":{"rendered":"Vuelta a Espa\u00f1a: Enric Mas: \u00abLa mejor defensa puede ser un buen ataque\u00bb&nbsp;&nbsp;Esciclismo As\u00ed est\u00e1 la clasificaci\u00f3n general&hellip;\n","protected":false},"author":2,"featured_media":742553,"comment_status":"","ping_status":"","sticky":false,"template":"","format":"standard","meta":{"footnotes":""},"categories":[273],"tags":[3586,313,312,168,4021,25,24,5564,303,23,167,1357],"class_list":["post-742552","post","type-post","status-publish","format-standard","has-post-thumbnail","category-ciclismo","tag-actual","tag-ciclismo","tag-cycling","tag-deportes","tag-enric","tag-es","tag-espana","tag-lider","tag-movistar","tag-spain","tag-sports","tag-vuelta"],"share_on_mastodon":{"url":"https:\/\/pubeurope.com\/@es\/117197345014688755","error":""},"_links":{"self":[{"href":"https:\/\/www.europesays.com\/es\/wp-json\/wp\/v2\/posts\/742552","targetHints":{"allow":["GET"]}}],"collection":[{"href":"https:\/\/www.europesays.com\/es\/wp-json\/wp\/v2\/posts"}],"about":[{"href":"https:\/\/www.europesays.com\/es\/wp-json\/wp\/v2\/types\/post"}],"author":[{"embeddable":true,"href":"https:\/\/www.europesays.com\/es\/wp-json\/wp\/v2\/users\/2"}],"replies":[{"embeddable":true,"href":"https:\/\/www.europesays.com\/es\/wp-json\/wp\/v2\/comments?post=742552"}],"version-history":[{"count":0,"href":"https:\/\/www.europesays.com\/es\/wp-json\/wp\/v2\/posts\/742552\/revisions"}],"wp:featuredmedia":[{"embeddable":true,"href":"https:\/\/www.europesays.com\/es\/wp-json\/wp\/v2\/media\/742553"}],"wp:attachment":[{"href":"https:\/\/www.europesays.com\/es\/wp-json\/wp\/v2\/media?parent=742552"}],"wp:term":[{"taxonomy":"category","embeddable":true,"href":"https:\/\/www.europesays.com\/es\/wp-json\/wp\/v2\/categories?post=742552"},{"taxonomy":"post_tag","embeddable":true,"href":"https:\/\/www.europesays.com\/es\/wp-json\/wp\/v2\/tags?post=742552"}],"curies":[{"name":"wp","href":"https:\/\/api.w.org\/{rel}","templated":true}]}}