{"id":742576,"date":"2026-09-01T19:19:12","date_gmt":"2026-09-01T19:19:12","guid":{"rendered":"https:\/\/www.europesays.com\/es\/742576\/"},"modified":"2026-09-01T19:19:12","modified_gmt":"2026-09-01T19:19:12","slug":"la-rentabilidad-de-las-letras-ya-roza-el-3-ante-la-presion-de-la-inflacion-la-voz-de-galicia","status":"publish","type":"post","link":"https:\/\/www.europesays.com\/es\/742576\/","title":{"rendered":"La rentabilidad de las Letras ya roza el 3 % ante la presi\u00f3n de la inflaci\u00f3n &#8211; La Voz de Galicia"},"content":{"rendered":"<ol>\n<li><a href=\"https:\/\/news.google.com\/rss\/articles\/CBMiywFBVV95cUxNd19GSTdnRnl5YUxLa1Y1dU1aR2hzaERVRGhLYS1XY2l4cUVqZHJFU3RaaGtneUM1SEVTVFd0R3hncnNYWVRFN05UYjhaenFXcjh5WFhpdnhPWFRFU09RZE5VeUZwTm4yekdMUktrQ2pHVmlJNGlLdlBUdVFkNVZNVUpobjE1cW5lMy14MW1VUkRSUHpKMVM4d3R2QWFDV0hOeHZCSVJZYm5hZkE2RDRFNldCMmZRamlVSGE1X2tLTW5ia0lHbnB1NXdxSdIB5wFBVV95cUxNajJuMWZpbGpFNEpIOTdUa2pFZzBSWk50YlpiU2ZOakRTT20xQUhJYUdxbEhVS3VuV1RWNFJzaF96V0daUWxxVmZWOGJBV3hOUUJmMlE5TnRNdXd0YXo3YlZaVFRnWS14RnBiYkhDX3otVkRRRmUzZ2FsWFplSU1ZbTR3R084eU5CbkhLN2k2ZWlpR01ocU1ENEhubkg0NTUwTHVzb19iSTc1eGlwLUNBQnY0OXppSDRmT05jTnNwRUIwVTdEY0k0RkJ5R3ExalJlMnlvWEJwN3pQT05tT2UzQm1QTXh5Ujg?oc=5\" target=\"_blank\" rel=\"nofollow noopener\">La rentabilidad de las Letras ya roza el 3 % ante la presi\u00f3n de la inflaci\u00f3n<\/a>&nbsp;&nbsp;La Voz de Galicia<\/li>\n<li><a href=\"https:\/\/news.google.com\/rss\/articles\/CBMifkFVX3lxTE1LczIzUVUyUU1GTmpaTG9TekZ6US00VnRMUlBicVdFeU1yWnI0S0diQi1hMXBBekFzLVVqLUpqakRYR045c05LdzBtbjFDdkRoZEhrb1JJdDlVb3NQV2p0NVllNzd5VXRqcHcwMUQ5RXR1NlpIMGRJOWFYMGlZdw?oc=5\" target=\"_blank\" rel=\"nofollow noopener\">Las Letras a un a\u00f1o vuelan al 2,83%, el nivel m\u00e1s alto en dos a\u00f1os<\/a>&nbsp;&nbsp;Expansi\u00f3n<\/li>\n<li><a href=\"https:\/\/news.google.com\/rss\/articles\/CBMivAFBVV95cUxQWTVKTFdJcTNKODZDVHFSZHYzUl82cnIxZWxqYVV1QWQzdUF1V0l5SlJGYTlKT1EtYXp2c0pFTm41TFp2bXdWV25kSnd6MWtPVnd6MzVqUWVpdVBHYXlzdHdCLVpxNlFmTmNMZS1aLTBkZVJNc2lKS1N6NHMtSTZCTm4xNWZkVExUYjR6cXhONlllYmhRQ1AzaW9JVUwtY1pLeVRaYUFMUWdqZkJVSkl5bG5VVW5peE1haW5jLQ?oc=5\" target=\"_blank\" rel=\"nofollow noopener\">La nueva subasta de Letras del Tesoro hace las delicias del ahorrador tras el repunte de la inflaci\u00f3n<\/a>&nbsp;&nbsp;ABC<\/li>\n<li><a href=\"https:\/\/news.google.com\/rss\/articles\/CBMihAJBVV95cUxOdzJnNUF5RXd2WXNxYldJZ1FLaGVUZGZSLVMyNVBoWERGUlhwZnhOal9pc0NHcFVMV2ZqU245YlBQTnE2eEtxbjRsVGIwR3FkQXpDX01nUWhKQ3BYMkpxcVktWnlaVHgyOGFRaW9xZjdCSV9LaUlPdVUwSEEtZ3Y3ZnBMU3lHeF9zM3M3Q2trY3IteS1vVkJlSlZYV055YU82NDJqa2dtTXJ2RG03SkpsNF9wc2ZzYlA0RFNKbzhORGtxQ2szbGMzTk5PUE4xNXMzTnA0SS1wb2V3eUV0SHp2NjBienFoUTVxUm91WjlMTzRTbDh3cTJWOHZ5VjFSRkhFNlNfadIB7wFBVV95cUxNZ3NDRml4YnNmQ3hhWG9URWx4MUJ0TDAzc1Q4ZHpfbVMtTFltV1VSVkxjTUpnTVFQbE45QzlDVDk2ZTBMbXZiRkZPVXFKWlRBVHJXVzJJNFhQZlpyZUhXWk9LTVh3Sm4tdEw3R1pmVnBQUVdRMk1UWjljRWwxcEJWcDI1MTc5SzVTMTFJOUtTZkNVRV9QQzBSNlBkZXZIcmNIWm45RFpLZ2xpek14Vk93Y3BRUXMwb2p1S1pZQVh3dVM3TnNpaVFIYW9yN3kwT3ZEYllfaTlpRl9QcHEyM2pJZDZKbWhsQndVYVN5ZVNOUQ?oc=5\" target=\"_blank\" rel=\"nofollow noopener\">Las Letras del Tesoro viven su peor momento frente a la inflaci\u00f3n desde 2023 pese a pagar un 2,8%<\/a>&nbsp;&nbsp;El Economista<\/li>\n<li><a href=\"https:\/\/news.google.com\/rss\/articles\/CBMiwwFBVV95cUxNbk1qNlVhYmtIUXNVNHdKTUptOUQ0ZmY3aFBUdk9pWW50azI1NkpUbEJ4RVpwbzdFVmRMc3lYT3RNVjk1SVhtbEt6dVd4Z3BybWlmSkpveUY1dnl3WVFYaHV4RXp3anVfNUV4ZmhfTzJSLW8yODdCQThwVEcxNWs2UzVxbS1kRXBuSDN3QU5vTGNzUWZyczRfWHdwZWItYVFlYzdkemJQalZKN25uZjF1elN6eEtZZk9tMXczVDVRZzhnUFE?oc=5\" target=\"_blank\" rel=\"nofollow noopener\">La rentabilidad de las Letras del Tesoro a 12 meses se dispara al 2,846%<\/a>&nbsp;&nbsp;Finect<\/li>\n<\/ol>\n","protected":false},"excerpt":{"rendered":"La rentabilidad de las Letras ya roza el 3 % ante la presi\u00f3n de la inflaci\u00f3n&nbsp;&nbsp;La Voz de&hellip;\n","protected":false},"author":2,"featured_media":742577,"comment_status":"","ping_status":"","sticky":false,"template":"","format":"standard","meta":{"footnotes":""},"categories":[80],"tags":[82,95,94,25,24,11519,1847,5403,1195,23],"class_list":["post-742576","post","type-post","status-publish","format-standard","has-post-thumbnail","category-economia","tag-business","tag-economia","tag-economy","tag-es","tag-espana","tag-eurozona","tag-inflacion","tag-oriente-medio","tag-petroleo","tag-spain"],"share_on_mastodon":{"url":"https:\/\/pubeurope.com\/@es\/117197404700682429","error":""},"_links":{"self":[{"href":"https:\/\/www.europesays.com\/es\/wp-json\/wp\/v2\/posts\/742576","targetHints":{"allow":["GET"]}}],"collection":[{"href":"https:\/\/www.europesays.com\/es\/wp-json\/wp\/v2\/posts"}],"about":[{"href":"https:\/\/www.europesays.com\/es\/wp-json\/wp\/v2\/types\/post"}],"author":[{"embeddable":true,"href":"https:\/\/www.europesays.com\/es\/wp-json\/wp\/v2\/users\/2"}],"replies":[{"embeddable":true,"href":"https:\/\/www.europesays.com\/es\/wp-json\/wp\/v2\/comments?post=742576"}],"version-history":[{"count":0,"href":"https:\/\/www.europesays.com\/es\/wp-json\/wp\/v2\/posts\/742576\/revisions"}],"wp:featuredmedia":[{"embeddable":true,"href":"https:\/\/www.europesays.com\/es\/wp-json\/wp\/v2\/media\/742577"}],"wp:attachment":[{"href":"https:\/\/www.europesays.com\/es\/wp-json\/wp\/v2\/media?parent=742576"}],"wp:term":[{"taxonomy":"category","embeddable":true,"href":"https:\/\/www.europesays.com\/es\/wp-json\/wp\/v2\/categories?post=742576"},{"taxonomy":"post_tag","embeddable":true,"href":"https:\/\/www.europesays.com\/es\/wp-json\/wp\/v2\/tags?post=742576"}],"curies":[{"name":"wp","href":"https:\/\/api.w.org\/{rel}","templated":true}]}}