{"id":742596,"date":"2026-09-01T19:36:13","date_gmt":"2026-09-01T19:36:13","guid":{"rendered":"https:\/\/www.europesays.com\/es\/742596\/"},"modified":"2026-09-01T19:36:13","modified_gmt":"2026-09-01T19:36:13","slug":"septiembre-el-mes-de-los-nuevos-propositos","status":"publish","type":"post","link":"https:\/\/www.europesays.com\/es\/742596\/","title":{"rendered":"Septiembre, el mes de los nuevos prop\u00f3sitos"},"content":{"rendered":"<p class=\"mce\">Con la llegada de <strong class=\"mce\">septiembre<\/strong> comienza tambi\u00e9n <strong class=\"mce\">una nueva etapa para muchos<\/strong>. Junto con enero, es <strong class=\"mce\">el mes por excelencia de los prop\u00f3sitos<\/strong>: volver al gimnasio, aprender un idioma, adquirir nuevas habilidades o, simplemente, dedicar m\u00e1s tiempo a aquello que ten\u00edamos pendiente.<\/p>\n<p class=\"mce\">Entre esos objetivos est\u00e1 el de aprender a manejar la aguja. Esta misma tarde, d\u00eda 1, varios alumnos han comenzado un <strong class=\"mce\">taller de costura<\/strong> en <strong class=\"mce\">&#8216;Cose Madrid, estudio creativo&#8217;, en el n\u00famero 32 de la calle Echegaray<\/strong>. All\u00ed se imparten durante toda la semana cursos de costura y patronaje para quienes quieren iniciarse en este mundo o perfeccionar sus conocimientos.<\/p>\n<p>                <a href=\"https:\/\/www.telemadrid.es\/programas\/madrid-directo\/La-vuelta-al-cole-ya-llama-a-la-puerta-asi-se-preparan-las-familias-para-afrontar-el-gasto-2-2917528254--20260818084722.html\" class=\"lnk\" target=\"_blank\" rel=\"nofollow noopener\">La vuelta al cole ya llama a la puerta: as\u00ed se preparan las familias para afrontar el gasto<\/a><\/p>\n<p class=\"mce\">Pero la costura no es el \u00fanico prop\u00f3sito que vuelve con este mes. Tambi\u00e9n lo hace <strong class=\"mce\">el deporte<\/strong>. En <strong class=\"mce\">&#8216;CMMD Madrid&#8217;<\/strong>, muchos han retomado hoy su rutina de gimnasio despu\u00e9s del par\u00f3n del verano, con la intenci\u00f3n de recuperar h\u00e1bitos y ponerse en forma.<\/p>\n<p class=\"mce\">Y septiembre es tambi\u00e9n sin\u00f3nimo de <strong class=\"mce\">volver a estudiar<\/strong>. Este mes, cerca de 150 alumnos comenzar\u00e1n sus clases en la <strong class=\"mce\">academia de ingl\u00e9s<\/strong> <strong class=\"mce\">&#8216;American Language&#8217;<\/strong>. Para algunos, como los que han empezado hoy, supone enfrentarse al reto de aprender un idioma desde cero. Una tarea que no siempre resulta sencilla. \u00abEmpezar es muy dif\u00edcil, pero hay que comenzar por alg\u00fan punto\u00bb, explica una de las profesoras.<\/p>\n<p>                <a href=\"https:\/\/www.telemadrid.es\/noticias\/madrid\/Mas-de-60-centros-abriran-sus-puertas-antes-de-la-vuelta-al-cole-para-facilitar-la-conciliacion-0-2921407834--20260831121728.html\" class=\"lnk\" target=\"_blank\" rel=\"nofollow noopener\">M\u00e1s de 60 centros abrir\u00e1n sus puertas antes de la vuelta al cole para facilitar la conciliaci\u00f3n<\/a><\/p>\n<p class=\"mce\">Costura, deporte o idiomas. Diferentes <strong class=\"mce\">objetivos<\/strong> con un mismo punto de partida: <strong class=\"mce\">septiembre<\/strong>. Un mes para <strong class=\"mce\">hacer borr\u00f3n y cuenta nueva<\/strong>, recuperar rutinas y poner en marcha esos prop\u00f3sitos que, esta vez, muchos esperan mantener durante todo el a\u00f1o.<\/p>\n<p class=\"mce\">Porque hoy comienza un nuevo camino. Y el reto ahora es conseguir que nos dure mucho tiempo.<\/p>\n","protected":false},"excerpt":{"rendered":"Con la llegada de septiembre comienza tambi\u00e9n una nueva etapa para muchos. Junto con enero, es el mes&hellip;\n","protected":false},"author":2,"featured_media":742597,"comment_status":"","ping_status":"","sticky":false,"template":"","format":"standard","meta":{"footnotes":""},"categories":[171],"tags":[923,45152,634,146,147,25,24,29126,13716,13042,74108,1971,23,17034,214,25040],"class_list":["post-742596","post","type-post","status-publish","format-standard","has-post-thumbnail","category-tv","tag-academia","tag-costura","tag-deporte","tag-entertainment","tag-entretenimiento","tag-es","tag-espana","tag-gimnasio","tag-idiomas","tag-ingles","tag-propositos","tag-septiembre","tag-spain","tag-taller","tag-tv","tag-vuelta-al-cole"],"share_on_mastodon":{"url":"https:\/\/pubeurope.com\/@es\/117197471049277312","error":""},"_links":{"self":[{"href":"https:\/\/www.europesays.com\/es\/wp-json\/wp\/v2\/posts\/742596","targetHints":{"allow":["GET"]}}],"collection":[{"href":"https:\/\/www.europesays.com\/es\/wp-json\/wp\/v2\/posts"}],"about":[{"href":"https:\/\/www.europesays.com\/es\/wp-json\/wp\/v2\/types\/post"}],"author":[{"embeddable":true,"href":"https:\/\/www.europesays.com\/es\/wp-json\/wp\/v2\/users\/2"}],"replies":[{"embeddable":true,"href":"https:\/\/www.europesays.com\/es\/wp-json\/wp\/v2\/comments?post=742596"}],"version-history":[{"count":0,"href":"https:\/\/www.europesays.com\/es\/wp-json\/wp\/v2\/posts\/742596\/revisions"}],"wp:featuredmedia":[{"embeddable":true,"href":"https:\/\/www.europesays.com\/es\/wp-json\/wp\/v2\/media\/742597"}],"wp:attachment":[{"href":"https:\/\/www.europesays.com\/es\/wp-json\/wp\/v2\/media?parent=742596"}],"wp:term":[{"taxonomy":"category","embeddable":true,"href":"https:\/\/www.europesays.com\/es\/wp-json\/wp\/v2\/categories?post=742596"},{"taxonomy":"post_tag","embeddable":true,"href":"https:\/\/www.europesays.com\/es\/wp-json\/wp\/v2\/tags?post=742596"}],"curies":[{"name":"wp","href":"https:\/\/api.w.org\/{rel}","templated":true}]}}