{"id":742608,"date":"2026-09-01T19:42:11","date_gmt":"2026-09-01T19:42:11","guid":{"rendered":"https:\/\/www.europesays.com\/es\/742608\/"},"modified":"2026-09-01T19:42:11","modified_gmt":"2026-09-01T19:42:11","slug":"no-rest-for-the-wicked-huye-del-efecto-gta-6-y-retrasa-hasta-la-primavera-de-2027-el-estreno-de-la-version-1-0","status":"publish","type":"post","link":"https:\/\/www.europesays.com\/es\/742608\/","title":{"rendered":"No Rest for the Wicked huye del efecto GTA 6 y retrasa hasta la primavera de 2027 el estreno de la versi\u00f3n 1.0"},"content":{"rendered":"<p class=\"c-paragraph\">Fue este mismo a\u00f1o, en el\u00a0<a href=\"https:\/\/www.hobbyconsolas.com\/videojuegos\/resumen-state-of-play-01-06-2026-con-marvel-lobezno-las-novedades-ps5-grandes-sorpresas_6978284_0.html\" title=\"Resumen del State of Play del 01\/06\/2026, con God of War Laufey, Marvel Lobezno, Tomb Raider Legacy of Atlantis y mucho m\u00e1s\" target=\"_blank\" rel=\"nofollow noopener\">State of Play<\/a>\u00a0de junio, cuando se dio la noticia que muchos llevaban esperando desde 2024: el lanzamiento de la versi\u00f3n 1.0 de\u00a0<a href=\"https:\/\/www.hobbyconsolas.com\/reportajes\/impresiones-no-rest-wicked-candidato-mejor-juego-accion-2024-1380836\" title=\"Impresiones de No Rest for the Wicked\" target=\"_blank\" rel=\"nofollow noopener\">No Rest for the Wicked<\/a>\u00a0y su llegada a consolas.<\/p>\n<p class=\"c-paragraph\"><a href=\"https:\/\/www.hobbyconsolas.com\/videojuegos\/no-rest-for-the-wicked-celebra-su-segundo-aniversario-con-1-7-millones-juegos-vendidos-una-promesa-no-nos-hemos-olvidado-las-consolas_6960407_0.html\" title=\"No Rest for the Wicked celebra su segundo aniversario con 1,7 millones de juegos vendidos y una promesa: &quot;no nos hemos olvidado de las consolas&quot;\" rel=\"nofollow noopener\" target=\"_blank\">Moon Studios<\/a> <b>estaba ultimando los detalles para traer el juego a PS5, Xbox Series X|S y Nintendo Switch 2<\/b> con su versi\u00f3n definitiva, que habr\u00eda de ser uno de los grandes estrenos de este oto\u00f1o.<\/p>\n<p class=\"c-paragraph\">Pero se va a quedar en ese \u201chabr\u00eda\u201d. No Rest for the Wicked evita la ventana de lanzamiento de <a href=\"https:\/\/www.hobbyconsolas.com\/videojuegos\/gta-6-cambia-mecanica-esprint-por-primera-vez-saga-rockstar-no-habra-que-pulsar-este-boton-ps5-xbox-pero-los-fans-no-estan-contentos_7031656_0.html\" title=\"GTA 6 cambia la mec\u00e1nica del esprint y, por primera vez en la saga de Rockstar, no habr\u00e1 que pulsar este bot\u00f3n en PS5 y Xbox, pero los fans no est\u00e1n contentos\" rel=\"nofollow noopener\" target=\"_blank\">GTA 6<\/a> y <b>se retrasa hasta el pr\u00f3ximo a\u00f1o<\/b>.<\/p>\n<p>Nintendo Switch 2<\/p>\n<p><img decoding=\"async\" loading=\"lazy\" alt=\"\" width=\"640\" height=\"640\" src=\"https:\/\/www.europesays.com\/es\/wp-content\/uploads\/2026\/09\/68e7fdb9f28fb.webp\"\/><\/p>\n<p class=\"c-passport__description\">La sucesora de la consola h\u00edbrida m\u00e1s popular llega con m\u00e1s potencia, pantalla OLED a 120 Hz y total retrocompatibilidad.<\/p>\n<p>No Rest for the Wicked 1.0 llegar\u00e1 en marzo de 2027<\/p>\n<p class=\"c-paragraph\">El propio Thomas Mahler, director creativo del juego, ha emitido un comunicado <a href=\"https:\/\/www.youtube.com\/watch?v=pXaMfKj-_dg\" rel=\"nofollow noreferrer noopener\" title=\" No Rest for the Wicked | 1.0 Delay Announcement\" target=\"_blank\">en YouTube<\/a> donde explica <b>los motivos para el retraso de la versi\u00f3n definitiva<\/b>.<\/p>\n<p class=\"c-paragraph\">Evita hacer menci\u00f3n a GTA 6, un juego al cual iba a estar muy pegado y que, a pesar de ser un g\u00e9nero totalmente opuesto, podr\u00eda afectar a las ventas de NRFTW.<\/p>\n<p class=\"c-paragraph\">En cuanto a las razones oficiales, Mahler, que pide disculpas por el retraso, asegura que<b> no les iba a dar tiempo de tener la versi\u00f3n 1.0 para la fecha fijada de octubre<\/b>. <\/p>\n<p class=\"c-paragraph\">\u201cDesde el lanzamiento de <a href=\"https:\/\/www.hobbyconsolas.com\/videojuegos\/no-rest-for-the-wicked-estrena-modo-cooperativo-puedes-probar-juego-gratis-steam-durante-fin-semana_6925255_0.html\" title=\"No Rest for the Wicked estrena modo cooperativo: puedes probar el juego gratis en Steam durante el fin de semana\" rel=\"nofollow noopener\" target=\"_blank\">No Rest for the Wicked Together<\/a> este a\u00f1o, hemos dedicado todos nuestros esfuerzos a a\u00f1adir m\u00e1s contenido, incorporar todo lo previsto para la versi\u00f3n 1.0, introducir el sistema de clases y muchas cosas m\u00e1s\u201d, afirma.<\/p>\n<p class=\"c-paragraph\">\u201cPero la realidad es que todav\u00eda no hemos llegado al punto que queremos. Todav\u00eda no estamos preparados. Pero lo estaremos muy pronto\u201d. Adem\u00e1s, anuncia la llegada de <b>una nueva beta abierta en PC para diciembre<\/b>.<\/p>\n<p class=\"c-paragraph\">Ser\u00e1 la \u00faltima prueba antes del estreno en marzo de 2027. Hasta entonces, Moon Studios dedicar\u00e1 el tiempo extra a pulir el juego y a\u00f1adir m\u00e1s contenido.<\/p>\n<p class=\"c-paragraph\">En concreto, el estudio mejorar\u00e1 el rendimiento, las posibilidades del sistema de clases, la jugabilidad y un esfuerzo adicional para que las versiones <a href=\"https:\/\/www.hobbyconsolas.com\/videojuegos\/no-rest-for-the-wicked-no-se-lanzara-xbox-mismo-tiempo-que-ps5-porque-series-s-se-esta-poniendo-dificil_6979426_0.html\" title=\"No Rest for the Wicked no se lanzar\u00e1 en Xbox al mismo tiempo que en PS5 porque &quot;Series S se lo est\u00e1 poniendo dif\u00edcil&quot;\" rel=\"nofollow noopener\" target=\"_blank\">de Xbox Series S<\/a> y Switch 2 lleguen en perfectas condiciones.<\/p>\n<p class=\"c-paragraph\">\u201c<b>Queremos que todo el mundo tenga una experiencia fant\u00e1stica y ofrecer uno de esos juegos que marcan a una generaci\u00f3n<\/b>, de los que solo aparecen de vez en cuando. Esa es, en realidad, la raz\u00f3n de fondo de todo esto\u201d, termina diciendo.<\/p>\n<p class=\"c-paragraph\">Toca tener un poco de paciencia con No Rest for the Wicked, que aplaza su versi\u00f3n 1.0 cinco meses. El juego llegar\u00e1 a PS5, Xbox Series, Nintendo Switch 2 y PC en marzo del pr\u00f3ximo a\u00f1o.<\/p>\n","protected":false},"excerpt":{"rendered":"Fue este mismo a\u00f1o, en el\u00a0State of Play\u00a0de junio, cuando se dio la noticia que muchos llevaban esperando&hellip;\n","protected":false},"author":2,"featured_media":742609,"comment_status":"","ping_status":"","sticky":false,"template":"","format":"standard","meta":{"footnotes":""},"categories":[81],"tags":[119,123,124,25,24,30347,689,67745,117,121,122,23,118,120,3498,48409],"class_list":["post-742608","post","type-post","status-publish","format-standard","has-post-thumbnail","category-ciencia-y-tecnologia","tag-ciencia","tag-ciencia-y-tecnologia","tag-cienciaytecnologia","tag-es","tag-espana","tag-for","tag-no","tag-rest","tag-science","tag-science-and-technology","tag-scienceandtechnology","tag-spain","tag-technology","tag-tecnologia","tag-the","tag-wicked"],"share_on_mastodon":{"url":"https:\/\/pubeurope.com\/@es\/117197495718402068","error":""},"_links":{"self":[{"href":"https:\/\/www.europesays.com\/es\/wp-json\/wp\/v2\/posts\/742608","targetHints":{"allow":["GET"]}}],"collection":[{"href":"https:\/\/www.europesays.com\/es\/wp-json\/wp\/v2\/posts"}],"about":[{"href":"https:\/\/www.europesays.com\/es\/wp-json\/wp\/v2\/types\/post"}],"author":[{"embeddable":true,"href":"https:\/\/www.europesays.com\/es\/wp-json\/wp\/v2\/users\/2"}],"replies":[{"embeddable":true,"href":"https:\/\/www.europesays.com\/es\/wp-json\/wp\/v2\/comments?post=742608"}],"version-history":[{"count":0,"href":"https:\/\/www.europesays.com\/es\/wp-json\/wp\/v2\/posts\/742608\/revisions"}],"wp:featuredmedia":[{"embeddable":true,"href":"https:\/\/www.europesays.com\/es\/wp-json\/wp\/v2\/media\/742609"}],"wp:attachment":[{"href":"https:\/\/www.europesays.com\/es\/wp-json\/wp\/v2\/media?parent=742608"}],"wp:term":[{"taxonomy":"category","embeddable":true,"href":"https:\/\/www.europesays.com\/es\/wp-json\/wp\/v2\/categories?post=742608"},{"taxonomy":"post_tag","embeddable":true,"href":"https:\/\/www.europesays.com\/es\/wp-json\/wp\/v2\/tags?post=742608"}],"curies":[{"name":"wp","href":"https:\/\/api.w.org\/{rel}","templated":true}]}}