{"id":742614,"date":"2026-09-01T19:45:17","date_gmt":"2026-09-01T19:45:17","guid":{"rendered":"https:\/\/www.europesays.com\/es\/742614\/"},"modified":"2026-09-01T19:45:17","modified_gmt":"2026-09-01T19:45:17","slug":"los-alumnos-de-casa-arabe-se-rebelan-ante-el-ayuntamiento-nos-quedamos-noticias-de-madrid","status":"publish","type":"post","link":"https:\/\/www.europesays.com\/es\/742614\/","title":{"rendered":"Los alumnos de Casa \u00c1rabe se rebelan ante el Ayuntamiento: \u201cNos quedamos\u201d | Noticias de Madrid"},"content":{"rendered":"<p class=\"\">Los alumnos y colaboradores de Casa \u00c1rabe de Madrid se han manifestado este martes para frenar el desalojo y el cierre del edificio, tal y como pretende el Ayuntamiento de Madrid. La concentraci\u00f3n, que hasta este lunes por la tarde estaba prevista para las 19.00, se ha dividido en dos protestas distintas, organizadas por dos grupos de integrantes de la instituci\u00f3n enfrentados entre s\u00ed. Entre banderas de colores de los pa\u00edses \u00e1rabes: rojo, verde, blanco y negro, y al grito de <a href=\"https:\/\/elpais.com\/espana\/madrid\/2026-09-01\/almeida-acusa-a-exteriores-de-una-ocupacion-ilegal-de-la-casa-arabe-y-estudia-acciones-legales.html\" target=\"_self\" rel=\"nofollow noopener\" title=\"https:\/\/elpais.com\/espana\/madrid\/2026-09-01\/almeida-acusa-a-exteriores-de-una-ocupacion-ilegal-de-la-casa-arabe-y-estudia-acciones-legales.html\">\u201cCasa \u00c1rabe no se toca\u201d,<\/a> decenas de personas han pedido, mediante la lectura de manifiestos, que se paralice el desalojo.<\/p>\n<p class=\"\">La primera manifestaci\u00f3n, que no estaba prevista, se ha celebrado a las 18.00 frente al edificio y ha sido organizada por Defensoras y Defensores de Casa \u00c1rabe. Unas 40 personas han acudido a la convocatoria, organizada por Marta Tejada, l\u00edder del grupo. Con gritos contra el alcalde y consignas como \u201cCasa \u00c1rabe no se toca\u201d, los asistentes han reivindicado la importancia cultural del centro en Madrid.<\/p>\n<p class=\"\">Laura P\u00e9rez, de 28 a\u00f1os, es exalumna de la escuela de baile palestino de Casa \u00c1rabe y ha destacado la importancia del <a href=\"https:\/\/elpais.com\/espana\/madrid\/2026-09-01\/almeida-acusa-a-exteriores-de-una-ocupacion-ilegal-de-la-casa-arabe-y-estudia-acciones-legales.html\" target=\"_self\" rel=\"nofollow noopener\" title=\"https:\/\/elpais.com\/espana\/madrid\/2026-09-01\/almeida-acusa-a-exteriores-de-una-ocupacion-ilegal-de-la-casa-arabe-y-estudia-acciones-legales.html\">intercambio cultural<\/a> promovido por la instituci\u00f3n en la capital.<\/p>\n<p class=\"\">La primera protesta se ha solapado con la segunda, convocada a las 19.00 por la plataforma Casa \u00c1rabe no se toca. En ambas concentraciones, los manifestantes <a href=\"\" rel=\"\" title=\"\">han exigido al Ayuntamiento de Madrid que reconsidere la propuesta<\/a>, comunicada el pasado 29 de junio, de recuperar las antiguas Escuelas Aguirre, lo que conllevar\u00eda el cierre de la instituci\u00f3n en esa sede.<\/p>\n<p><img alt=\"\" decoding=\"auto\" class=\"_re lazyload a_m-h\" height=\"277\"  width=\"414\"  src=\"https:\/\/www.europesays.com\/es\/wp-content\/uploads\/2026\/09\/C6DRSDZTYRAPRD2LDB77HLJRAI.JPG\" loading=\"lazy\" fetchpriority=\"low\"\/>Un manifestante este martes durante la concentraci\u00f3n contra el desalojo de Casa \u00c1rabe por el Ayuntamiento de Madrid.Jaime Villanueva<\/p>\n<p class=\"\">Esta misma ma\u00f1ana, el alcalde de Madrid, Jos\u00e9 Luis Mart\u00ednez-Almeida, se ha sumado a la presi\u00f3n y ha denunciado la \u201cocupaci\u00f3n ilegal\u201d del edificio por parte de Exteriores, as\u00ed como la negativa del Ministerio a celebrar una reuni\u00f3n del Consejo Rector en la que se formalizar\u00edan la salida de la Comunidad de Madrid y el desalojo del inmueble. Adem\u00e1s, Almeida ha se\u00f1alado que dentro de las antiguas escuelas \u201cexisten da\u00f1os que suponen un riesgo para los asistentes y trabajadores\u201d y ha responsabilizado al ministerio dirigido por Jos\u00e9 Manuel Albares de \u201ccualquier accidente que se pueda generar\u201d.<\/p>\n<p class=\"\">Teresa Medrano es una de las tres integrantes de la organizaci\u00f3n Casa \u00c1rabe no se toca que ha convocado la protesta. Medrano colabora con la instituci\u00f3n desde 2011 y asegura que, \u201caunque Casa \u00c1rabe necesita un nuevo impulso y en los \u00faltimos a\u00f1os se han cerrado la librer\u00eda, la cafeter\u00eda y el restaurante\u201d, las matriculaciones siguen abiertas y el curso ha comenzado.<\/p>\n<p class=\"\">Adem\u00e1s, sostiene que \u201cno se ha presentado ning\u00fan informe\u201d que avale los da\u00f1os en el edificio mencionados esta ma\u00f1ana por Almeida y que las redes colocadas sobre las cornisas \u201cllevan cuatro a\u00f1os y no suponen ning\u00fan peligro\u201d.<\/p>\n<p class=\"\">Por su parte, el Consistorio se remite a las explicaciones ofrecidas esta ma\u00f1ana, en las que ha acusado al<a href=\"https:\/\/elpais.com\/espana\/madrid\/2026-06-29\/almeida-desalojara-la-casa-arabe-de-las-escuelas-aguirre-el-1-de-septiembre.html\" target=\"_self\" rel=\"nofollow noopener\" title=\"https:\/\/elpais.com\/espana\/madrid\/2026-06-29\/almeida-desalojara-la-casa-arabe-de-las-escuelas-aguirre-el-1-de-septiembre.html\"> Ministerio de Exteriores <\/a>de mantener una \u201cocupaci\u00f3n ilegal\u201d del edificio y ha anunciado que estudia \u201cemprender acciones legales\u201d para forzar la convocatoria del Consejo Rector y recuperar la posesi\u00f3n del inmueble.<\/p>\n<p class=\"\">Medrano recuerda que los integrantes de la organizaci\u00f3n ya se reunieron con el ministro de Asuntos Exteriores, Jos\u00e9 Manuel Albares, el pasado 28 de julio. Tras ese encuentro, se produjo una llamada entre el ministro y el alcalde. Desde Exteriores explican que la conversaci\u00f3n fue cordial y constructiva y que Albares traslad\u00f3 al regidor madrile\u00f1o su apoyo a los estudiantes, as\u00ed como su voluntad de mantener el di\u00e1logo para alcanzar un acuerdo.<\/p>\n<p class=\"\">Samuel Carre\u00f1o (27 a\u00f1os) estudia en este mismo edificio \u00e1rabe marroqu\u00ed desde hace dos a\u00f1os. Carre\u00f1o explica <a href=\"https:\/\/elpais.com\/espana\/2026-07-23\/los-embajadores-de-los-17-paises-arabes-defienden-a-la-casa-arabe-frente-a-la-orden-de-desahucio-de-almeida.html\" target=\"_self\" rel=\"nofollow noopener\" title=\"https:\/\/elpais.com\/espana\/2026-07-23\/los-embajadores-de-los-17-paises-arabes-defienden-a-la-casa-arabe-frente-a-la-orden-de-desahucio-de-almeida.html\">\u201cla p\u00e9rdida personal y social\u201d<\/a> que puede significar esta expulsi\u00f3n. Para \u00e9l, este lugar se ha convertido en un refugio donde conectar con sus ra\u00edces marroqu\u00eds. Cuenta la diversidad con la que vive su aprendizaje del idioma entre personas de diferentes procedencias y reivindica \u201cla gran labor de ense\u00f1anza y diplom\u00e1tica\u201d de la Casa \u00c1rabe.<\/p>\n<p><img alt=\"\" decoding=\"auto\" class=\"_re lazyload a_m-h\" height=\"277\"  width=\"414\"  src=\"https:\/\/www.europesays.com\/es\/wp-content\/uploads\/2026\/09\/GO5FT7CAPBCIPHQR5K66TTLAYQ.JPG\" loading=\"lazy\" fetchpriority=\"low\"\/> Manifestantes este martes en Madrid durante la concentraci\u00f3n contra el desalojo.Jaime Villanueva<\/p>\n","protected":false},"excerpt":{"rendered":"Los alumnos y colaboradores de Casa \u00c1rabe de Madrid se han manifestado este martes para frenar el desalojo&hellip;\n","protected":false},"author":2,"featured_media":742615,"comment_status":"","ping_status":"","sticky":false,"template":"","format":"standard","meta":{"footnotes":""},"categories":[8],"tags":[33999,6776,4103,17,18,117337,1467,131699,25,24,9486,13,14,11,19,20,205,9,10,15,16,23,12,21,22],"class_list":["post-742614","post","type-post","status-publish","format-standard","has-post-thumbnail","category-espana","tag-albares","tag-almeida","tag-ayuntamiento-madrid","tag-breaking-news","tag-breakingnews","tag-casa-arabe","tag-comunidad-de-madrid","tag-concentracion-medios","tag-es","tag-espana","tag-estudiantes","tag-featured-news","tag-featurednews","tag-headlines","tag-latest-news","tag-latestnews","tag-madrid","tag-news","tag-noticias","tag-noticias-destacadas","tag-noticiasdestacadas","tag-spain","tag-titulares","tag-ultimas-noticias","tag-ultimasnoticias"],"share_on_mastodon":{"url":"https:\/\/pubeurope.com\/@es\/117197507627234882","error":""},"_links":{"self":[{"href":"https:\/\/www.europesays.com\/es\/wp-json\/wp\/v2\/posts\/742614","targetHints":{"allow":["GET"]}}],"collection":[{"href":"https:\/\/www.europesays.com\/es\/wp-json\/wp\/v2\/posts"}],"about":[{"href":"https:\/\/www.europesays.com\/es\/wp-json\/wp\/v2\/types\/post"}],"author":[{"embeddable":true,"href":"https:\/\/www.europesays.com\/es\/wp-json\/wp\/v2\/users\/2"}],"replies":[{"embeddable":true,"href":"https:\/\/www.europesays.com\/es\/wp-json\/wp\/v2\/comments?post=742614"}],"version-history":[{"count":0,"href":"https:\/\/www.europesays.com\/es\/wp-json\/wp\/v2\/posts\/742614\/revisions"}],"wp:featuredmedia":[{"embeddable":true,"href":"https:\/\/www.europesays.com\/es\/wp-json\/wp\/v2\/media\/742615"}],"wp:attachment":[{"href":"https:\/\/www.europesays.com\/es\/wp-json\/wp\/v2\/media?parent=742614"}],"wp:term":[{"taxonomy":"category","embeddable":true,"href":"https:\/\/www.europesays.com\/es\/wp-json\/wp\/v2\/categories?post=742614"},{"taxonomy":"post_tag","embeddable":true,"href":"https:\/\/www.europesays.com\/es\/wp-json\/wp\/v2\/tags?post=742614"}],"curies":[{"name":"wp","href":"https:\/\/api.w.org\/{rel}","templated":true}]}}