{"id":742620,"date":"2026-09-01T19:51:32","date_gmt":"2026-09-01T19:51:32","guid":{"rendered":"https:\/\/www.europesays.com\/es\/742620\/"},"modified":"2026-09-01T19:51:32","modified_gmt":"2026-09-01T19:51:32","slug":"alcaraz-opina-sobre-el-colapso-fisico-de-djokovic-tienes-que-ganarte-la-victoria-desde-la-primera-pelota","status":"publish","type":"post","link":"https:\/\/www.europesays.com\/es\/742620\/","title":{"rendered":"Alcaraz opina sobre el colapso f\u00edsico de Djokovic: \u00abTienes que ganarte la victoria desde la primera pelota\u00bb"},"content":{"rendered":"<p class=\"ft-text\">El <a class=\"ft-link ft-link--decoration\" href=\"https:\/\/www.sport.es\/es\/noticias\/tenis\/tsitsipas-lanza-mensaje-hablar-positivo-133826579\" rel=\"nofollow noopener\" target=\"_blank\">regreso de <\/a><a class=\"ft-link ft-link--decoration\" href=\"https:\/\/www.sport.es\/es\/noticias\/tenis\/tsitsipas-lanza-mensaje-hablar-positivo-133826579\" rel=\"nofollow noopener\" target=\"_blank\"><strong>Alcaraz<\/strong><\/a><a class=\"ft-link ft-link--decoration\" href=\"https:\/\/www.sport.es\/es\/noticias\/tenis\/tsitsipas-lanza-mensaje-hablar-positivo-133826579\" rel=\"nofollow noopener\" target=\"_blank\"> era una de las cosas que m\u00e1s se esperaba ver en este US Open.<\/a> Teniendo en cuenta que se perfilaba como uno de los grandes favoritos, todas las miradas estaban puestas en \u00e9l tras meses de inactividad.<\/p>\n<p class=\"ft-text\">El tenista del Palmar <strong>super\u00f3 la prueba rozando la perfecci\u00f3n<\/strong>, derrotando al <strong>ruso Roman Safiullin<\/strong> en un encuentro a <strong>tres sets por 6-4, 6-4, 6-4. <\/strong>No corri\u00f3 la misma suerte el <strong>otro gran favorito, Novak Djokovic<\/strong>, quien se vio superado <strong>desde el primer momento<\/strong> por el argentino Mariano Navone en un encuentro marcado por los <strong>v\u00f3mitos, el llanto y el colapso f\u00edsico del serbio.<\/strong><\/p>\n<p class=\"ft-text\">El serbio<strong> ten\u00eda en sus manos la oportunidad perfecta de hacerse con este Grand Slam<\/strong>, sin Sinner en el cuadro y con un Alcaraz reci\u00e9n llegado al circuito. Pero lo que nadie se esperaba era que el de Belgrado <strong>perdiera en la primera ronda de uno de los grandes<\/strong>, tras<strong> una racha de 20 a\u00f1os sin hacerlo.<\/strong><\/p>\n<p>La eliminaci\u00f3n de Djokovic es \u00abuna gran sorpresa\u00bb<\/p>\n<p class=\"ft-text\">De la misma manera que nos sorprendi\u00f3 a nosotros, le sorprendi\u00f3 al murciano, quien expres\u00f3 su sorpresa en la posterior rueda de prensa a su partido: <strong>\u00abVi el quinto set. Obviamente era la primera vez que Novak perd\u00eda en la primera ronda aqu\u00ed en este torneo, as\u00ed que es una gran sorpresa\u00bb.<\/strong><\/p>\n<p>\u00abCada Grand Slam es realmente dif\u00edcil de superar en cada ronda\u00bb<\/p>\n<p class=\"ft-text\">En repetidas ocasiones, Alcaraz ha demostrado su <strong>admiraci\u00f3n por el \u00faltimo miembro del &#8216;Big Three&#8217; que est\u00e1 en activo<\/strong>: \u00abAlguien como Novak quedando fuera en la primera ronda es sorprendente, <strong>pero cada Grand Slam es realmente dif\u00edcil de superar en cada ronda<\/strong>, para cada jugador\u00bb, explicaba el espa\u00f1ol.<\/p>\n<p class=\"ft-text\">Alcaraz ha tenido que estar <strong>140 d\u00edas sin competir<\/strong> para estar en la \u00faltima cita importante del a\u00f1o y asegura que pasar de rondas en un Grand Slam es muy complicado: <strong>\u00abEs realmente duro. Tienes que ganarte la victoria desde la primera pelota hasta la \u00faltima\u00bb<\/strong>, comentaba un &#8216;Carlitos&#8217; que ma\u00f1ana deber\u00e1 seguir demostrando que est\u00e1 de vuelta.<\/p>\n<p class=\"ft-text\"><strong>Con la derrota de Djokovic,<\/strong> el cuadro se le abre <strong>a\u00fan m\u00e1s<\/strong> al tenista del Palmar, al que situaban en una hipot\u00e9tica semifinal con Djokovic o Medvedev antes de una hipot\u00e9tica final contra Zverev o J\u00f3dar.<strong> \u00ab\u00c9l estaba en mi parte del cuadro, pero era en las semis. Para m\u00ed las semis est\u00e1n demasiado lejos, as\u00ed que solo intento ir ronda a ronda\u00bb,<\/strong> dijo &#8216;Carlitos&#8217;.<\/p>\n<p>Un debut con nervios <\/p>\n<p class=\"ft-text\">A pesar de que firm\u00f3 una s\u00f3lida victoria, Alcaraz no quiso esconder <strong>los nervios propios de la situaci\u00f3n<\/strong>, as\u00ed lo asegur\u00f3 tras certificar su pase a segunda ronda: <strong>\u00abHab\u00eda nervios, dudas en mi cabeza, pero estoy orgulloso de c\u00f3mo los he afrontado\u00bb.<\/strong><\/p>\n<p class=\"ft-text\">El siguiente paso al que debe enfrentarse el murciano tiene el nombre y el apellido de <strong>Jaime Faria<\/strong>. Un rival al que todav\u00eda no se ha medido y con quien buscar\u00e1 seguir recuperando el ritmo para acceder a la siguiente ronda.<\/p>\n","protected":false},"excerpt":{"rendered":"El regreso de Alcaraz era una de las cosas que m\u00e1s se esperaba ver en este US Open.&hellip;\n","protected":false},"author":2,"featured_media":742621,"comment_status":"","ping_status":"","sticky":false,"template":"","format":"standard","meta":{"footnotes":""},"categories":[274],"tags":[4736,33150,168,2132,25,24,2723,547,17332,23,167,327,326,541],"class_list":["post-742620","post","type-post","status-publish","format-standard","has-post-thumbnail","category-tenis","tag-alcaraz","tag-colapso","tag-deportes","tag-djokovic","tag-es","tag-espana","tag-fisico","tag-novak-djokovic","tag-opina","tag-spain","tag-sports","tag-tenis","tag-tennis","tag-us-open"],"share_on_mastodon":{"url":"https:\/\/pubeurope.com\/@es\/117197529969190731","error":""},"_links":{"self":[{"href":"https:\/\/www.europesays.com\/es\/wp-json\/wp\/v2\/posts\/742620","targetHints":{"allow":["GET"]}}],"collection":[{"href":"https:\/\/www.europesays.com\/es\/wp-json\/wp\/v2\/posts"}],"about":[{"href":"https:\/\/www.europesays.com\/es\/wp-json\/wp\/v2\/types\/post"}],"author":[{"embeddable":true,"href":"https:\/\/www.europesays.com\/es\/wp-json\/wp\/v2\/users\/2"}],"replies":[{"embeddable":true,"href":"https:\/\/www.europesays.com\/es\/wp-json\/wp\/v2\/comments?post=742620"}],"version-history":[{"count":0,"href":"https:\/\/www.europesays.com\/es\/wp-json\/wp\/v2\/posts\/742620\/revisions"}],"wp:featuredmedia":[{"embeddable":true,"href":"https:\/\/www.europesays.com\/es\/wp-json\/wp\/v2\/media\/742621"}],"wp:attachment":[{"href":"https:\/\/www.europesays.com\/es\/wp-json\/wp\/v2\/media?parent=742620"}],"wp:term":[{"taxonomy":"category","embeddable":true,"href":"https:\/\/www.europesays.com\/es\/wp-json\/wp\/v2\/categories?post=742620"},{"taxonomy":"post_tag","embeddable":true,"href":"https:\/\/www.europesays.com\/es\/wp-json\/wp\/v2\/tags?post=742620"}],"curies":[{"name":"wp","href":"https:\/\/api.w.org\/{rel}","templated":true}]}}