{"id":742626,"date":"2026-09-01T19:55:14","date_gmt":"2026-09-01T19:55:14","guid":{"rendered":"https:\/\/www.europesays.com\/es\/742626\/"},"modified":"2026-09-01T19:55:14","modified_gmt":"2026-09-01T19:55:14","slug":"osasuna-da-por-cerrado-el-mercado-de-fichajes","status":"publish","type":"post","link":"https:\/\/www.europesays.com\/es\/742626\/","title":{"rendered":"Osasuna da por cerrado el mercado de fichajes"},"content":{"rendered":"<p class=\"paragraph\"><b>Osasuna da por cerrado el mercado de fichajes<\/b>, ya que no tiene ninguna operaci\u00f3n en marcha a tres horas horas de que se baje la persiana de manera oficial. El club, que este martes ha anunciado la incorporaci\u00f3n de Romain Del Castillo, no tiene contemplado ning\u00fan movimiento de \u00faltima hora, por lo que da la plantilla por cerrada.<\/p>\n<p class=\"paragraph\"><b>El club segu\u00eda activo en el esprint final del mercado de fichajes<\/b>, cuya ventana se cerrar\u00e1 esta noche. Osasuna\u00a0<b>permanec\u00eda atento<\/b> a situaciones de \u00faltima hora que genera una jornada fren\u00e9tica. El escenario m\u00e1s probable era que no se produjeran m\u00e1s movimientos despu\u00e9s de <a href=\"https:\/\/www.diariodenavarra.es\/noticias\/deportes\/futbol\/osasuna\/2026\/09\/01\/oficial-osasuna-ficha-romain-castillo-833549-32.html\" title=\"Oficial: Osasuna ficha a Romain Del Castillo\" rel=\"nofollow noopener\" target=\"_blank\">la llegada de Romain Del Castillo<\/a>, pero no en la planta noble de El Sadar no cerrabala puerta del todo.<\/p>\n<p class=\"paragraph\">La cuarta incorporaci\u00f3n despu\u00e9s de <b>Jonathan Dubasin, Diego Rico y Rockson Yeboah<\/b> apuntala un equipo con recursos suficientes, seg\u00fan consideran tanto en la direcci\u00f3n deportiva como en el cuerpo t\u00e9cnico de Ramis. Esta ma\u00f1ana se ha visto conversar a Braulio, Cata y Ramis para seguramente actualizar la situaci\u00f3n del cierre.<\/p>\n<p class=\"paragraph\">El nombre propio ha sido el de <b>Enzo Boyomo<\/b>. El defensa ha estado todo el verano en el escaparate y se han sucedido las <b>llamadas <\/b>de clubes, sobre todo de la <b>Premier <\/b>League, preguntando por su situaci\u00f3n, pero con <b>propuestas insuficientes<\/b>. En los sondeos se plantean cantidades cercanas a los <b>5 millones<\/b>. Osasuna ha descartado su venta, salvo oferta muy pr\u00f3xima a su cl\u00e1usula de 25 millones, porque no tiene recambio de garant\u00edas y se ha sumado la lesi\u00f3n de Jorge Herrando.\u00a0<\/p>\n<p class=\"paragraph\">El club ha trasladado a los interesados y a su agente que <b>no flexibilizar\u00e1 su postura<\/b> de cara a una venta, informaci\u00f3n que tambi\u00e9n recibi\u00f3 el <b>Ajax<\/b>. Los neerlandeses plantearon una cesi\u00f3n pagada (entre 1,5 y 2 millones) con una opci\u00f3n de compra de 15 millones.\u00a0<\/p>\n","protected":false},"excerpt":{"rendered":"Osasuna da por cerrado el mercado de fichajes, ya que no tiene ninguna operaci\u00f3n en marcha a tres&hellip;\n","protected":false},"author":2,"featured_media":742627,"comment_status":"","ping_status":"","sticky":false,"template":"","format":"standard","meta":{"footnotes":""},"categories":[268],"tags":[168,25,5605,24,280,282,297,1239,621,281,23,167,4067],"class_list":["post-742626","post","type-post","status-publish","format-standard","has-post-thumbnail","category-futbol","tag-deportes","tag-es","tag-escenario","tag-espana","tag-football","tag-futbol","tag-horas","tag-mercado","tag-osasuna","tag-soccer","tag-spain","tag-sports","tag-ultimas"],"share_on_mastodon":{"url":"https:\/\/pubeurope.com\/@es\/117197545830691032","error":""},"_links":{"self":[{"href":"https:\/\/www.europesays.com\/es\/wp-json\/wp\/v2\/posts\/742626","targetHints":{"allow":["GET"]}}],"collection":[{"href":"https:\/\/www.europesays.com\/es\/wp-json\/wp\/v2\/posts"}],"about":[{"href":"https:\/\/www.europesays.com\/es\/wp-json\/wp\/v2\/types\/post"}],"author":[{"embeddable":true,"href":"https:\/\/www.europesays.com\/es\/wp-json\/wp\/v2\/users\/2"}],"replies":[{"embeddable":true,"href":"https:\/\/www.europesays.com\/es\/wp-json\/wp\/v2\/comments?post=742626"}],"version-history":[{"count":0,"href":"https:\/\/www.europesays.com\/es\/wp-json\/wp\/v2\/posts\/742626\/revisions"}],"wp:featuredmedia":[{"embeddable":true,"href":"https:\/\/www.europesays.com\/es\/wp-json\/wp\/v2\/media\/742627"}],"wp:attachment":[{"href":"https:\/\/www.europesays.com\/es\/wp-json\/wp\/v2\/media?parent=742626"}],"wp:term":[{"taxonomy":"category","embeddable":true,"href":"https:\/\/www.europesays.com\/es\/wp-json\/wp\/v2\/categories?post=742626"},{"taxonomy":"post_tag","embeddable":true,"href":"https:\/\/www.europesays.com\/es\/wp-json\/wp\/v2\/tags?post=742626"}],"curies":[{"name":"wp","href":"https:\/\/api.w.org\/{rel}","templated":true}]}}