{"id":742628,"date":"2026-09-01T19:56:15","date_gmt":"2026-09-01T19:56:15","guid":{"rendered":"https:\/\/www.europesays.com\/es\/742628\/"},"modified":"2026-09-01T19:56:15","modified_gmt":"2026-09-01T19:56:15","slug":"miley-cyrus-se-quita-su-famoso-apellido-y-anuncia-el-lanzamiento-de-su-nuevo-disco-musica","status":"publish","type":"post","link":"https:\/\/www.europesays.com\/es\/742628\/","title":{"rendered":"Miley Cyrus se quita su famoso apellido y anuncia el lanzamiento de su nuevo disco | M\u00fasica"},"content":{"rendered":"<p><a href=\"https:\/\/cadenaser.com\/nacional\/2026\/05\/08\/miley-cyrus-tendra-la-estrella-numero-2845-del-paseo-de-la-fama-de-hollywood-cadena-ser\/\" target=\"_blank\" rel=\"nofollow noopener\" title=\"https:\/\/cadenaser.com\/nacional\/2026\/05\/08\/miley-cyrus-tendra-la-estrella-numero-2845-del-paseo-de-la-fama-de-hollywood-cadena-ser\/\">La cantante estadounidense Miley<\/a>, anteriormente conocida como Miley Cyrus, ha anunciado el lanzamiento de su d\u00e9cimo \u00e1lbum de estudio, Bass Persuades, que ver\u00e1 la luz el pr\u00f3ximo 18 de septiembre. La artista comparti\u00f3 la noticia a trav\u00e9s de un comunicado en sus redes sociales, donde tambi\u00e9n llam\u00f3 la atenci\u00f3n al firmar \u00fanicamente con su nombre de pila, dejando atr\u00e1s el apellido con el que ha desarrollado gran parte de su carrera.<\/p>\n<p>M\u00e1s informaci\u00f3n<\/p>\n<p>En el mensaje, Miley explic\u00f3 que el t\u00edtulo del disco refleja el poder de la m\u00fasica para acompa\u00f1ar todas las etapas de la vida, desde los momentos de felicidad hasta los de dolor. \u00abLa m\u00fasica nos atrapa. La sentimos, la cantamos, a veces bailamos con ella, la dejamos salir y seguimos adelante\u00bb, escribi\u00f3 la artista, que agradeci\u00f3 a sus seguidores haber hecho realidad \u00absus sue\u00f1os m\u00e1s salvajes\u00bb y expres\u00f3 su deseo de que disfruten de este nuevo trabajo.<\/p>\n<p>El disco contar\u00e1 con un tracklist de 10 canciones que pretenden contar \u00abuna historia de amor\u00bb. Cuenta tambi\u00e9n con la colaboraci\u00f3n de su prometido, el m\u00fasico y productor Maxx Morando. Tras la publicaci\u00f3n que anunciaba el \u00e1lbum, tambi\u00e9n dio a conocer dos fechas en las que presentar\u00e1 su proyecto en vivo, los d\u00edas 16 y 18 de octubre en el m\u00edtico Hollywood Bowl.<\/p>\n<p>Un cambio en su carrera<\/p>\n<p>Las primeras se\u00f1ales de este cambio en su carrera surgieron a inicios de semana, cuando la cantante comparti\u00f3 en su cuenta de Instagram im\u00e1genes con un filtro rojo que anunciaban su nuevo nombre, dejando atr\u00e1s el apellido Cyrus y firmando simplemente como Miley. Sin embargo, poco despu\u00e9s, la triste noticia del <a href=\"https:\/\/cadenaser.com\/nacional\/2026\/08\/25\/dejo-este-mundo-mejor-de-lo-que-lo-encontro-numerosos-artistas-rinden-homenaje-a-dolly-parton-en-redes-sociales-cadena-ser\/\" target=\"_blank\" rel=\"nofollow noopener\" title=\"https:\/\/cadenaser.com\/nacional\/2026\/08\/25\/dejo-este-mundo-mejor-de-lo-que-lo-encontro-numerosos-artistas-rinden-homenaje-a-dolly-parton-en-redes-sociales-cadena-ser\/\">fallecimiento de su madrina, Dolly Parton<\/a>, eclips\u00f3 la noticia.<\/p>\n<p>El anuncio del cambio de nombre hizo sonar las alarmas, ya que la relaci\u00f3n con su padre, Bill Ray Cyrus, ha tenido varios altibajos a lo largo del tiempo, por lo que los fans pensaron que esta decisi\u00f3n se deb\u00eda a una declaraci\u00f3n de intenciones respecto a su padre. Estas especulaciones se resolvieron r\u00e1pidamente, ya que a principios de 2026, durante <a href=\"https:\/\/cadenaser.com\/nacional\/hype\/2026\/03\/17\/nostalgia-apariciones-estelares-y-mucha-musica-el-trailer-del-20-aniversario-de-hannah-montana-revela-nuevos-detalles-del-especial-cadena-ser\/\" target=\"_blank\" rel=\"nofollow noopener\" title=\"https:\/\/cadenaser.com\/nacional\/hype\/2026\/03\/17\/nostalgia-apariciones-estelares-y-mucha-musica-el-trailer-del-20-aniversario-de-hannah-montana-revela-nuevos-detalles-del-especial-cadena-ser\/\">el especial 20 aniversario de Hannah Montana<\/a>, pudimos ver una reconciliaci\u00f3n entre padre e hija. <\/p>\n","protected":false},"excerpt":{"rendered":"La cantante estadounidense Miley, anteriormente conocida como Miley Cyrus, ha anunciado el lanzamiento de su d\u00e9cimo \u00e1lbum de&hellip;\n","protected":false},"author":2,"featured_media":742629,"comment_status":"","ping_status":"","sticky":false,"template":"","format":"standard","meta":{"footnotes":""},"categories":[174],"tags":[255,146,147,25,24,256,96386,23],"class_list":["post-742628","post","type-post","status-publish","format-standard","has-post-thumbnail","category-famosos","tag-celebrities","tag-entertainment","tag-entretenimiento","tag-es","tag-espana","tag-famosos","tag-pmarc","tag-spain"],"share_on_mastodon":{"url":"https:\/\/pubeurope.com\/@es\/117197549773031972","error":""},"_links":{"self":[{"href":"https:\/\/www.europesays.com\/es\/wp-json\/wp\/v2\/posts\/742628","targetHints":{"allow":["GET"]}}],"collection":[{"href":"https:\/\/www.europesays.com\/es\/wp-json\/wp\/v2\/posts"}],"about":[{"href":"https:\/\/www.europesays.com\/es\/wp-json\/wp\/v2\/types\/post"}],"author":[{"embeddable":true,"href":"https:\/\/www.europesays.com\/es\/wp-json\/wp\/v2\/users\/2"}],"replies":[{"embeddable":true,"href":"https:\/\/www.europesays.com\/es\/wp-json\/wp\/v2\/comments?post=742628"}],"version-history":[{"count":0,"href":"https:\/\/www.europesays.com\/es\/wp-json\/wp\/v2\/posts\/742628\/revisions"}],"wp:featuredmedia":[{"embeddable":true,"href":"https:\/\/www.europesays.com\/es\/wp-json\/wp\/v2\/media\/742629"}],"wp:attachment":[{"href":"https:\/\/www.europesays.com\/es\/wp-json\/wp\/v2\/media?parent=742628"}],"wp:term":[{"taxonomy":"category","embeddable":true,"href":"https:\/\/www.europesays.com\/es\/wp-json\/wp\/v2\/categories?post=742628"},{"taxonomy":"post_tag","embeddable":true,"href":"https:\/\/www.europesays.com\/es\/wp-json\/wp\/v2\/tags?post=742628"}],"curies":[{"name":"wp","href":"https:\/\/api.w.org\/{rel}","templated":true}]}}