{"id":742630,"date":"2026-09-01T19:57:34","date_gmt":"2026-09-01T19:57:34","guid":{"rendered":"https:\/\/www.europesays.com\/es\/742630\/"},"modified":"2026-09-01T19:57:34","modified_gmt":"2026-09-01T19:57:34","slug":"demolicion-de-escaleras-de-rogelio-salmona-en-bogota-abre-debate-sobre-patrimonio","status":"publish","type":"post","link":"https:\/\/www.europesays.com\/es\/742630\/","title":{"rendered":"Demolici\u00f3n de escaleras de Rogelio Salmona en Bogot\u00e1 abre debate sobre patrimonio"},"content":{"rendered":"<p><img alt=\"Antes y despu\u00e9s de las escaleras dise\u00f1adas por Rogelio Salmona, que fueron demolidas durante la remodelaci\u00f3n del apartamento.\" class=\"ImageArticle-Image\" src=\"https:\/\/www.europesays.com\/es\/wp-content\/uploads\/2026\/09\/1788292654_369_JIBD6C2K3RHGPBW53WLVHXJXZY.png\" width=\"985\" height=\"655\" loading=\"eager\" decoding=\"async\" fetchpriority=\"high\"\/><\/p>\n<p>Antes y despu\u00e9s de las escaleras dise\u00f1adas por Rogelio Salmona, que fueron demolidas durante la remodelaci\u00f3n del apartamento.<\/p>\n<p>Foto: Captura de pantalla de video compartido en redes sociales.<\/p>\n<p>Resume e inf\u00f3rmame r\u00e1pido<\/p>\n<p>Escucha este art\u00edculo<\/p>\n<p class=\"AudioPlayer-Description\">Audio generado con IA de Google<\/p>\n<p class=\"font--secondary\">La demolici\u00f3n de unas escaleras dise\u00f1adas por Rogelio Salmona en un apartamento de Bogot\u00e1 gener\u00f3 un debate que va m\u00e1s all\u00e1 de la intervenci\u00f3n de una obra de uno de los arquitectos m\u00e1s importantes del pa\u00eds. La discusi\u00f3n tambi\u00e9n puso sobre la mesa cu\u00e1les son los l\u00edmites para modificar una vivienda que hace parte de un inmueble protegido como Bien de Inter\u00e9s Cultural del \u00e1mbito distrital.<\/p>\n<p class=\"font--secondary\">La noticia se conoci\u00f3 este fin de semana luego de que Deconama, el estudio de dise\u00f1o responsable de la obra, compartiera en redes sociales un video en el que mostr\u00f3 la transformaci\u00f3n del apartamento y explic\u00f3 por qu\u00e9 decidi\u00f3 reemplazar las escaleras originales. \u201c\u00bfT\u00fa cambiar\u00edas unas escaleras dise\u00f1adas por Salmona?\u201d, pregunt\u00f3 al comienzo de la publicaci\u00f3n una de las encargadas del nuevo dise\u00f1o. \u201cS\u00ed, las cambiamos, las tumbamos\u201d, respondi\u00f3 enseguida.<\/p>\n<p class=\"font--secondary\">Para el estudio, el apartamento era muy oscuro y las escaleras dificultaban todav\u00eda m\u00e1s el ingreso de luz. \u201cAdem\u00e1s necesit\u00e1bamos ampliar el cuarto principal y para lograrlo ten\u00edamos que mover el recorrido de las escaleras de un lado hacia otro. Es decir, una parte de las escaleras originales de todas maneras se iba a desaparecer. As\u00ed que nuestro cliente tom\u00f3 una decisi\u00f3n. Ya que \u00edbamos a intervenirlas, transform\u00e9moslas por completo. Creamos unas escaleras llanas, contempor\u00e1neas\u201d, a\u00f1adieron desde Deconama. <\/p>\n<p class=\"font--secondary\">Las escaleras fueron reemplazadas por unas nuevas de madera, cemento y vidrio, con detalles de luces led. De acuerdo con el estudio de dise\u00f1o, buscaban permitir el paso de la luz y hacer que el espacio se sintiera m\u00e1s abierto y ligero.<\/p>\n<p class=\"font--secondary\"><b>Le recomendamos: <\/b><a href=\"https:\/\/www.elespectador.com\/el-magazin-cultural\/serie-cien-anos-de-soledad-de-netflix-asi-se-hizo-la-casa-de-los-buendia\/\" target=\"_self\" rel=\"nofollow noopener\" title=\"https:\/\/www.elespectador.com\/el-magazin-cultural\/serie-cien-anos-de-soledad-de-netflix-asi-se-hizo-la-casa-de-los-buendia\/\"><b>As\u00ed se construy\u00f3 (y destruy\u00f3) la casa de los Buend\u00eda para la serie \u201cCien a\u00f1os de soledad\u201d<\/b><\/a><\/p>\n<p class=\"font--secondary\">La intervenci\u00f3n incluy\u00f3 otros cambios. En sus videos, tambi\u00e9n mostraron la apertura de un ventanal con vista hacia la monta\u00f1a, la modificaci\u00f3n de un muro veneciano, la instalaci\u00f3n de listones de madera y trabajos en el piso y otros elementos de la entrada. \u201cPasamos de un espacio oscuro y fr\u00edo a un lugar conectado con la naturaleza y bien iluminado\u201d, expresaron.<\/p>\n<p class=\"font--secondary\">El video de la demolici\u00f3n y redise\u00f1o se viraliz\u00f3 en redes sociales, donde empez\u00f3 a se\u00f1alarse que el apartamento podr\u00eda hacer parte del Edificio Altos de Santana o de las Torres del Parque, ambos proyectos de Rogelio Salmona con protecci\u00f3n patrimonial como Bienes de Inter\u00e9s Cultural. <\/p>\n<p class=\"font--secondary\">A partir de ah\u00ed surgieron preguntas sobre hasta d\u00f3nde pod\u00edan modificarse muros, escaleras o incluso la fachada de una vivienda ubicada en un inmueble protegido; qu\u00e9 autorizaciones eran necesarias para realizar una remodelaci\u00f3n de este tipo y si estas fueron tramitadas antes de ejecutar las obras.<\/p>\n<p class=\"font--secondary\">En el mismo video en el que dieron a conocer la transformaci\u00f3n, una de las responsables de la intervenci\u00f3n reconoci\u00f3 que se trataba de una decisi\u00f3n controversial. <\/p>\n<p><b>\u201cLo \u00fanico que lograr\u00e1n hacer ser\u00eda una arquitectura sin alma\u201d<\/b><\/p>\n<p class=\"font--secondary\">En medio de la discusi\u00f3n, circul\u00f3 en redes sociales un video en el que aparece Rogelio Salmona hablando sobre la relaci\u00f3n entre la arquitectura contempor\u00e1nea y lo construido antes.<\/p>\n<p class=\"font--secondary\">\u201c\u00bfC\u00f3mo es el momento actual de la arquitectura? Es decir, si los arquitectos de hoy no tienen en cuenta esas caracter\u00edsticas y solo buscan, al hacer la arquitectura, una creaci\u00f3n nueva, sin tener en cuenta las anteriores arquitecturas del pasado, es decir, si no contin\u00faan la l\u00ednea de la historia, como dir\u00eda Unamuno, la historia es eterna, est\u00e1n fuera del contexto. Lo \u00fanico que lograr\u00e1n hacer ser\u00eda una arquitectura sin alma, una arquitectura sin sentido, que no va a perdurar, que va a tener un envejecimiento malo\u201d, se\u00f1al\u00f3 Salmona.<\/p>\n<p class=\"font--secondary\">Para el arquitecto, esa relaci\u00f3n con el pasado tambi\u00e9n ten\u00eda una dimensi\u00f3n social y pol\u00edtica.<\/p>\n<p class=\"font--secondary\">\u201cPor eso yo en un momento dado dije que la est\u00e9tica en Colombia debe ser una \u00e9tica, y que hacer arquitectura en Colombia es un acto pol\u00edtico\u201d, sostuvo.<\/p>\n","protected":false},"excerpt":{"rendered":"Antes y despu\u00e9s de las escaleras dise\u00f1adas por Rogelio Salmona, que fueron demolidas durante la remodelaci\u00f3n del apartamento.&hellip;\n","protected":false},"author":2,"featured_media":742631,"comment_status":"","ping_status":"","sticky":false,"template":"","format":"standard","meta":{"footnotes":""},"categories":[173],"tags":[801,229,233,231,230,232,131701,234,146,147,25,24,131700,1397,131570,23],"class_list":["post-742630","post","type-post","status-publish","format-standard","has-post-thumbnail","category-arte-y-diseno","tag-arquitectura","tag-arte","tag-arte-y-diseno","tag-arts","tag-arts-and-design","tag-design","tag-destruccion-de-escaleras-de-salmona","tag-diseno","tag-entertainment","tag-entretenimiento","tag-es","tag-espana","tag-obras-de-salmona","tag-patrimonio","tag-rogelio-salmona","tag-spain"],"share_on_mastodon":{"url":"https:\/\/pubeurope.com\/@es\/117197554580495078","error":""},"_links":{"self":[{"href":"https:\/\/www.europesays.com\/es\/wp-json\/wp\/v2\/posts\/742630","targetHints":{"allow":["GET"]}}],"collection":[{"href":"https:\/\/www.europesays.com\/es\/wp-json\/wp\/v2\/posts"}],"about":[{"href":"https:\/\/www.europesays.com\/es\/wp-json\/wp\/v2\/types\/post"}],"author":[{"embeddable":true,"href":"https:\/\/www.europesays.com\/es\/wp-json\/wp\/v2\/users\/2"}],"replies":[{"embeddable":true,"href":"https:\/\/www.europesays.com\/es\/wp-json\/wp\/v2\/comments?post=742630"}],"version-history":[{"count":0,"href":"https:\/\/www.europesays.com\/es\/wp-json\/wp\/v2\/posts\/742630\/revisions"}],"wp:featuredmedia":[{"embeddable":true,"href":"https:\/\/www.europesays.com\/es\/wp-json\/wp\/v2\/media\/742631"}],"wp:attachment":[{"href":"https:\/\/www.europesays.com\/es\/wp-json\/wp\/v2\/media?parent=742630"}],"wp:term":[{"taxonomy":"category","embeddable":true,"href":"https:\/\/www.europesays.com\/es\/wp-json\/wp\/v2\/categories?post=742630"},{"taxonomy":"post_tag","embeddable":true,"href":"https:\/\/www.europesays.com\/es\/wp-json\/wp\/v2\/tags?post=742630"}],"curies":[{"name":"wp","href":"https:\/\/api.w.org\/{rel}","templated":true}]}}