{"id":742634,"date":"2026-09-01T20:01:35","date_gmt":"2026-09-01T20:01:35","guid":{"rendered":"https:\/\/www.europesays.com\/es\/742634\/"},"modified":"2026-09-01T20:01:35","modified_gmt":"2026-09-01T20:01:35","slug":"el-caso-de-tupac-shakur-ya-tiene-culpable-se-hace-justicia-tras-30-anos-de-espera","status":"publish","type":"post","link":"https:\/\/www.europesays.com\/es\/742634\/","title":{"rendered":"El caso de Tupac Shakur ya tiene culpable. Se hace justicia tras 30 a\u00f1os de espera"},"content":{"rendered":"<p class=\"wp-block-paragraph\"><strong>Duane Davis<\/strong> fue declarado culpable el 31 de agosto de 2026 por el asesinato del rapero Tupac Shakur, ocurrido en 1996. <\/p>\n<p class=\"wp-block-paragraph\">El <strong>fallo judicial<\/strong> pone fin a tres d\u00e9cadas de impunidad en uno de los cr\u00edmenes m\u00e1s resonantes de la cultura popular. <\/p>\n<p>\u2696\ufe0f \u00bfQui\u00e9n es Duane Davis y por qu\u00e9 lo condenaron? <\/p>\n<p class=\"wp-block-paragraph\">El jurado determin\u00f3 que <strong>Duane Davis<\/strong>, de 63 a\u00f1os, orquest\u00f3 el tiroteo desde un veh\u00edculo contra la leyenda del hip-hop en Las Vegas. <\/p>\n<p class=\"wp-block-paragraph\">Seg\u00fan la fiscal\u00eda citada por<a href=\"https:\/\/cnnespanol.cnn.com\/2026\/08\/31\/eeuu\/keffe-d-davis-cuplpable-asesinato-tupac-shakur-trax\" type=\"link\" id=\"https:\/\/cnnespanol.cnn.com\/2026\/08\/31\/eeuu\/keffe-d-davis-cuplpable-asesinato-tupac-shakur-trax\" target=\"_blank\" rel=\"noreferrer noopener nofollow\"> CNN<\/a>, el acusado actu\u00f3 como comandante en el lugar y <strong>orden\u00f3 el ataque <\/strong>motivado por disputas de pandillas.<\/p>\n<p class=\"wp-block-paragraph\">Si quieres profundizan en el legado musical del rapero y su impacto en la industria, te recomendamos leer c\u00f3mo <a href=\"https:\/\/www.elcomercio.com\/tendencias\/entretenimiento\/tupacshakur-pearljam-joanbaez-salondelafamadelrock-musica\/\" target=\"_blank\" rel=\"noreferrer noopener nofollow\">Tupac Shakur ingres\u00f3 al Sal\u00f3n de la Fama del Rock<\/a>.<\/p>\n<p>\ud83d\udcc4 Memorias y pruebas presentadas en el juicio <\/p>\n<p class=\"wp-block-paragraph\">Las <strong>memorias<\/strong> escritas por el propio acusado sirvieron como evidencia clave durante el proceso penal. <\/p>\n<p class=\"wp-block-paragraph\">De acuerdo con datos publicados por <a href=\"https:\/\/www.bbc.com\/mundo\/articles\/c99dy5yr2yjo\" type=\"link\" id=\"https:\/\/www.bbc.com\/mundo\/articles\/c99dy5yr2yjo\" target=\"_blank\" rel=\"noreferrer noopener nofollow\">BBC<\/a>, las declaraciones p\u00fablicas de Davis permitieron reactivar el caso en 2023, pese a que la defensa sostuvo que <strong>el libro conten\u00eda elementos de ficci\u00f3n.<\/strong><\/p>\n<p>\ud83e\ude7a Revelaciones sobre la autopsia de Tupac Shakur <\/p>\n<p class=\"wp-block-paragraph\">Durante el juicio se mostraron im\u00e1genes expl\u00edcitas del examen forense del artista. <\/p>\n<p class=\"wp-block-paragraph\">En la audiencia, seg\u00fan report\u00f3 <a href=\"https:\/\/www.es.themirror.com\/entretenimiento\/autopsia-tupac-davis-culpable-homicidio-2005356\" type=\"link\" id=\"https:\/\/www.es.themirror.com\/entretenimiento\/autopsia-tupac-davis-culpable-homicidio-2005356\" target=\"_blank\" rel=\"noreferrer noopener nofollow\">The Mirror<\/a>, la pat\u00f3loga forense detall\u00f3 que <strong>Shakur <\/strong>sufri\u00f3 hemorragias severas tras recibir cuatro impactos de bala, lo que oblig\u00f3 a la extirpaci\u00f3n de su pulm\u00f3n derecho antes de fallecer.<\/p>\n<p class=\"wp-block-paragraph\">Para conocer m\u00e1s sobre la trascendencia cultural de la leyenda del rap, puedes consultar la producci\u00f3n cinematogr\u00e1fica que explora c\u00f3mo <a href=\"https:\/\/www.elcomercio.com\/tendencias\/tupac-shakur-y-snoop-dogg-vuelven-a-encontrarse-en-el-cine\/\" target=\"_blank\" rel=\"noreferrer noopener nofollow\">Tupac Shakur y Snoop Dogg se reencontraron en la pantalla grande<\/a>.<\/p>\n<p class=\"wp-block-paragraph\">El acusado solicit\u00f3 apelar la decisi\u00f3n antes de abandonar la sala. La jueza <strong>Carli Kierny<\/strong> dictar\u00e1 la sentencia definitiva el pr\u00f3ximo 13 de octubre, donde Davis podr\u00eda enfrentar cadena perpetua sin libertad condicional.<\/p>\n<p>Asesinato de Tupac Shakur; m\u00e1s preguntas sobre el tema\u00a0<strong class=\"schema-faq-question\">\u2753 \u00bfPor qu\u00e9 tardaron 30 a\u00f1os en juzgar al asesino de Tupac?<\/strong> <\/p>\n<p class=\"schema-faq-answer\">El caso permaneci\u00f3 sin arrestos hasta 2023 debido a la falta de cooperaci\u00f3n de testigos, la cultura de silencio en las pandillas y la complejidad de las pruebas. La confesi\u00f3n grabada de Davis en una entrevista policial d\u00e9cadas despu\u00e9s y su propio libro fueron clave para la acusaci\u00f3n.<\/p>\n<p>  <strong class=\"schema-faq-question\">\u2753 \u00bfQu\u00e9 dice la teor\u00eda de que Diddy orden\u00f3 el asesinato?<\/strong> <\/p>\n<p class=\"schema-faq-answer\">Durante el juicio, audio secreto y testimonios policiales revivieron la teor\u00eda de que Sean \u2018Diddy\u2019 Combs ofreci\u00f3 1 mill\u00f3n de d\u00f3lares a Davis para matar a Tupac. Sin embargo, esta teor\u00eda no ha sido probada en el tribunal y Diddy no ha sido acusado formalmente.<\/p>\n<p>  Te recomendamos:\u00a0\u00a0 <\/p>\n","protected":false},"excerpt":{"rendered":"Duane Davis fue declarado culpable el 31 de agosto de 2026 por el asesinato del rapero Tupac Shakur,&hellip;\n","protected":false},"author":2,"featured_media":742635,"comment_status":"","ping_status":"","sticky":false,"template":"","format":"standard","meta":{"footnotes":""},"categories":[170],"tags":[131702,146,147,25,24,24733,184,185,23,82030],"class_list":["post-742634","post","type-post","status-publish","format-standard","has-post-thumbnail","category-musica","tag-duane-davis","tag-entertainment","tag-entretenimiento","tag-es","tag-espana","tag-homicidio","tag-music","tag-musica","tag-spain","tag-tupac-shakur"],"share_on_mastodon":{"url":"https:\/\/pubeurope.com\/@es\/117197568985595987","error":""},"_links":{"self":[{"href":"https:\/\/www.europesays.com\/es\/wp-json\/wp\/v2\/posts\/742634","targetHints":{"allow":["GET"]}}],"collection":[{"href":"https:\/\/www.europesays.com\/es\/wp-json\/wp\/v2\/posts"}],"about":[{"href":"https:\/\/www.europesays.com\/es\/wp-json\/wp\/v2\/types\/post"}],"author":[{"embeddable":true,"href":"https:\/\/www.europesays.com\/es\/wp-json\/wp\/v2\/users\/2"}],"replies":[{"embeddable":true,"href":"https:\/\/www.europesays.com\/es\/wp-json\/wp\/v2\/comments?post=742634"}],"version-history":[{"count":0,"href":"https:\/\/www.europesays.com\/es\/wp-json\/wp\/v2\/posts\/742634\/revisions"}],"wp:featuredmedia":[{"embeddable":true,"href":"https:\/\/www.europesays.com\/es\/wp-json\/wp\/v2\/media\/742635"}],"wp:attachment":[{"href":"https:\/\/www.europesays.com\/es\/wp-json\/wp\/v2\/media?parent=742634"}],"wp:term":[{"taxonomy":"category","embeddable":true,"href":"https:\/\/www.europesays.com\/es\/wp-json\/wp\/v2\/categories?post=742634"},{"taxonomy":"post_tag","embeddable":true,"href":"https:\/\/www.europesays.com\/es\/wp-json\/wp\/v2\/tags?post=742634"}],"curies":[{"name":"wp","href":"https:\/\/api.w.org\/{rel}","templated":true}]}}