{"id":742664,"date":"2026-09-01T20:21:27","date_gmt":"2026-09-01T20:21:27","guid":{"rendered":"https:\/\/www.europesays.com\/es\/742664\/"},"modified":"2026-09-01T20:21:27","modified_gmt":"2026-09-01T20:21:27","slug":"viuda-de-salmona-maria-madrinan-habla-del-video-donde-danan-escaleras-del-arquitecto-hay-desconocimiento-sobre-los-bienes-de-interes-cultural","status":"publish","type":"post","link":"https:\/\/www.europesays.com\/es\/742664\/","title":{"rendered":"Viuda de Salmona, Mar\u00eda Madri\u00f1\u00e1n, habla del video donde da\u00f1an escaleras del arquitecto: \u2018Hay\u00a0 desconocimiento sobre los bienes de inter\u00e9s cultural\u2019"},"content":{"rendered":"<p>Colombia ha reaccionado con fuertes cr\u00edticas a un video publicado en las redes sociales en el que el estudio de dise\u00f1o <b>Deconama\u00a0destruye unas escaleras dise\u00f1adas por Rogelio Salmona, quien fue uno de los arquitectos m\u00e1s importantes del pa\u00eds en el siglo XX.\u00a0<\/b><\/p>\n<p>En su curr\u00edculum, Salmona cuenta con algunos de los galardones m\u00e1s relevantes en la industria: gan\u00f3 dos veces el Premio Nacional de Arquitectura (en 1986 y 1990); obtuvo el Premio Pr\u00edncipe Claus (Pa\u00edses Bajos, 1998); fue reconocido con la Medalla Alvar Aalto (Finlandia, 2003), una de las m\u00e1ximas distinciones mundiales de la arquitectura; tambi\u00e9n gan\u00f3 el Premio L\u00e1piz de Acero (Colombia, 2007), entre otras menciones.<\/p>\n<p>El estudio a cargo de la remodelaci\u00f3n de un apartamento en el edificio Altos de Santa Ana, en el norte de Bogot\u00e1, con dise\u00f1os de Salmona, argument\u00f3 que la intervenci\u00f3n se hizo porque el color de la estructura, declarada en 2010 como Bien de Inter\u00e9s Cultural, oscurec\u00eda el ambiente. En cambio, prefiri\u00f3 instalar unas escaleras con luces led y demoler una pared.<\/p>\n<p>Las personas han reaccionado al ver c\u00f3mo una estructura casi patrimonial ha sido\u00a0destruida, pero, m\u00e1s all\u00e1 de ell<b>o, entre artistas, arquitectos y expertos ha surgido otro debate: \u00bfhasta cu\u00e1ndo se va a ignorar el significado patrimonial de las obras?\u00a0<\/b><\/p>\n<p>Seg\u00fan Carlos Salas, pintor que, adem\u00e1s, hizo dos\u00a0revistas\u00a0sobre la obra de\u00a0Salmona, esta no es la primera vez que deterioran o alteran obras de esta magnitud.<\/p>\n<p class=\"c-cuerpo__media__txt\">Escaleras de Rogelio Salmona Foto:Redes sociales<\/p>\n<p>\u201cOcurri\u00f3 con el Museo de Arte Moderno de Bogot\u00e1, dise\u00f1ado por\u00a0Salmona. A ese le amputaron la parte de abajo. Se le hizo una alteraci\u00f3n brutal. Era una joya. Y as\u00ed, ha habido intervenciones fuertes.<b> Otra que me impact\u00f3 mucho fue en la Biblioteca Virgilio Barco: pintaron unos caballos sobre los vitrales m\u00e1s importantes de la biblioteca, <\/b>y eso\u00a0destruye la arquitectura\u201d, dice Salas.<\/p>\n<p>Y, espec\u00edficamente sobre este caso, indic\u00f3: \u201cLo que pasa es que aqu\u00ed esta muchacha (se refiere a la persona que aparece en el video) abri\u00f3 el debate dando papaya, \u00bfno? Ella no ten\u00eda ninguna necesidad de haber ido a hacer eso y subirlo a redes. Porque \u00bfcu\u00e1ntos apartamentos de las Torres del Parque no han sido remodelados? Ahora, todo esto ha llamado la atenci\u00f3n para que pongamos cuidado a lo patrimonial\u201d.<\/p>\n<p>Por otro lado, el pintor resalta algo que trasciende el papeleo que hay tras declarar algo como patrimonio, Bien de Inter\u00e9s Cultural o m\u00e1s menciones que vuelvan a determinadas obras inmunes al paso del tiempo. Lo ideal ser\u00eda que las personas se apropien de esas obras, que las quieran, que les nazca cuidarlas.<\/p>\n<p>Al preguntar sobre un sello \u00fanico del arquitecto, Salas se sincer\u00f3 y comparti\u00f3 una historia que recuerda con el arquitecto y que podr\u00eda reflejar lo que pensar\u00eda de esta situaci\u00f3n: \u201cA \u00e9l no le gustaba hacer construcciones por fuera de Bogot\u00e1. Ya estaba con c\u00e1ncer y no hac\u00eda construcciones con dise\u00f1o que no pudiera supervisar. Era muy cuidadoso con todos los detalles. Entonces, le pidieron una casa para Chile. Quer\u00edan una casa que fuera similar a la de \u00e9l en R\u00edo Fr\u00edo, en Tabio. Y entonces propuso tres jardines interiores. Entonces, alguien le sugiri\u00f3: \u2018<b>Oye, Rogelio, \u00bfpor qu\u00e9 no quitamos uno de los jardines?\u2019. Y le dice: \u2018Si yo te dijera que te amputo a ti un brazo&#8230;\u2019. Para \u00e9l era tan grave que le quitaran el jard\u00edn a un espacio como una amputaci\u00f3n a una persona. <\/b>Ese era el nivel de compromiso que \u00e9l ten\u00eda con la arquitectura\u201d.<\/p>\n<p>Esta falta es sancionada por la\u00a0Ley 397 de 1997, que establece que las autoridades competentes impondr\u00e1n las sanciones cuando se cometan faltas en contra de los bienes de inter\u00e9s cultural.<b>\u00a0Y faltas, como las que se ven en el video, podr\u00edan implicar<\/b><b>\u00a0multas\u00a0hasta\u00a0de<\/b><b>\u00a0500 salarios m\u00ednimos mensuales legales vigentes.<\/b><\/p>\n<p>EL TIEMPO habl\u00f3 sobre la pol\u00e9mica con Mar\u00eda Elvira Madri\u00f1\u00e1n, viuda de Salmona y tambi\u00e9n arquitecta, sobre el hecho y lo que implica que una obra del talante de\u00a0Salmona\u00a0sea\u00a0destruida.<\/p>\n<p><b>\u00bfQu\u00e9 significa para usted que\u00a0destruyan la obra de<\/b>\u00a0Salmona?<\/p>\n<p>Hay un tema preliminar:\u00a0se est\u00e1 demoliendo algo que fue declarado Bien de Inter\u00e9s Cultural del \u00e1mbito distrital. Eso cambia un poco el panorama. No es una obra cualquiera, sino una obra que tiene unos valores reconocidos, unos atributos que las entidades encargadas del patrimonio han definido que se deben preservar para guardar esa memoria.\u00a0Entonces, el tema de que fueron tumbadas unas escaleras tiene una connotaci\u00f3n m\u00e1s profunda: es una intervenci\u00f3n en un patrimonio.<\/p>\n<p>Sin duda, la obra de Rogelio Salmona ha sido reconocida ampliamente, no solo en Colombia, sino a nivel internacional.\u00a0Ya se present\u00f3 ante la Unesco un expediente para que se incluyan como Patrimonio Mundial de la Unesco cuatro obras de Rogelio Salmona.\u00a0Eso deja ver la trascendencia de ese legado.\u00a0<\/p>\n<p class=\"c-cuerpo__media__txt\">Edificio del Archivo General de la Naci\u00f3n, dise\u00f1ado por Rogelio Salmona Foto:CEET<\/p>\n<p><b>El apartamento en donde se hizo esta modificaci\u00f3n queda en un edificio llamado Altos de Santa Ana. \u00bfRecuerda c\u00f3mo lleg\u00f3<\/b>\u00a0Salmona\u00a0a dise\u00f1ar los apartamentos que hay ah\u00ed?<\/p>\n<p>Recuerdo que ese era\u00a0un lote muy, muy inclinado y por eso hab\u00eda una propuesta que era un proyecto que se iba escalonando, donde cada apartamento pudiera tener una terraza y esa relaci\u00f3n con el paisaje.\u00a0Era un proyecto grande donde se lee muy claramente esa propuesta de \u00e9l de pegarse al cerro, de generar terrazas, de tener unas chimeneas, que se pudiera tener una calidez al interior, pero que se volvieran casi como un elemento tambi\u00e9n que identifica esa arquitectura. Va de la mano con muchos proyectos que \u00e9l hizo sobre la misma idea. Entonces, esa es parte de esa apuesta del edificio.<\/p>\n<p><b>\u00bfCu\u00e1les son las cuatro obras que<\/b>\u00a0fueron presentadas\u00a0ante la Unesco?<\/p>\n<p>Se hizo una propuesta serial. Uno lo presenta como una sola obra que est\u00e1 compuesta por cuatro proyectos. Ellos lo llaman una propuesta serial, que est\u00e1 conformada por cuatro componentes: las Torres del Parque, el Archivo General de la Naci\u00f3n, el edificio de Posgrados de Ciencias Humanas de la Universidad Nacional y la Biblioteca del Parque Virgilio Barco. En este momento se ha suscitado todo esto de si tiene valor la escalera o no, si es patrimonio o no, porque pues todo eso se pregunta: que, si est\u00e1 al interior de una casa, \u00bfes patrimonio?, \u00bfse puede tumbar o no se puede tumbar?<\/p>\n<p>Hay mucho desconocimiento de lo que significa un Bien de Inter\u00e9s Cultural, \u00bfcierto? Cuando se declara es porque tiene unos valores que deben conservarse. \u00bfY por qu\u00e9 se protege un patrimonio? Porque el patrimonio es parte de nuestra memoria, de la memoria de nuestra ciudad y de la memoria arquitect\u00f3nica de un pa\u00eds. Se muestra c\u00f3mo, a trav\u00e9s de las \u00e9pocas, la arquitectura va respondiendo a unos ideales pol\u00edticos, sociales y culturales. Y por eso es muy, muy importante. No importa si se ve una obra de los a\u00f1os 50, 60, 70 o 90.<\/p>\n<p>Salmona hizo que sus piezas de arte fuesen habitables, \u00bfc\u00f3mo comulga\u00a0ese concepto con el hecho de que\u00a0las escaleras est\u00e1n en\u00a0una propiedad privada y\u00a0pueden ajustarse a otras necesidades\u00a0de dise\u00f1o que los due\u00f1os\u00a0tengan?<\/p>\n<p>Ese es\u00a0todo\u00a0un tema. La obra de Rogelio no le gusta a todo el mundo.\u00a0Hay personas que dicen: \u201cNo, a m\u00ed nada de lo que \u00e9l hizo me llena. Yo voy por otro lado, yo tengo otro enfoque, yo tengo otra mirada\u201d. Y eso es muy v\u00e1lido. No todos comulgamos con la misma postura frente a la arquitectura, con la misma postura frente a la ciudad.\u00a0Si alguien compra una obra, un apartamento de esa jerarqu\u00eda, pues est\u00e1 en realidad adquiriendo un recurso grande, porque sabe que tiene unas limitaciones. Porque si es un Bien de Inter\u00e9s Cultural, tienes unas limitaciones.<\/p>\n<p>Hay que preservar de acuerdo con los niveles o los grados de conservaci\u00f3n en los que est\u00e9 catalogado.\u00a0Si no le gustaba la obra&#8230;<\/p>\n<p>Desde el momento en que se compra un bien, se sabe que tiene una declaratoria de inter\u00e9s cultural en un certificado de libertad y tradici\u00f3n.\u00a0Si uno no es arquitecto, a lo mejor no sabe las implicaciones que eso puede tener.\u00a0Yo creo que por ah\u00ed hay un tema tambi\u00e9n de\u00a0desconocimiento.\u00a0Y todo este debate, sin duda, va a servir como para que se tenga presente la importancia de un patrimonio, la importancia de preservarlo y las limitaciones que puede tener intervenirlo libremente cuando est\u00e1 declarado patrimonio.<\/p>\n<p class=\"c-cuerpo__media__txt\">La Biblioteca Virgilio Barco fue dise\u00f1ada por Rogelio Salmona. Foto:Carlos Julio Mart\u00ednez<\/p>\n<p><b>\u00bfSabe si se han\u00a0conservado\u00a0los otros\u00a0bienes del arquitecto?<\/b><\/p>\n<p>De m\u00e1s o menos 78 u 80 obras que hizo Rogelio, 35 son declaradas Bien de Inter\u00e9s Cultural, unas de \u00e1mbito nacional y otras distrital. Eso te muestra que m\u00e1s o menos la mitad de su obra construida, quiero decir, estaba declarada.\u00a0Y eso pues tambi\u00e9n muestra el valor que tiene esa obra.\u00a0La gente busca obras de\u00a0Salmona\u00a0porque van acorde con esa postura, con\u00a0esa manera de crear espacialmente lo que es un h\u00e1bitat.\u00a0Y no solo eso, sino cu\u00e1les son las relaciones de esa arquitectura con la ciudad, con el entorno, cu\u00e1l es el manejo del material que va a garantizar que la obra pueda permanecer en el tiempo.\u00a0<\/p>\n<p>Mar\u00eda Jimena Delgado D\u00edaz\u00a0<\/p>\n<p>Periodista de Cultura\u00a0<\/p>\n<p>@Mariajimena_delgadod<\/p>\n","protected":false},"excerpt":{"rendered":"Colombia ha reaccionado con fuertes cr\u00edticas a un video publicado en las redes sociales en el que el&hellip;\n","protected":false},"author":2,"featured_media":742665,"comment_status":"","ping_status":"","sticky":false,"template":"","format":"standard","meta":{"footnotes":""},"categories":[173],"tags":[229,233,231,230,3008,232,234,44742,146,147,25,24,1932,131523,23,1299],"class_list":["post-742664","post","type-post","status-publish","format-standard","has-post-thumbnail","category-arte-y-diseno","tag-arte","tag-arte-y-diseno","tag-arts","tag-arts-and-design","tag-de","tag-design","tag-diseno","tag-elvira","tag-entertainment","tag-entretenimiento","tag-es","tag-espana","tag-maria","tag-salmona","tag-spain","tag-viuda"],"share_on_mastodon":{"url":"https:\/\/pubeurope.com\/@es\/117197647758334579","error":""},"_links":{"self":[{"href":"https:\/\/www.europesays.com\/es\/wp-json\/wp\/v2\/posts\/742664","targetHints":{"allow":["GET"]}}],"collection":[{"href":"https:\/\/www.europesays.com\/es\/wp-json\/wp\/v2\/posts"}],"about":[{"href":"https:\/\/www.europesays.com\/es\/wp-json\/wp\/v2\/types\/post"}],"author":[{"embeddable":true,"href":"https:\/\/www.europesays.com\/es\/wp-json\/wp\/v2\/users\/2"}],"replies":[{"embeddable":true,"href":"https:\/\/www.europesays.com\/es\/wp-json\/wp\/v2\/comments?post=742664"}],"version-history":[{"count":0,"href":"https:\/\/www.europesays.com\/es\/wp-json\/wp\/v2\/posts\/742664\/revisions"}],"wp:featuredmedia":[{"embeddable":true,"href":"https:\/\/www.europesays.com\/es\/wp-json\/wp\/v2\/media\/742665"}],"wp:attachment":[{"href":"https:\/\/www.europesays.com\/es\/wp-json\/wp\/v2\/media?parent=742664"}],"wp:term":[{"taxonomy":"category","embeddable":true,"href":"https:\/\/www.europesays.com\/es\/wp-json\/wp\/v2\/categories?post=742664"},{"taxonomy":"post_tag","embeddable":true,"href":"https:\/\/www.europesays.com\/es\/wp-json\/wp\/v2\/tags?post=742664"}],"curies":[{"name":"wp","href":"https:\/\/api.w.org\/{rel}","templated":true}]}}