{"id":742672,"date":"2026-09-01T20:26:21","date_gmt":"2026-09-01T20:26:21","guid":{"rendered":"https:\/\/www.europesays.com\/es\/742672\/"},"modified":"2026-09-01T20:26:21","modified_gmt":"2026-09-01T20:26:21","slug":"en-directo-ultimo-dia-del-mercado-de-fichajes-consulta-las-operaciones-mas-importantes","status":"publish","type":"post","link":"https:\/\/www.europesays.com\/es\/742672\/","title":{"rendered":"En directo: \u00faltimo d\u00eda del mercado de fichajes; \u00a1consulta las operaciones m\u00e1s importantes!"},"content":{"rendered":"<p data-testid=\"article-teaser\">Sigue las noticias m\u00e1s importantes de la \u00faltima jornada del mercado de fichajes de verano en las grandes ligas europeas<\/p>\n<p>Los aficionados al f\u00fatbol de todo el mundo dirigen su atenci\u00f3n al \u00faltimo d\u00eda del mercado de fichajes de verano de 2026, con la proximidad de la fecha l\u00edmite para cerrar operaciones en varias de las grandes ligas europeas, en medio de una carrera fren\u00e9tica entre los clubes por concretar sus \u00faltimas incorporaciones antes de que caiga el tel\u00f3n del periodo de traspasos.<\/p>\n<p>En este tema en directo, seguimos con ustedes durante las 24 horas las \u00faltimas noticias y movimientos del mercado de fichajes en Europa y en varias ligas del mundo, incluidos los fichajes oficiales, las negociaciones en curso, los traspasos previstos y las novedades m\u00e1s destacadas que podr\u00edan darse en las \u00faltimas horas antes del cierre.<\/p>\n<p>El mercado de fichajes de verano en Italia, Francia y Alemania finaliza a las 21:00 de hoy martes, hora de La Meca.<\/p>\n<p>En cuanto a la Liga espa\u00f1ola, su ventana cierra a las 00:59 de la madrugada de ma\u00f1ana mi\u00e9rcoles, mientras que la fecha l\u00edmite en la Premier League se extiende hasta la 1:00 de la madrugada de ese mismo d\u00eda.<\/p>\n<p>Y lejos de las grandes ligas europeas, la segunda ventana de fichajes en la liga estadounidense finaliza ma\u00f1ana mi\u00e9rcoles, mientras que el mercado de fichajes en los Pa\u00edses Bajos cierra ese mismo d\u00eda.<\/p>\n<p>En cuanto a Turqu\u00eda, su ventana contin\u00faa hasta el pr\u00f3ximo viernes, mientras que el mercado de fichajes en M\u00e9xico finaliza el 11 de septiembre en curso, y el de Portugal el d\u00eda 15 del mismo mes, en tanto que la fecha l\u00edmite en Arabia Saud\u00ed se extiende hasta el pr\u00f3ximo 12 de octubre.<\/p>\n<p><strong>Pueden debatir los temas y las noticias con mayor profundidad en los foros de \u00abKooora\u00bb<\/strong><\/p>\n","protected":false},"excerpt":{"rendered":"Sigue las noticias m\u00e1s importantes de la \u00faltima jornada del mercado de fichajes de verano en las grandes&hellip;\n","protected":false},"author":2,"featured_media":742673,"comment_status":"","ping_status":"","sticky":false,"template":"","format":"standard","meta":{"footnotes":""},"categories":[93],"tags":[5031,210,9710,14015,168,25,24,25395,30060,2013,20114,3048,126586,23,167,81326,51805],"class_list":["post-742672","post","type-post","status-publish","format-standard","has-post-thumbnail","category-deportes","tag-arsenal","tag-barcelona","tag-bayern-munich","tag-chelsea","tag-deportes","tag-es","tag-espana","tag-inter","tag-inter-milan","tag-manchester-city","tag-paris-saint-germain","tag-real-madrid","tag-schalke-04","tag-spain","tag-sports","tag-ssc-napoles","tag-ssc-napoli"],"share_on_mastodon":{"url":"https:\/\/pubeurope.com\/@es\/117197667731009777","error":""},"_links":{"self":[{"href":"https:\/\/www.europesays.com\/es\/wp-json\/wp\/v2\/posts\/742672","targetHints":{"allow":["GET"]}}],"collection":[{"href":"https:\/\/www.europesays.com\/es\/wp-json\/wp\/v2\/posts"}],"about":[{"href":"https:\/\/www.europesays.com\/es\/wp-json\/wp\/v2\/types\/post"}],"author":[{"embeddable":true,"href":"https:\/\/www.europesays.com\/es\/wp-json\/wp\/v2\/users\/2"}],"replies":[{"embeddable":true,"href":"https:\/\/www.europesays.com\/es\/wp-json\/wp\/v2\/comments?post=742672"}],"version-history":[{"count":0,"href":"https:\/\/www.europesays.com\/es\/wp-json\/wp\/v2\/posts\/742672\/revisions"}],"wp:featuredmedia":[{"embeddable":true,"href":"https:\/\/www.europesays.com\/es\/wp-json\/wp\/v2\/media\/742673"}],"wp:attachment":[{"href":"https:\/\/www.europesays.com\/es\/wp-json\/wp\/v2\/media?parent=742672"}],"wp:term":[{"taxonomy":"category","embeddable":true,"href":"https:\/\/www.europesays.com\/es\/wp-json\/wp\/v2\/categories?post=742672"},{"taxonomy":"post_tag","embeddable":true,"href":"https:\/\/www.europesays.com\/es\/wp-json\/wp\/v2\/tags?post=742672"}],"curies":[{"name":"wp","href":"https:\/\/api.w.org\/{rel}","templated":true}]}}