{"id":742728,"date":"2026-09-01T21:03:17","date_gmt":"2026-09-01T21:03:17","guid":{"rendered":"https:\/\/www.europesays.com\/es\/742728\/"},"modified":"2026-09-01T21:03:17","modified_gmt":"2026-09-01T21:03:17","slug":"sorpresa-en-la-vuelta-con-victoria-del-frances-tronchon","status":"publish","type":"post","link":"https:\/\/www.europesays.com\/es\/742728\/","title":{"rendered":"Sorpresa en la Vuelta con victoria del franc\u00e9s Tronchon"},"content":{"rendered":"<p class=\"ft-text\">Hay d\u00edas en los que toca trabajar en equipo. En la carretera, los seis compa\u00f1eros que tiene <strong>Enric Mas<\/strong> en el <strong>Movistar<\/strong> lo protegen y se esfuerzan para que no le falte de nada y no tenga que pedalear m\u00e1s de la cuenta en una d\u00e9cima etapa que todos saben que acabar\u00e1 al esprint, que se finiquita a m\u00e1s de 44 kil\u00f3metros por hora de media y donde un franc\u00e9s, casi desconocido, <strong>Bastien Tronchon<\/strong> logra la victoria por sorpresa.<\/p>\n<p class=\"ft-text\">Unos cumplen el objetivo; <strong>Movistar <\/strong>que pase la etapa manchega de la carrera sin sobresaltos para ellos porque saben que si <strong>Mas <\/strong>logra la victoria ser\u00e1 un revulsivo para animar a Telef\u00f3nica a seguir vinculada al ciclismo m\u00e1s all\u00e1 de 2029 mientras buscan la llegada de un segundo patrocinador. De ello se encarga la agencia You First Gersh, dirigida por <strong>David Brabender<\/strong>, hijo de la leyenda madridista del baloncesto <strong>Wayne Brabender<\/strong>.<\/p>\n<p>Los auxiliares, sin descanso<\/p>\n<p class=\"ft-text\">Los ciclistas pedalean mientras los auxiliares, masajistas, mec\u00e1nicos y <strong>cocinero<\/strong> (todos los equipos preparan la comida para los corredores lejos de los men\u00fas de los hoteles) a dos horas largas en coche de la meta los esperan con todo preparado: las maletas en las habitaciones, las camillas abiertas para el masaje, los camiones mec\u00e1nicos con las herramientas a punto para reparar las bicis si hace falta y con el cocinero pasando por los supermercados de la zona de pernocta, los que utilizan los ciudadanos de a pie -las cadenas que todos conocen-, para efectuar la compra de v\u00edveres.<\/p>\n<p class=\"ft-text\">Desde muchas horas antes de que los ciclistas se pongan en acci\u00f3n los camiones, las furgonetas, el peque\u00f1o bus que se abre y amplia para que sirva de restaurante a los ciclistas ya est\u00e1n aparcados en <strong>zonas habilitadas en los hoteles<\/strong>, normalmente afuera de ciudades como Murcia. El traj\u00edn es constante y casi no da tiempo a los auxiliares para seguir por televisi\u00f3n los \u00faltimos kil\u00f3metros de la etapa.<\/p>\n<p>Todo lleno de coches<\/p>\n<p class=\"ft-text\">En poco tiempo todo se llena de veh\u00edculos de variado tama\u00f1o mientras los fugados pelean para que tenga \u00e9xito una escapada que todos saben que tiene las patas cortas porque son muchos los equipos que quieren comer un trozo del pastel y no hay suficiente tarta para todos.<\/p>\n<p class=\"ft-text\"><strong>Tronchon<\/strong> da la sorpresa. Con \u00e9l no se contaba en la mesa de la Vuelta. Suma, a los 24 a\u00f1os, la tercera victoria profesional en su primer a\u00f1o en el Groupama, equipo que pas\u00f3 por el Tour de inc\u00f3gnito, sin opciones de \u00e9xito como, por desgracia, le estaba sucediendo hasta ahora en casi todas las carreras.<\/p>\n<p class=\"ft-text\">Al poco de acabar la etapa, ya todo est\u00e1 dispuesto en los hoteles. Cada equipo lleva un m\u00e9dico, que no puede asistir a los corredores en competici\u00f3n porque esto es tarea exclusiva del equipo de especialistas contratado por la organizaci\u00f3n y que atiende a los corredores no s\u00f3lo en ca\u00eddas, sino en todo tipo de indisposiciones; desde una rozadura, a la picadura de un insecto, a la piel quemada por el sol o a un simple pero molesto dolor de cabeza.<\/p>\n<p class=\"ft-text\">Pero, en ocasiones, tienen que reaccionar r\u00e1pido cuando se producen accidentes graves como la que sufri\u00f3 <strong>Tadej Pogacar<\/strong> que lo apart\u00f3 de la Vuelta. El lunes por la tarde fue operado en Barcelona por el cirujano <strong>Xavier Mir<\/strong>. La intervenci\u00f3n tuvo lugar en el Hospital Universitari Dexeus. Sali\u00f3 todo bien pero el m\u00e9dico catal\u00e1n se encontr\u00f3 con un panorama complicado y tuvo que reconstruir la clav\u00edcula izquierda lo que deja pr\u00e1cticamente inviable la participaci\u00f3n del astro esloveno en el <strong>Mundial de Canad\u00e1<\/strong> que se disputa el 27 de septiembre en Montreal.<\/p>\n<p class=\"ft-text\">\u201cSiempre me pongo nervioso porque en cualquier momento pueden ocurrir mil cosas. Es la primera vez que soy l\u00edder por lo que quiero disfrutar cada segundo\u201d, reconoci\u00f3 <strong>Mas<\/strong> tras la etapa, porque sabe que si quitas un momento una mano del manillar para dejar el botell\u00edn en el portabidones puedes tropezar con una piedra y ver c\u00f3mo se esfuman los sue\u00f1os.<\/p>\n","protected":false},"excerpt":{"rendered":"Hay d\u00edas en los que toca trabajar en equipo. En la carretera, los seis compa\u00f1eros que tiene Enric&hellip;\n","protected":false},"author":2,"featured_media":742729,"comment_status":"","ping_status":"","sticky":false,"template":"","format":"standard","meta":{"footnotes":""},"categories":[273],"tags":[313,312,168,25,24,1820,5785,23,167,131689,1261,1357],"class_list":["post-742728","post","type-post","status-publish","format-standard","has-post-thumbnail","category-ciclismo","tag-ciclismo","tag-cycling","tag-deportes","tag-es","tag-espana","tag-frances","tag-sorpresa","tag-spain","tag-sports","tag-tronchon","tag-victoria","tag-vuelta"],"share_on_mastodon":{"url":"https:\/\/pubeurope.com\/@es\/117197812687058549","error":""},"_links":{"self":[{"href":"https:\/\/www.europesays.com\/es\/wp-json\/wp\/v2\/posts\/742728","targetHints":{"allow":["GET"]}}],"collection":[{"href":"https:\/\/www.europesays.com\/es\/wp-json\/wp\/v2\/posts"}],"about":[{"href":"https:\/\/www.europesays.com\/es\/wp-json\/wp\/v2\/types\/post"}],"author":[{"embeddable":true,"href":"https:\/\/www.europesays.com\/es\/wp-json\/wp\/v2\/users\/2"}],"replies":[{"embeddable":true,"href":"https:\/\/www.europesays.com\/es\/wp-json\/wp\/v2\/comments?post=742728"}],"version-history":[{"count":0,"href":"https:\/\/www.europesays.com\/es\/wp-json\/wp\/v2\/posts\/742728\/revisions"}],"wp:featuredmedia":[{"embeddable":true,"href":"https:\/\/www.europesays.com\/es\/wp-json\/wp\/v2\/media\/742729"}],"wp:attachment":[{"href":"https:\/\/www.europesays.com\/es\/wp-json\/wp\/v2\/media?parent=742728"}],"wp:term":[{"taxonomy":"category","embeddable":true,"href":"https:\/\/www.europesays.com\/es\/wp-json\/wp\/v2\/categories?post=742728"},{"taxonomy":"post_tag","embeddable":true,"href":"https:\/\/www.europesays.com\/es\/wp-json\/wp\/v2\/tags?post=742728"}],"curies":[{"name":"wp","href":"https:\/\/api.w.org\/{rel}","templated":true}]}}