{"id":742742,"date":"2026-09-01T21:13:12","date_gmt":"2026-09-01T21:13:12","guid":{"rendered":"https:\/\/www.europesays.com\/es\/742742\/"},"modified":"2026-09-01T21:13:12","modified_gmt":"2026-09-01T21:13:12","slug":"barbara-rey-recibira-el-premio-nosferatu-del-festival-de-sitges-como-actriz-iconica-del-fantaterror","status":"publish","type":"post","link":"https:\/\/www.europesays.com\/es\/742742\/","title":{"rendered":"B\u00e1rbara Rey recibir\u00e1 el Premio Nosferatu del Festival de Sitges como actriz ic\u00f3nica del fantaterror"},"content":{"rendered":"<p class=\"c-paragraph\"><b>B\u00e1rbara Rey<\/b>\u00a0recibir\u00e1 en Premio Nosferatu en la pr\u00f3xima edici\u00f3n del <a href=\"https:\/\/www.20minutos.es\/tags\/temas\/festival-de-sitges.html\" title=\"Festival de Sitges\" rel=\"nofollow noopener\" target=\"_blank\">Festival de Cine Fant\u00e1stico de Sitges, <\/a>cuya 59\u00aa edici\u00f3n se celebrar\u00e1 <b>del 8 al 18 de octubre<\/b> e incluir\u00e1 el 40 aniversario de la secci\u00f3n Brigadoon.<\/p>\n<p class=\"c-paragraph\">Con una larga trayectoria, <b>B\u00e1rbara Rey est\u00e1 considerada como una de las figuras \u00abm\u00e1s populares\u00bb del cine y la televisi\u00f3n de Espa\u00f1a <\/b>y el premio \u00abconmemora su v\u00ednculo con el g\u00e9nero, representado por su participaci\u00f3n en algunos t\u00edtulos destacados del cine fant\u00e1stico espa\u00f1ol\u00bb.<\/p>\n<p class=\"c-paragraph\">Entre estos filmes, destaca <b>El buque maldito<\/b> (1974), de <b>Amando de Ossorio, <\/b>una de las figuras esenciales del <b>fanterror. <\/b>La actriz colabor\u00f3, asimismo, con De Ossorio en <b>La noche de los brujos<\/b> (1974), y tambi\u00e9n particip\u00f3 en otras pel\u00edculas como <b>La muerte ronda a M\u00f3nica<\/b> (1977), de <b>Ram\u00f3n Fern\u00e1ndez; Carne apaleada<\/b> (1977), de<b> Javier Aguirre;<\/b> y en <b>Rostros<\/b> (1978), de <b>Juan Ignacio Galv\u00e1n.<\/b><\/p>\n<p>Brigadoon en el Festival de Sitges 2026<\/p>\n<p class=\"c-paragraph\">La secci\u00f3n Brigadoon, en sus cuatro d\u00e9cadas de historia, ha reivindicado el <b>cine fant\u00e1stico y de terror<\/b> y se ha consolidado como un espacio de \u00abdescubrimiento, recuperaci\u00f3n y reivindicaci\u00f3n de t\u00edtulos y autores fundamentales del g\u00e9nero, as\u00ed como de obras que han transitado por su margen y que merecen ser recuperadas para los nuevos espectadores\u00bb.<\/p>\n<p class=\"c-paragraph\">En esta edici\u00f3n, entre las propuestas seleccionadas, se encuentran <b>Francesco Barilli \u2013 Il cinema e la follia,<\/b> de<b> Luca Magri, <\/b>un repaso en torno al viaje de Barilli como artista, y <b>Gli anni d&#8217;oro di Dario Argento,<\/b> de <b>Luigi Cozzi, <\/b>sobre los a\u00f1os m\u00e1s destacados de la carrera de Dario Argento.<\/p>\n<p class=\"c-paragraph\">Del cine espa\u00f1ol se ofrecer\u00e1, <b>Forqu\u00e9, el oficio de hacer cine, <\/b>de <b>Rafael Maluenda <\/b>y<b> Gaizka Urresti,<\/b> y <b>Mockbuster, <\/b>de<b> Anthony Frith.\u00a0<\/b>Por otra parte, <b>Scum of the Earth: Creating America&#8217;s Rural Communities of Horror, <\/b>de <b>Xavier Mendik, <\/b>ser\u00e1 otro t\u00edtulo, igual que el documental <b>Gli ultimi di noi,<\/b> de <b>Giorgio Bruno.<\/b><\/p>\n<p class=\"c-paragraph\">Adem\u00e1s, en el apartado Spanish Archives se reivindicar\u00e1 la memoria del cine fant\u00e1stico espa\u00f1ol con una nueva sesi\u00f3n en<b> In Glorious VHS,<\/b> dedicada a recuperar pel\u00edculas olvidadas y de culto.<\/p>\n<p class=\"c-paragraph\">Habr\u00e1 dos sesiones con las proyecciones de <b>Sexy Cat,<\/b> de <b>Julio P\u00e9rez Tabernero,<\/b> y<b> Operaci\u00f3n Mantis (El exterminio del macho), <\/b>de <b>Jacinto Molina, <\/b>dos obras que han sobrevivido \u00abespecialmente gracias al recuerdo de los fans\u00bb.<\/p>\n<p class=\"c-paragraph\">Brigadoon incorpora tambi\u00e9n en su programaci\u00f3n nuevas propuestas de ficci\u00f3n que buscan conectar con este<b> esp\u00edritu de cine independiente y de g\u00e9nero.\u00a0<\/b><\/p>\n","protected":false},"excerpt":{"rendered":"B\u00e1rbara Rey\u00a0recibir\u00e1 en Premio Nosferatu en la pr\u00f3xima edici\u00f3n del Festival de Cine Fant\u00e1stico de Sitges, cuya 59\u00aa&hellip;\n","protected":false},"author":2,"featured_media":742743,"comment_status":"","ping_status":"","sticky":false,"template":"","format":"standard","meta":{"footnotes":""},"categories":[169],"tags":[41541,131721,177,3951,146,147,25,24,131720,176,175,131719,23],"class_list":["post-742742","post","type-post","status-publish","format-standard","has-post-thumbnail","category-cine","tag-barbara-rey","tag-brigadoon","tag-cine","tag-cine-de-terror","tag-entertainment","tag-entretenimiento","tag-es","tag-espana","tag-festival-de-sitges","tag-film","tag-movies","tag-premio-nosferatu","tag-spain"],"share_on_mastodon":{"url":"https:\/\/pubeurope.com\/@es\/117197852338827784","error":""},"_links":{"self":[{"href":"https:\/\/www.europesays.com\/es\/wp-json\/wp\/v2\/posts\/742742","targetHints":{"allow":["GET"]}}],"collection":[{"href":"https:\/\/www.europesays.com\/es\/wp-json\/wp\/v2\/posts"}],"about":[{"href":"https:\/\/www.europesays.com\/es\/wp-json\/wp\/v2\/types\/post"}],"author":[{"embeddable":true,"href":"https:\/\/www.europesays.com\/es\/wp-json\/wp\/v2\/users\/2"}],"replies":[{"embeddable":true,"href":"https:\/\/www.europesays.com\/es\/wp-json\/wp\/v2\/comments?post=742742"}],"version-history":[{"count":0,"href":"https:\/\/www.europesays.com\/es\/wp-json\/wp\/v2\/posts\/742742\/revisions"}],"wp:featuredmedia":[{"embeddable":true,"href":"https:\/\/www.europesays.com\/es\/wp-json\/wp\/v2\/media\/742743"}],"wp:attachment":[{"href":"https:\/\/www.europesays.com\/es\/wp-json\/wp\/v2\/media?parent=742742"}],"wp:term":[{"taxonomy":"category","embeddable":true,"href":"https:\/\/www.europesays.com\/es\/wp-json\/wp\/v2\/categories?post=742742"},{"taxonomy":"post_tag","embeddable":true,"href":"https:\/\/www.europesays.com\/es\/wp-json\/wp\/v2\/tags?post=742742"}],"curies":[{"name":"wp","href":"https:\/\/api.w.org\/{rel}","templated":true}]}}