{"id":742756,"date":"2026-09-01T21:20:22","date_gmt":"2026-09-01T21:20:22","guid":{"rendered":"https:\/\/www.europesays.com\/es\/742756\/"},"modified":"2026-09-01T21:20:22","modified_gmt":"2026-09-01T21:20:22","slug":"la-ertzaintza-libera-a-una-mujer-retenida-por-un-hombre-en-un-piso-de-bilbao","status":"publish","type":"post","link":"https:\/\/www.europesays.com\/es\/742756\/","title":{"rendered":"La Ertzaintza libera a una mujer retenida por un hombre en un piso de Bilbao"},"content":{"rendered":"<p>\n        <strong>La Ertzaintza ha liberado a una mujer que permanec\u00eda retenida por un hombre en un piso de <\/strong><a href=\"https:\/\/www.deia.eus\/bilbao\/\" title=\"Bilbao\" class=\"link copy\" rel=\"nofollow noopener\" target=\"_blank\">Bilbao<\/a>, seg\u00fan ha podido confirmar este peri\u00f3dico por fuentes cercanas al caso. Los hechos han tenido lugar a primera hora de la tarde de este martes en una vivienda ubicada en un bloque situado en la confluencia de las calles Hurtado de Am\u00e9zaga y Garc\u00eda Salazar, <strong>es decir, en pleno centro de la capital vizcaina.<\/strong>\n<\/p>\n<p class=\"article-body__text \">\n        Seg\u00fan las fuentes consultadas por DEIA, <strong>se trata de dos personas conocidas que se encontraban juntas en el interior de la vivienda cuando se ha producido el incidente<\/strong>. Al parecer, el hombre habr\u00eda sufrido un <strong>brote psic\u00f3tico<\/strong>, una situaci\u00f3n que habr\u00eda provocado que impidiera a la mujer abandonar el domicilio y que ha obligado a movilizar a los servicios de emergencia hasta el lugar.\n<\/p>\n<p class=\"article-body__text \">\n        La situaci\u00f3n ha requerido la intervenci\u00f3n de la Ertzaintza, que ha activado el protocolo habitual previsto para este tipo de situaciones. Hasta el lugar se han desplazado varios agentes, entre ellos efectivos del equipo Bizkor, especializado en intervenciones de riesgo. Antes de acceder al inmueble, <strong>los agentes han tratado de negociar con el hombre para intentar que modificara su conducta y permitiera la salida de la mujer.<\/strong>\n<\/p>\n<p>  Amenaza con quitarse la vida<\/p>\n<p class=\"article-body__text \">\n        Sin embargo, seg\u00fan las mismas fuentes, el hombre se habr\u00eda negado a abrir la puerta del domicilio, por lo que <strong>finalmente ha sido necesaria la intervenci\u00f3n policial para acceder al interior de la vivienda<\/strong>. Una vez dentro, <strong>los agentes han logrado reducir al hombre y liberar a la mujer, que ha podido abandonar el piso.<\/strong>\n<\/p>\n<p class=\"article-body__text \">\n        La intervenci\u00f3n se ha producido instantes despu\u00e9s de que el hombre haya protagonizado adem\u00e1s un episodio de especial tensi\u00f3n en el edificio. <strong>Este habr\u00eda amenazado con quitarse la vida<\/strong>, lo que ha elevado el nivel de riesgo de la actuaci\u00f3n y <strong>ha llevado a extremar las precauciones durante el operativo desplegado en la zona.<\/strong>\n<\/p>\n<p class=\"article-body__text \">\n        De hecho, hasta el lugar de los hechos se han movilizado efectivos de la Ertzaintza, Polic\u00eda Municipal de Bilbao, Bomberos de Bilbao y los servicios sanitarios. Una vez all\u00ed <strong>se han desplegado por el edificio colocando diferentes colchonetas en caso de que el hombre haya decidido saltar.<\/strong>\n<\/p>\n<p class=\"article-body__text \">\n        Finalmente, el hombre ha sido sacado del inmueble custodiado por varios agentes de la Ertzaintza. Ya en el exterior, <strong>los servicios de emergencia desplazados han comenzado a atenderle antes de proceder a su traslado al <\/strong><a href=\"https:\/\/www.deia.eus\/tags\/hospital-de-basurto\/\" title=\"Hospital de Basurto\" class=\"link copy\" rel=\"nofollow noopener\" target=\"_blank\"><strong>Hospital de Basurto<\/strong><\/a><strong>.<\/strong>\n<\/p>\n<p class=\"article-body__text \">\n        Desde el departamento de Seguridad del Gobierno Vasco han confirmado que, tras recibirse la llamada alertando de lo que ha ocurrido en el interior del piso, se ha activado el protocolo habitual en este tipo de situaciones. <strong>La actuaci\u00f3n ha permitido controlar el incidente y poner a salvo a la mujer que ha sido retenida en el domicilio.<\/strong><\/p>\n","protected":false},"excerpt":{"rendered":"La Ertzaintza ha liberado a una mujer que permanec\u00eda retenida por un hombre en un piso de Bilbao,&hellip;\n","protected":false},"author":2,"featured_media":742757,"comment_status":"","ping_status":"","sticky":false,"template":"","format":"standard","meta":{"footnotes":""},"categories":[8],"tags":[2601,17,18,6246,25,24,13,14,11,366,19,20,63963,2461,9,10,15,16,27733,24372,23,12,21,22],"class_list":["post-742756","post","type-post","status-publish","format-standard","has-post-thumbnail","category-espana","tag-bilbao","tag-breaking-news","tag-breakingnews","tag-ertzaintza","tag-es","tag-espana","tag-featured-news","tag-featurednews","tag-headlines","tag-hombre","tag-latest-news","tag-latestnews","tag-libera","tag-mujer","tag-news","tag-noticias","tag-noticias-destacadas","tag-noticiasdestacadas","tag-piso","tag-retenida","tag-spain","tag-titulares","tag-ultimas-noticias","tag-ultimasnoticias"],"share_on_mastodon":{"url":"https:\/\/pubeurope.com\/@es\/117197881207917379","error":""},"_links":{"self":[{"href":"https:\/\/www.europesays.com\/es\/wp-json\/wp\/v2\/posts\/742756","targetHints":{"allow":["GET"]}}],"collection":[{"href":"https:\/\/www.europesays.com\/es\/wp-json\/wp\/v2\/posts"}],"about":[{"href":"https:\/\/www.europesays.com\/es\/wp-json\/wp\/v2\/types\/post"}],"author":[{"embeddable":true,"href":"https:\/\/www.europesays.com\/es\/wp-json\/wp\/v2\/users\/2"}],"replies":[{"embeddable":true,"href":"https:\/\/www.europesays.com\/es\/wp-json\/wp\/v2\/comments?post=742756"}],"version-history":[{"count":0,"href":"https:\/\/www.europesays.com\/es\/wp-json\/wp\/v2\/posts\/742756\/revisions"}],"wp:featuredmedia":[{"embeddable":true,"href":"https:\/\/www.europesays.com\/es\/wp-json\/wp\/v2\/media\/742757"}],"wp:attachment":[{"href":"https:\/\/www.europesays.com\/es\/wp-json\/wp\/v2\/media?parent=742756"}],"wp:term":[{"taxonomy":"category","embeddable":true,"href":"https:\/\/www.europesays.com\/es\/wp-json\/wp\/v2\/categories?post=742756"},{"taxonomy":"post_tag","embeddable":true,"href":"https:\/\/www.europesays.com\/es\/wp-json\/wp\/v2\/tags?post=742756"}],"curies":[{"name":"wp","href":"https:\/\/api.w.org\/{rel}","templated":true}]}}