{"id":742764,"date":"2026-09-01T21:27:08","date_gmt":"2026-09-01T21:27:08","guid":{"rendered":"https:\/\/www.europesays.com\/es\/742764\/"},"modified":"2026-09-01T21:27:08","modified_gmt":"2026-09-01T21:27:08","slug":"chiara-teocchi-del-bh-coloma-en-silla-de-ruedas-tras-sufrir-una-caida","status":"publish","type":"post","link":"https:\/\/www.europesays.com\/es\/742764\/","title":{"rendered":"Chiara Teocchi, del BH Coloma, en silla de ruedas tras sufrir una ca\u00edda"},"content":{"rendered":"<p style=\"\">\u00abDurante una hora estuve muerta\u00bb. Son las palabras con las que Chiara Teocchi ha explicado uno de los momentos m\u00e1s delicados de los \u00faltimos  &#8230; meses, despu\u00e9s de que la operaci\u00f3n a la que fue sometida tras su grave ca\u00edda en la Copa del Mundo de La Thuile se complicara por una reacci\u00f3n a la anestesia. La ciclista italiana del BH Coloma Team ha roto ahora su silencio para contar c\u00f3mo se encuentra y afrontar una recuperaci\u00f3n que, por el momento, le obliga a desplazarse en silla de ruedas.<\/p>\n<p class=\"v-d-p\" style=\"\">Hay que remontarse al pasado 5 de julio para situar el origen de todo. Teocchi sufri\u00f3 una dura ca\u00edda durante la prueba en Italia y tuvo que ser evacuada en helic\u00f3ptero hasta un hospital. Las primeras informaciones facilitadas entonces por el equipo riojano apuntaban a que la corredora se encontraba consciente y fuera de peligro, dentro de la gravedad del accidente. Sin embargo, su evoluci\u00f3n posterior fue m\u00e1s complicada de lo que se conoci\u00f3 en aquel momento. Despu\u00e9s de permanecer inicialmente ingresada en Augusta, Teocchi decidi\u00f3 trasladarse al hospital de B\u00e9rgamo. All\u00ed, nuevas pruebas determinaron que hab\u00eda sufrido una lesi\u00f3n medular y los m\u00e9dicos decidieron intervenirla quir\u00fargicamente.<\/p>\n<p class=\"v-d-p\" style=\"\">Fue durante esa operaci\u00f3n cuando se produjo el episodio que propici\u00f3 todo lo dem\u00e1s. \u00abPor desgracia, durante la operaci\u00f3n sufr\u00ed una reacci\u00f3n al\u00e9rgica a la anestesia y estuve durante una hora en parada card\u00edaca\u00bb, explica la italiana en un v\u00eddeo publicado en sus redes sociales.<\/p>\n<p class=\"v-d-p\" style=\"\">La intervenci\u00f3n del equipo m\u00e9dico permiti\u00f3 reanimarla. \u00abPor suerte, todo el equipo del hospital de B\u00e9rgamo consigui\u00f3 salvarme la vida. Y aqu\u00ed estoy. He ganado la mejor carrera de mi vida, la m\u00e1s importante\u00bb, relata Teocchi con una enorme entereza.<\/p>\n<p class=\"v-d-p\" style=\"\">La operaci\u00f3n de espalda, adem\u00e1s, no tuvo el resultado esperado oblig\u00e1ndola a tener que desplazarse, por el momento, en silla de ruedas: \u00abAs\u00ed que ahora tengo una nueva mejor amiga, no s\u00e9 durante cu\u00e1nto tiempo\u00bb, asume la italiana. Su objetivo pasa ahora por trabajar en la recuperaci\u00f3n y tratar de recuperar la movilidad con la vista puesta en volver a andar en un futuro. Ser\u00e1 un proceso largo, con rehabilitaci\u00f3n especializada y diferentes necesidades m\u00e9dicas y de equipamiento, mientras la evoluci\u00f3n de su lesi\u00f3n determinar\u00e1 los siguientes pasos.<\/p>\n<p class=\"v-d-p\" style=\"\">Para ayudar a afrontar los gastos de este proceso, Teocchi ha puesto en marcha una campa\u00f1a de recaudaci\u00f3n de fondos a trav\u00e9s de GoFundMe, bajo el nombre &#8216;Chiara&#8217;s Journey to Recovery&#8217;. La iniciativa tiene como objetivo contribuir a financiar su recuperaci\u00f3n y los diferentes recursos que pueda necesitar durante los pr\u00f3ximos meses. La campa\u00f1a se ha fijado inicialmente una meta de 30.000 euros, mientras Chiara Teocchi afronta ahora una recuperaci\u00f3n que se presupone sea dura pero que afronta con mentalidad positiva: \u00abEstoy realmente agradecida a todo el mundo. Me mantengo muy positiva y estoy trabajando muy duro para volver a caminar. Pero solo el tiempo y Dios nos dir\u00e1n qu\u00e9 suceder\u00e1\u00bb.<\/p>\n","protected":false},"excerpt":{"rendered":"\u00abDurante una hora estuve muerta\u00bb. Son las palabras con las que Chiara Teocchi ha explicado uno de los&hellip;\n","protected":false},"author":2,"featured_media":742765,"comment_status":"","ping_status":"","sticky":false,"template":"","format":"standard","meta":{"footnotes":""},"categories":[273],"tags":[4205,131723,7560,20867,313,312,168,25,24,23,167,131705],"class_list":["post-742764","post","type-post","status-publish","format-standard","has-post-thumbnail","category-ciclismo","tag-accidente","tag-bhcoloma","tag-bicicleta","tag-chiara","tag-ciclismo","tag-cycling","tag-deportes","tag-es","tag-espana","tag-spain","tag-sports","tag-teocchi"],"share_on_mastodon":{"url":"","error":""},"_links":{"self":[{"href":"https:\/\/www.europesays.com\/es\/wp-json\/wp\/v2\/posts\/742764","targetHints":{"allow":["GET"]}}],"collection":[{"href":"https:\/\/www.europesays.com\/es\/wp-json\/wp\/v2\/posts"}],"about":[{"href":"https:\/\/www.europesays.com\/es\/wp-json\/wp\/v2\/types\/post"}],"author":[{"embeddable":true,"href":"https:\/\/www.europesays.com\/es\/wp-json\/wp\/v2\/users\/2"}],"replies":[{"embeddable":true,"href":"https:\/\/www.europesays.com\/es\/wp-json\/wp\/v2\/comments?post=742764"}],"version-history":[{"count":0,"href":"https:\/\/www.europesays.com\/es\/wp-json\/wp\/v2\/posts\/742764\/revisions"}],"wp:featuredmedia":[{"embeddable":true,"href":"https:\/\/www.europesays.com\/es\/wp-json\/wp\/v2\/media\/742765"}],"wp:attachment":[{"href":"https:\/\/www.europesays.com\/es\/wp-json\/wp\/v2\/media?parent=742764"}],"wp:term":[{"taxonomy":"category","embeddable":true,"href":"https:\/\/www.europesays.com\/es\/wp-json\/wp\/v2\/categories?post=742764"},{"taxonomy":"post_tag","embeddable":true,"href":"https:\/\/www.europesays.com\/es\/wp-json\/wp\/v2\/tags?post=742764"}],"curies":[{"name":"wp","href":"https:\/\/api.w.org\/{rel}","templated":true}]}}