{"id":742772,"date":"2026-09-01T21:33:13","date_gmt":"2026-09-01T21:33:13","guid":{"rendered":"https:\/\/www.europesays.com\/es\/742772\/"},"modified":"2026-09-01T21:33:13","modified_gmt":"2026-09-01T21:33:13","slug":"la-entrada-de-barcelona-cambia-de-skyline-una-segunda-torre-de-100-metros-ya-se-levanta","status":"publish","type":"post","link":"https:\/\/www.europesays.com\/es\/742772\/","title":{"rendered":"La entrada de Barcelona cambia de \u2018skyline\u2019: una segunda torre de 100 metros ya se levanta"},"content":{"rendered":"<p class=\"c-paragraph\">Algunos han pasado unos cuantos d\u00edas fuera de <a href=\"https:\/\/www.20minutos.es\/cataluna\/barcelona\/\" rel=\"nofollow noopener\" target=\"_blank\">Barcelona<\/a> y para su sorpresa cuando regresen (si lo hacen por la entrada sur) se encontrar\u00e1n con <b>un skyline que est\u00e1 cambiando a la velocidad de la luz<\/b>. Se trata de la Innovation Tower, una mole de casi 100 metros llamada a articular lo que <b>algunos ya han bautizado como La D\u00e9fense barcelonesa, aunque se trate del complejo\u00a0Porta Diagonal.<\/b><\/p>\n<p class=\"c-paragraph\"><b>Atr\u00e1s queda la breve imagen de una enorme torre solitaria que empez\u00f3 a despuntar junto a Collserola<\/b>: las obras de su segundo rascacielos avanzan en Finestrelles y empiezan a dibujar la pareja de edificios de gran altura que presidir\u00e1 este acceso metropolitano.<\/p>\n<p class=\"c-paragraph\">La comparaci\u00f3n con el distrito administrativo de Par\u00eds, usada por la prensa local, pone sobre la mesa<b>\u00a0<\/b>la semejanza del proyecto que ahora despunta con el modelo franc\u00e9s de <b>crear un nuevo polo empresarial y de innovaci\u00f3n, marcado por edificios de gran altura en uno de los principales accesos a la ciudad<\/b>: estos dos rascacielos no estar\u00e1n solos a los pies de Collserola, sino que ir\u00e1n rodeados de edificios de investigaci\u00f3n e innovaci\u00f3n.<\/p>\n<p class=\"c-paragraph\">Dise\u00f1ada por <a href=\"https:\/\/www.batlleiroig.com\/es\/newsfeed\/porta-diagonal-un-emblematic-projecte-en-marxa-al-sector-de-finestrelles\/\" rel=\"nofollow noreferrer noopener\" target=\"_blank\">Batlleiroig<\/a>, esa<b>\u00a0primera torre ya est\u00e1 en funcionamiento tras abrir\u00a0como Aparto Diagonal Suites<\/b>, promovido por Hines y Grupo Sacresa, con 526 habitaciones, 22 plantas y unos 21.000 metros cuadrados. Con cerca de 100 metros de altura, se ha convertido en la primera pieza visible del futuro complejo.  <\/p>\n<p class=\"c-paragraph\">A pocos metros, la Innovation Tower es la que ahora empieza a cambiar de nuevo la imagen del lugar. Promovida por Emesa y OnixRenta y dise\u00f1adaDise\u00f1ada por GCA Architects, <b>tendr\u00e1<\/b> <b>20.700 metros cuadrados, 23 plantas y 100 metros de altura<\/b>. Sus obras comenzaron a finales de 2025 y el calendario sit\u00faa su finalizaci\u00f3n en el primer trimestre de 2028.  <\/p>\n<p class=\"c-paragraph\">Tal como se puede apreciar, y comparte la promotora en redes sociales, <b>el proyecto<\/b> <b>sigue avanzando a buen ritmo<\/b>: los fundamentos y las estructuras ya est\u00e1n sobre el terreno y la construcci\u00f3n ahora se centra en ganar altura, piso a piso, sin tregua.<\/p>\n<p>Avisos en altura hasta noviembre de 2026<\/p>\n<p class=\"c-paragraph\">Aunque no se conocen los plazos concretos m\u00e1s all\u00e1 del planning general de la promotora, el gestor aeroportuario<b> Enaire\u00a0mantiene hasta el 27 de noviembre de 2026 un <a href=\"https:\/\/aip.enaire.es\/aip\/contenido_SUP\/LE_SUP_2025_225_en.html\" rel=\"nofollow noreferrer noopener\" target=\"_blank\">aviso<\/a> aeron\u00e1utico espec\u00edfico por las obras de la Torre Porta Diagonal<\/b>, debido a su proximidad al aeropuerto, en el que aparecen estructuras de obra que alcanzan entre 98 y 100 metros de altura y una cota m\u00e1xima de 217 metros sobre el nivel del mar.  <\/p>\n<p class=\"c-paragraph\">A diferencia de su torre casi gemela, el edificio <b>estar\u00e1 dedicado principalmente a<\/b> <b>oficinas corporativas, espacios de trabajo flexibles y laboratorios<\/b>, adem\u00e1s de incorporar usos comerciales en las plantas inferiores. Su proximidad al Hospital Sant Joan de D\u00e9u y al futuro Campus Cl\u00ednic forma parte de <b>una transformaci\u00f3n mucho mayor de este extremo de la Diagonal,<\/b> que el Ayuntamiento de Esplugues quiere consolidar como nueva centralidad de salud, investigaci\u00f3n e innovaci\u00f3n.  <\/p>\n<p>Un amplio proyecto muy contestado<\/p>\n<p class=\"c-paragraph\">De hecho, la transformaci\u00f3n no termina ah\u00ed: <b>Porta Diagonal contempla en total<\/b> <b>seis edificios y unos 90.000 metros cuadrados<\/b> destinados a hotel, oficinas, comercio, formaci\u00f3n, asistencia m\u00e9dica e investigaci\u00f3n en salud y biomedicina. <b>El proyecto tiene sus ra\u00edces en el antiguo<\/b> <b>Pla Caufec<\/b>, cuya transformaci\u00f3n urban\u00edstica provoc\u00f3 durante a\u00f1os una fuerte contestaci\u00f3n vecinal por su impacto sobre la falda de Collserola.<\/p>\n<p class=\"c-paragraph\">Lo que durante buena parte de 2025 era todav\u00eda la imagen de <b>una torre enorme y pr\u00e1cticamente aislada<\/b> empieza as\u00ed a cambiar con la vuelta a la rutina. La segunda ya se levanta a su lado y, cuando alcance su altura definitiva, las dos marcar\u00e1n desde la distancia el punto donde pr\u00e1cticamente termina la Diagonal y Barcelona se encuentra con Esplugues.<\/p>\n","protected":false},"excerpt":{"rendered":"Algunos han pasado unos cuantos d\u00edas fuera de Barcelona y para su sorpresa cuando regresen (si lo hacen&hellip;\n","protected":false},"author":2,"featured_media":742773,"comment_status":"","ping_status":"","sticky":false,"template":"","format":"standard","meta":{"footnotes":""},"categories":[173],"tags":[52585,229,233,231,230,210,232,234,146,147,25,24,73009,2239,23,2965],"class_list":["post-742772","post","type-post","status-publish","format-standard","has-post-thumbnail","category-arte-y-diseno","tag-20loc","tag-arte","tag-arte-y-diseno","tag-arts","tag-arts-and-design","tag-barcelona","tag-design","tag-diseno","tag-entertainment","tag-entretenimiento","tag-es","tag-espana","tag-porta-diagonal","tag-proyectos","tag-spain","tag-urbanismo"],"share_on_mastodon":{"url":"https:\/\/pubeurope.com\/@es\/117197930987270962","error":""},"_links":{"self":[{"href":"https:\/\/www.europesays.com\/es\/wp-json\/wp\/v2\/posts\/742772","targetHints":{"allow":["GET"]}}],"collection":[{"href":"https:\/\/www.europesays.com\/es\/wp-json\/wp\/v2\/posts"}],"about":[{"href":"https:\/\/www.europesays.com\/es\/wp-json\/wp\/v2\/types\/post"}],"author":[{"embeddable":true,"href":"https:\/\/www.europesays.com\/es\/wp-json\/wp\/v2\/users\/2"}],"replies":[{"embeddable":true,"href":"https:\/\/www.europesays.com\/es\/wp-json\/wp\/v2\/comments?post=742772"}],"version-history":[{"count":0,"href":"https:\/\/www.europesays.com\/es\/wp-json\/wp\/v2\/posts\/742772\/revisions"}],"wp:featuredmedia":[{"embeddable":true,"href":"https:\/\/www.europesays.com\/es\/wp-json\/wp\/v2\/media\/742773"}],"wp:attachment":[{"href":"https:\/\/www.europesays.com\/es\/wp-json\/wp\/v2\/media?parent=742772"}],"wp:term":[{"taxonomy":"category","embeddable":true,"href":"https:\/\/www.europesays.com\/es\/wp-json\/wp\/v2\/categories?post=742772"},{"taxonomy":"post_tag","embeddable":true,"href":"https:\/\/www.europesays.com\/es\/wp-json\/wp\/v2\/tags?post=742772"}],"curies":[{"name":"wp","href":"https:\/\/api.w.org\/{rel}","templated":true}]}}